{"id":100622,"date":"2024-11-11T19:48:14","date_gmt":"2024-11-11T18:48:14","guid":{"rendered":"https:\/\/www.stuggi.tv\/?p=100622"},"modified":"2024-11-12T12:40:30","modified_gmt":"2024-11-12T11:40:30","slug":"stuggi-tv-trifft-die-stuttgarter-band-rikas","status":"publish","type":"post","link":"http:\/\/stuggitv.com\/?p=100622","title":{"rendered":"STUGGI.TV TRIFFT die Stuttgarter Band Rikas"},"content":{"rendered":"<p><strong>Sie sind\u00a0in Korntal aufgewachsen und haben schon in fr\u00fchen Jahren gemeinsam Musik gemacht. Seit 2016 starten sie gemeinsam mit dem Bandnamen &#8222;Rikas&#8220; durch und spielten sogar schon einige Shows in der USA. Im TRIFFT Interview haben sie uns vom Bandleben, ihren Inspirationen und ihrem neuen Album erz\u00e4hlt.<\/strong><!--more--><\/p>\n<h4>Fr\u00fche Jahre<\/h4>\n<p>Im Interview konnten wir mit Sasha und Ferdinand sprechen. Sie haben uns erz\u00e4hlt, wie es zu der Band kam. Die Jungs kennen sich schon teilweise seit dem Kindergartenalter, denn in dem kleinen Ort Korntal, welches n\u00f6rdlich von Stuttgart liegt, kennt sich fast jeder. Ferdinand, Chris und Sam hatten schon l\u00e4nger gemeinsam Musik gemacht, ohne Sasha. Irgendwann beschloss Sasha zu fragen, ob er bei der Band mitmachen kann. Daraus entstand die Band Rikas. Im Jahr 2019 erschien das erste offizielle gemeinsame Album &#8222;Showtime&#8220; welches von den Kritiken sehr gefeiert wurde. Doch dies macht den Jungs keinen Druck, sie machen weiterhin Musik die sie inspiriert und ihnen Spa\u00df macht.<\/p>\n<h4>Neues Album<\/h4>\n<p>&#8222;Soundtrack for a Movie, that has not been written yet&#8220;- so hei\u00dft das neue Album der Band, welches im Fr\u00fchjahr 2025 erscheint. Doch das Album ist schon fertig und die Fans k\u00f6nnen es bei den Konzerten schon als Vinyl kaufen und zuhause genie\u00dfen. Den fiktiven Film, f\u00fcr den das Album geschrieben worden ist, stellen sich die Mitglieder Sasha und Ferdinand als einen slow-paced Indie-Film vor. Dennoch betonen die Jungs im Interview, dass das Album nicht unbedingt langsam ist. Vielmehr w\u00fcrde es so einen Film ihrer Meinung nach musikalisch erg\u00e4nzen.<\/p>\n","protected":false},"excerpt":{"rendered":"<p>Sie sind\u00a0in Korntal aufgewachsen und haben schon in fr\u00fchen Jahren gemeinsam Musik gemacht. Seit 2016 starten sie gemeinsam mit dem Bandnamen &#8222;Rikas&#8220; durch und spielten sogar schon einige Shows in der USA. Im TRIFFT Interview haben sie uns vom Bandleben, [&hellip;]<\/p>\n","protected":false},"author":33425,"featured_media":100766,"comment_status":"closed","ping_status":"closed","sticky":false,"template":"","format":"standard","meta":{"footnotes":""},"categories":[5],"tags":[10743,11030,1456,11061,11059,11063,11071,11058,11068,10861,1794,11055,11070,1336,11066,11064,9810,11054,10233,11065,11053,6763,10632,2689,2407,10220,4508,11052,11057,11067,4633,11069,11056,2352,11062,10839,10682,11060,54,4510,5259,11072,5881,2692],"class_list":["post-100622","post","type-post","status-publish","format-standard","has-post-thumbnail","hentry","category-stuggi-tv-trifft","tag-album","tag-auftritt-im-wizemann","tag-band","tag-bandleben","tag-bandmitglieder","tag-bass","tag-cd","tag-chris","tag-chris-ronge","tag-druck","tag-fans","tag-ferdinand","tag-ferdinand-huebner","tag-film","tag-gesang","tag-gitarre","tag-indie","tag-indie-pop","tag-inspiration","tag-keyboard","tag-korntal","tag-korntal-muenchingen","tag-kritik","tag-kuenstler","tag-musik","tag-pop","tag-release","tag-rikas","tag-sam","tag-sam-baisch","tag-saenger","tag-sascha-scherer","tag-sasha","tag-schlagzeug","tag-showtime","tag-singer","tag-songwriter","tag-soundtrack","tag-stuttgart","tag-tour","tag-usa","tag-vinyl","tag-wagenhallen","tag-wizemann"],"read":true,"yoast_head":"<!-- This site is optimized with the Yoast SEO plugin v27.1.1 - https:\/\/yoast.com\/product\/yoast-seo-wordpress\/ -->\n<title>STUGGI.TV TRIFFT die Stuttgarter Band Rikas - STUGGI.TV<\/title>\n<meta name=\"robots\" content=\"index, follow, max-snippet:-1, max-image-preview:large, max-video-preview:-1\" \/>\n<link rel=\"canonical\" href=\"http:\/\/stuggitv.com\/?p=100622\" \/>\n<meta property=\"og:locale\" content=\"de_DE\" \/>\n<meta property=\"og:type\" content=\"article\" \/>\n<meta property=\"og:title\" content=\"STUGGI.TV TRIFFT die Stuttgarter Band Rikas - STUGGI.TV\" \/>\n<meta property=\"og:description\" content=\"Sie sind\u00a0in Korntal aufgewachsen und haben schon in fr\u00fchen Jahren gemeinsam Musik gemacht. Seit 2016 starten sie gemeinsam mit dem Bandnamen &#8222;Rikas&#8220; durch und spielten sogar schon einige Shows in der USA. Im TRIFFT Interview haben sie uns vom Bandleben, [&hellip;]\" \/>\n<meta property=\"og:url\" content=\"http:\/\/stuggitv.com\/?p=100622\" \/>\n<meta property=\"og:site_name\" content=\"STUGGI.TV\" \/>\n<meta property=\"article:publisher\" content=\"https:\/\/www.facebook.com\/stuggitv\" \/>\n<meta property=\"article:published_time\" content=\"2024-11-11T18:48:14+00:00\" \/>\n<meta property=\"article:modified_time\" content=\"2024-11-12T11:40:30+00:00\" \/>\n<meta property=\"og:image\" content=\"http:\/\/stuggitv.com\/wp-content\/uploads\/BB-2.jpg\" \/>\n\t<meta property=\"og:image:width\" content=\"1500\" \/>\n\t<meta property=\"og:image:height\" content=\"1000\" \/>\n\t<meta property=\"og:image:type\" content=\"image\/jpeg\" \/>\n<meta name=\"author\" content=\"Liliane Braun\" \/>\n<meta name=\"twitter:card\" content=\"summary_large_image\" \/>\n<meta name=\"twitter:creator\" content=\"@stuggitv\" \/>\n<meta name=\"twitter:site\" content=\"@stuggitv\" \/>\n<meta name=\"twitter:label1\" content=\"Verfasst von\" \/>\n\t<meta name=\"twitter:data1\" content=\"Liliane Braun\" \/>\n\t<meta name=\"twitter:label2\" content=\"Gesch\u00e4tzte Lesezeit\" \/>\n\t<meta name=\"twitter:data2\" content=\"1\u00a0Minute\" \/>\n<script type=\"application\/ld+json\" class=\"yoast-schema-graph\">{\"@context\":\"https:\/\/schema.org\",\"@graph\":[{\"@type\":\"Article\",\"@id\":\"http:\/\/stuggitv.com\/?p=100622#article\",\"isPartOf\":{\"@id\":\"http:\/\/stuggitv.com\/?p=100622\"},\"author\":{\"name\":\"Liliane Braun\",\"@id\":\"http:\/\/stuggitv.com\/#\/schema\/person\/9e357cd2a20c892f8b0afaccb185f556\"},\"headline\":\"STUGGI.TV TRIFFT die Stuttgarter Band Rikas\",\"datePublished\":\"2024-11-11T18:48:14+00:00\",\"dateModified\":\"2024-11-12T11:40:30+00:00\",\"mainEntityOfPage\":{\"@id\":\"http:\/\/stuggitv.com\/?p=100622\"},\"wordCount\":266,\"publisher\":{\"@id\":\"http:\/\/stuggitv.com\/#organization\"},\"image\":{\"@id\":\"http:\/\/stuggitv.com\/?p=100622#primaryimage\"},\"thumbnailUrl\":\"http:\/\/stuggitv.com\/wp-content\/uploads\/BB-2.jpg\",\"keywords\":[\"Album\",\"Auftritt im Wizemann\",\"Band\",\"Bandleben\",\"Bandmitglieder\",\"Bass\",\"CD\",\"Chris\",\"Chris Ronge\",\"Druck\",\"Fans\",\"Ferdinand\",\"Ferdinand H\u00fcbner\",\"Film\",\"Gesang\",\"Gitarre\",\"Indie\",\"Indie-Pop\",\"Inspiration\",\"Keyboard\",\"Korntal\",\"Korntal-M\u00fcnchingen\",\"Kritik\",\"K\u00fcnstler\",\"Musik\",\"Pop\",\"Release\",\"Rikas\",\"Sam\",\"Sam Baisch\",\"S\u00e4nger\",\"Sascha Scherer\",\"Sasha\",\"Schlagzeug\",\"Showtime\",\"Singer\",\"Songwriter\",\"Soundtrack\",\"Stuttgart\",\"Tour\",\"USA\",\"Vinyl\",\"Wagenhallen\",\"Wizemann\"],\"articleSection\":[\"TRIFFT...\"],\"inLanguage\":\"de\"},{\"@type\":\"WebPage\",\"@id\":\"http:\/\/stuggitv.com\/?p=100622\",\"url\":\"http:\/\/stuggitv.com\/?p=100622\",\"name\":\"STUGGI.TV TRIFFT die Stuttgarter Band Rikas - STUGGI.TV\",\"isPartOf\":{\"@id\":\"http:\/\/stuggitv.com\/#website\"},\"primaryImageOfPage\":{\"@id\":\"http:\/\/stuggitv.com\/?p=100622#primaryimage\"},\"image\":{\"@id\":\"http:\/\/stuggitv.com\/?p=100622#primaryimage\"},\"thumbnailUrl\":\"http:\/\/stuggitv.com\/wp-content\/uploads\/BB-2.jpg\",\"datePublished\":\"2024-11-11T18:48:14+00:00\",\"dateModified\":\"2024-11-12T11:40:30+00:00\",\"breadcrumb\":{\"@id\":\"http:\/\/stuggitv.com\/?p=100622#breadcrumb\"},\"inLanguage\":\"de\",\"potentialAction\":[{\"@type\":\"ReadAction\",\"target\":[\"http:\/\/stuggitv.com\/?p=100622\"]}]},{\"@type\":\"ImageObject\",\"inLanguage\":\"de\",\"@id\":\"http:\/\/stuggitv.com\/?p=100622#primaryimage\",\"url\":\"http:\/\/stuggitv.com\/wp-content\/uploads\/BB-2.jpg\",\"contentUrl\":\"http:\/\/stuggitv.com\/wp-content\/uploads\/BB-2.jpg\",\"width\":1500,\"height\":1000,\"caption\":\"STUGGI.TV TRIFFT Stuttgarter Band Rikas (Foto: STUGGI.TV)\"},{\"@type\":\"BreadcrumbList\",\"@id\":\"http:\/\/stuggitv.com\/?p=100622#breadcrumb\",\"itemListElement\":[{\"@type\":\"ListItem\",\"position\":1,\"name\":\"STUGGI.TV\",\"item\":\"http:\/\/stuggitv.com\/\"},{\"@type\":\"ListItem\",\"position\":2,\"name\":\"STUGGI.TV TRIFFT die Stuttgarter Band Rikas\"}]},{\"@type\":\"WebSite\",\"@id\":\"http:\/\/stuggitv.com\/#website\",\"url\":\"http:\/\/stuggitv.com\/\",\"name\":\"STUGGI.TV\",\"description\":\"Der Onlinesender f\u00fcr Stuttgart\",\"publisher\":{\"@id\":\"http:\/\/stuggitv.com\/#organization\"},\"potentialAction\":[{\"@type\":\"SearchAction\",\"target\":{\"@type\":\"EntryPoint\",\"urlTemplate\":\"http:\/\/stuggitv.com\/?s={search_term_string}\"},\"query-input\":{\"@type\":\"PropertyValueSpecification\",\"valueRequired\":true,\"valueName\":\"search_term_string\"}}],\"inLanguage\":\"de\"},{\"@type\":\"Organization\",\"@id\":\"http:\/\/stuggitv.com\/#organization\",\"name\":\"STUGGI.TV\",\"url\":\"http:\/\/stuggitv.com\/\",\"logo\":{\"@type\":\"ImageObject\",\"inLanguage\":\"de\",\"@id\":\"http:\/\/stuggitv.com\/#\/schema\/logo\/image\/\",\"url\":\"http:\/\/stuggitv.com\/wp-content\/uploads\/stuggitv_logo_rgb.jpg\",\"contentUrl\":\"http:\/\/stuggitv.com\/wp-content\/uploads\/stuggitv_logo_rgb.jpg\",\"width\":320,\"height\":78,\"caption\":\"STUGGI.TV\"},\"image\":{\"@id\":\"http:\/\/stuggitv.com\/#\/schema\/logo\/image\/\"},\"sameAs\":[\"https:\/\/www.facebook.com\/stuggitv\",\"https:\/\/x.com\/stuggitv\"]},{\"@type\":\"Person\",\"@id\":\"http:\/\/stuggitv.com\/#\/schema\/person\/9e357cd2a20c892f8b0afaccb185f556\",\"name\":\"Liliane Braun\",\"image\":{\"@type\":\"ImageObject\",\"inLanguage\":\"de\",\"@id\":\"http:\/\/stuggitv.com\/#\/schema\/person\/image\/\",\"url\":\"https:\/\/secure.gravatar.com\/avatar\/ac82b148c604a959d9a1be1691c2076c1106817a5623c48af1d5705f52c3f819?s=96&d=mm&r=g\",\"contentUrl\":\"https:\/\/secure.gravatar.com\/avatar\/ac82b148c604a959d9a1be1691c2076c1106817a5623c48af1d5705f52c3f819?s=96&d=mm&r=g\",\"caption\":\"Liliane Braun\"},\"description\":\"...weil es in Stuttgart immer wieder etwas Neues zu entdecken gibt.\",\"url\":\"http:\/\/stuggitv.com\/?author=33425\"}]}<\/script>\n<!-- \/ Yoast SEO plugin. -->","yoast_head_json":{"title":"STUGGI.TV TRIFFT die Stuttgarter Band Rikas - STUGGI.TV","robots":{"index":"index","follow":"follow","max-snippet":"max-snippet:-1","max-image-preview":"max-image-preview:large","max-video-preview":"max-video-preview:-1"},"canonical":"http:\/\/stuggitv.com\/?p=100622","og_locale":"de_DE","og_type":"article","og_title":"STUGGI.TV TRIFFT die Stuttgarter Band Rikas - STUGGI.TV","og_description":"Sie sind\u00a0in Korntal aufgewachsen und haben schon in fr\u00fchen Jahren gemeinsam Musik gemacht. Seit 2016 starten sie gemeinsam mit dem Bandnamen &#8222;Rikas&#8220; durch und spielten sogar schon einige Shows in der USA. Im TRIFFT Interview haben sie uns vom Bandleben, [&hellip;]","og_url":"http:\/\/stuggitv.com\/?p=100622","og_site_name":"STUGGI.TV","article_publisher":"https:\/\/www.facebook.com\/stuggitv","article_published_time":"2024-11-11T18:48:14+00:00","article_modified_time":"2024-11-12T11:40:30+00:00","og_image":[{"width":1500,"height":1000,"url":"http:\/\/stuggitv.com\/wp-content\/uploads\/BB-2.jpg","type":"image\/jpeg"}],"author":"Liliane Braun","twitter_card":"summary_large_image","twitter_creator":"@stuggitv","twitter_site":"@stuggitv","twitter_misc":{"Verfasst von":"Liliane Braun","Gesch\u00e4tzte Lesezeit":"1\u00a0Minute"},"schema":{"@context":"https:\/\/schema.org","@graph":[{"@type":"Article","@id":"http:\/\/stuggitv.com\/?p=100622#article","isPartOf":{"@id":"http:\/\/stuggitv.com\/?p=100622"},"author":{"name":"Liliane Braun","@id":"http:\/\/stuggitv.com\/#\/schema\/person\/9e357cd2a20c892f8b0afaccb185f556"},"headline":"STUGGI.TV TRIFFT die Stuttgarter Band Rikas","datePublished":"2024-11-11T18:48:14+00:00","dateModified":"2024-11-12T11:40:30+00:00","mainEntityOfPage":{"@id":"http:\/\/stuggitv.com\/?p=100622"},"wordCount":266,"publisher":{"@id":"http:\/\/stuggitv.com\/#organization"},"image":{"@id":"http:\/\/stuggitv.com\/?p=100622#primaryimage"},"thumbnailUrl":"http:\/\/stuggitv.com\/wp-content\/uploads\/BB-2.jpg","keywords":["Album","Auftritt im Wizemann","Band","Bandleben","Bandmitglieder","Bass","CD","Chris","Chris Ronge","Druck","Fans","Ferdinand","Ferdinand H\u00fcbner","Film","Gesang","Gitarre","Indie","Indie-Pop","Inspiration","Keyboard","Korntal","Korntal-M\u00fcnchingen","Kritik","K\u00fcnstler","Musik","Pop","Release","Rikas","Sam","Sam Baisch","S\u00e4nger","Sascha Scherer","Sasha","Schlagzeug","Showtime","Singer","Songwriter","Soundtrack","Stuttgart","Tour","USA","Vinyl","Wagenhallen","Wizemann"],"articleSection":["TRIFFT..."],"inLanguage":"de"},{"@type":"WebPage","@id":"http:\/\/stuggitv.com\/?p=100622","url":"http:\/\/stuggitv.com\/?p=100622","name":"STUGGI.TV TRIFFT die Stuttgarter Band Rikas - STUGGI.TV","isPartOf":{"@id":"http:\/\/stuggitv.com\/#website"},"primaryImageOfPage":{"@id":"http:\/\/stuggitv.com\/?p=100622#primaryimage"},"image":{"@id":"http:\/\/stuggitv.com\/?p=100622#primaryimage"},"thumbnailUrl":"http:\/\/stuggitv.com\/wp-content\/uploads\/BB-2.jpg","datePublished":"2024-11-11T18:48:14+00:00","dateModified":"2024-11-12T11:40:30+00:00","breadcrumb":{"@id":"http:\/\/stuggitv.com\/?p=100622#breadcrumb"},"inLanguage":"de","potentialAction":[{"@type":"ReadAction","target":["http:\/\/stuggitv.com\/?p=100622"]}]},{"@type":"ImageObject","inLanguage":"de","@id":"http:\/\/stuggitv.com\/?p=100622#primaryimage","url":"http:\/\/stuggitv.com\/wp-content\/uploads\/BB-2.jpg","contentUrl":"http:\/\/stuggitv.com\/wp-content\/uploads\/BB-2.jpg","width":1500,"height":1000,"caption":"STUGGI.TV TRIFFT Stuttgarter Band Rikas (Foto: STUGGI.TV)"},{"@type":"BreadcrumbList","@id":"http:\/\/stuggitv.com\/?p=100622#breadcrumb","itemListElement":[{"@type":"ListItem","position":1,"name":"STUGGI.TV","item":"http:\/\/stuggitv.com\/"},{"@type":"ListItem","position":2,"name":"STUGGI.TV TRIFFT die Stuttgarter Band Rikas"}]},{"@type":"WebSite","@id":"http:\/\/stuggitv.com\/#website","url":"http:\/\/stuggitv.com\/","name":"STUGGI.TV","description":"Der Onlinesender f\u00fcr Stuttgart","publisher":{"@id":"http:\/\/stuggitv.com\/#organization"},"potentialAction":[{"@type":"SearchAction","target":{"@type":"EntryPoint","urlTemplate":"http:\/\/stuggitv.com\/?s={search_term_string}"},"query-input":{"@type":"PropertyValueSpecification","valueRequired":true,"valueName":"search_term_string"}}],"inLanguage":"de"},{"@type":"Organization","@id":"http:\/\/stuggitv.com\/#organization","name":"STUGGI.TV","url":"http:\/\/stuggitv.com\/","logo":{"@type":"ImageObject","inLanguage":"de","@id":"http:\/\/stuggitv.com\/#\/schema\/logo\/image\/","url":"http:\/\/stuggitv.com\/wp-content\/uploads\/stuggitv_logo_rgb.jpg","contentUrl":"http:\/\/stuggitv.com\/wp-content\/uploads\/stuggitv_logo_rgb.jpg","width":320,"height":78,"caption":"STUGGI.TV"},"image":{"@id":"http:\/\/stuggitv.com\/#\/schema\/logo\/image\/"},"sameAs":["https:\/\/www.facebook.com\/stuggitv","https:\/\/x.com\/stuggitv"]},{"@type":"Person","@id":"http:\/\/stuggitv.com\/#\/schema\/person\/9e357cd2a20c892f8b0afaccb185f556","name":"Liliane Braun","image":{"@type":"ImageObject","inLanguage":"de","@id":"http:\/\/stuggitv.com\/#\/schema\/person\/image\/","url":"https:\/\/secure.gravatar.com\/avatar\/ac82b148c604a959d9a1be1691c2076c1106817a5623c48af1d5705f52c3f819?s=96&d=mm&r=g","contentUrl":"https:\/\/secure.gravatar.com\/avatar\/ac82b148c604a959d9a1be1691c2076c1106817a5623c48af1d5705f52c3f819?s=96&d=mm&r=g","caption":"Liliane Braun"},"description":"...weil es in Stuttgart immer wieder etwas Neues zu entdecken gibt.","url":"http:\/\/stuggitv.com\/?author=33425"}]}},"_links":{"self":[{"href":"http:\/\/stuggitv.com\/index.php?rest_route=\/wp\/v2\/posts\/100622","targetHints":{"allow":["GET"]}}],"collection":[{"href":"http:\/\/stuggitv.com\/index.php?rest_route=\/wp\/v2\/posts"}],"about":[{"href":"http:\/\/stuggitv.com\/index.php?rest_route=\/wp\/v2\/types\/post"}],"author":[{"embeddable":true,"href":"http:\/\/stuggitv.com\/index.php?rest_route=\/wp\/v2\/users\/33425"}],"replies":[{"embeddable":true,"href":"http:\/\/stuggitv.com\/index.php?rest_route=%2Fwp%2Fv2%2Fcomments&post=100622"}],"version-history":[{"count":6,"href":"http:\/\/stuggitv.com\/index.php?rest_route=\/wp\/v2\/posts\/100622\/revisions"}],"predecessor-version":[{"id":100775,"href":"http:\/\/stuggitv.com\/index.php?rest_route=\/wp\/v2\/posts\/100622\/revisions\/100775"}],"wp:featuredmedia":[{"embeddable":true,"href":"http:\/\/stuggitv.com\/index.php?rest_route=\/wp\/v2\/media\/100766"}],"wp:attachment":[{"href":"http:\/\/stuggitv.com\/index.php?rest_route=%2Fwp%2Fv2%2Fmedia&parent=100622"}],"wp:term":[{"taxonomy":"category","embeddable":true,"href":"http:\/\/stuggitv.com\/index.php?rest_route=%2Fwp%2Fv2%2Fcategories&post=100622"},{"taxonomy":"post_tag","embeddable":true,"href":"http:\/\/stuggitv.com\/index.php?rest_route=%2Fwp%2Fv2%2Ftags&post=100622"}],"curies":[{"name":"wp","href":"https:\/\/api.w.org\/{rel}","templated":true}]}}