{"id":102728,"date":"2025-06-04T10:00:31","date_gmt":"2025-06-04T08:00:31","guid":{"rendered":"https:\/\/www.stuggi.tv\/?p=102728"},"modified":"2025-06-10T17:43:11","modified_gmt":"2025-06-10T15:43:11","slug":"jakob-springfeld-ost-west-verstaendnis","status":"publish","type":"post","link":"http:\/\/stuggitv.com\/?p=102728","title":{"rendered":"Jakob Springfeld: Ost-West-Verst\u00e4ndnis"},"content":{"rendered":"<p><strong>Jakob Springfeld \u2013 Autor, Aktivist und Student \u2013 war bei uns zu Gast. Im STUGGI-TV Trifft-Interview spricht er dar\u00fcber, was junge Menschen aus seinen B\u00fcchern mitnehmen k\u00f6nnen und warum der Westen den Osten endlich besser verstehen sollte.<\/strong><br \/>\n<!--more--><\/p>\n<h4>Haltung zeigen<\/h4>\n<p data-start=\"186\" data-end=\"590\">Aufgewachsen im s\u00e4chsischen Zwickau, engagiert <a href=\"https:\/\/www.instagram.com\/jakob_springfeld\/\" target=\"_blank\" rel=\"noopener\">Jakob Springfeld<\/a> sich seit Jahren gegen Rechtsextremismus, f\u00fcr Antifaschismus und eine lebendige Zivilgesellschaft im Osten. Trotz massiver Anfeindungen macht er sichtbar, was viele lieber verdr\u00e4ngen: die Normalisierung rechter Strukturen und das Wegschauen staatlicher Institutionen.<\/p>\n<h4 data-start=\"186\" data-end=\"590\">Zwischen Sachsen und Systemkritik<\/h4>\n<p data-start=\"186\" data-end=\"590\">In seinem Buch <em data-start=\"609\" data-end=\"624\">\u201eUnter Nazis\u201c<\/em> beschreibt er eindr\u00fccklich den Alltag eines jungen Linken in Sachsen \u2013 zwischen Mut, Angst und Widerstand. Sein Buch <em data-start=\"732\" data-end=\"786\">\u201eDer Westen hat keine Ahnung, was im Osten passiert\u201c<\/em> ist eine schonungslose Analyse \u00fcber gesamtdeutsche Missverst\u00e4ndnisse \u2013 und ein Aufruf, Demokratie nicht nur regional zu denken.<\/p>\n<h4>Wahrnehmung des Ostens<\/h4>\n<p>In unserem Gespr\u00e4ch mit Jakob Springfeld haben wir \u00fcber die westdeutsche Wahrnehmung des Ostens, \u00fcber Vorurteile und mediale Verantwortung gesprochen. Dabei ging es auch um Unterschiede im politischen Verst\u00e4ndnis zwischen Ost und West, Parallelen zu Regionen in Baden-W\u00fcrttemberg sowie pers\u00f6nliche Erfahrungen mit Anfeindungen. Au\u00dferdem wollten wir wissen, warum gerade junge Menschen seine B\u00fccher lesen sollten.<\/p>\n","protected":false},"excerpt":{"rendered":"<p>Jakob Springfeld \u2013 Autor, Aktivist und Student \u2013 war bei uns zu Gast. Im STUGGI-TV Trifft-Interview spricht er dar\u00fcber, was junge Menschen aus seinen B\u00fcchern mitnehmen k\u00f6nnen und warum der Westen den Osten endlich besser verstehen sollte.<\/p>\n","protected":false},"author":21184,"featured_media":0,"comment_status":"closed","ping_status":"closed","sticky":false,"template":"","format":"standard","meta":{"footnotes":""},"categories":[5],"tags":[12172,12174,11664,12171,8838,9464,266,12166,12175,12170,10798,12167,12173,8286,2670,3251,3250,12176,12169,12168,11998],"class_list":["post-102728","post","type-post","status-publish","format-standard","hentry","category-stuggi-tv-trifft","tag-aktivist","tag-anfeindung","tag-antifaschismus","tag-autor","tag-demokratie","tag-gespraech","tag-interview","tag-jakob-springfeld","tag-mediale-verantwortung","tag-ost-west-verstaendnis","tag-ostdeutschland","tag-osten","tag-politisches-verstaendnis","tag-rechtsextremismus","tag-student","tag-stuggi-tv-trifft","tag-trifft","tag-westdeutsche-wahrnehmung","tag-westdeutschland","tag-westen","tag-widerstand"],"read":true,"yoast_head":"<!-- This site is optimized with the Yoast SEO plugin v27.1.1 - https:\/\/yoast.com\/product\/yoast-seo-wordpress\/ -->\n<title>Jakob Springfeld: Ost-West-Verst\u00e4ndnis - STUGGI.TV<\/title>\n<meta name=\"description\" content=\"Im Interview mit STUGGI.TV erkl\u00e4rt Jakob Springfeld, Autor und Aktivist aus Ostdeutschland, warum gerade junge Menschen den Osten besser verstehen sollten und welche Botschaften seine B\u00fccher vermitteln.\" \/>\n<meta name=\"robots\" content=\"index, follow, max-snippet:-1, max-image-preview:large, max-video-preview:-1\" \/>\n<link rel=\"canonical\" href=\"http:\/\/stuggitv.com\/?p=102728\" \/>\n<meta property=\"og:locale\" content=\"de_DE\" \/>\n<meta property=\"og:type\" content=\"article\" \/>\n<meta property=\"og:title\" content=\"Jakob Springfeld: Ost-West-Verst\u00e4ndnis - STUGGI.TV\" \/>\n<meta property=\"og:description\" content=\"Im Interview mit STUGGI.TV erkl\u00e4rt Jakob Springfeld, Autor und Aktivist aus Ostdeutschland, warum gerade junge Menschen den Osten besser verstehen sollten und welche Botschaften seine B\u00fccher vermitteln.\" \/>\n<meta property=\"og:url\" content=\"http:\/\/stuggitv.com\/?p=102728\" \/>\n<meta property=\"og:site_name\" content=\"STUGGI.TV\" \/>\n<meta property=\"article:publisher\" content=\"https:\/\/www.facebook.com\/stuggitv\" \/>\n<meta property=\"article:published_time\" content=\"2025-06-04T08:00:31+00:00\" \/>\n<meta property=\"article:modified_time\" content=\"2025-06-10T15:43:11+00:00\" \/>\n<meta property=\"og:image\" content=\"http:\/\/stuggitv.com\/wp-content\/uploads\/BB-2-2.jpg\" \/>\n\t<meta property=\"og:image:width\" content=\"1500\" \/>\n\t<meta property=\"og:image:height\" content=\"1000\" \/>\n\t<meta property=\"og:image:type\" content=\"image\/jpeg\" \/>\n<meta name=\"author\" content=\"Die Redaktion\" \/>\n<meta name=\"twitter:card\" content=\"summary_large_image\" \/>\n<meta name=\"twitter:creator\" content=\"@stuggitv\" \/>\n<meta name=\"twitter:site\" content=\"@stuggitv\" \/>\n<meta name=\"twitter:label1\" content=\"Verfasst von\" \/>\n\t<meta name=\"twitter:data1\" content=\"Die Redaktion\" \/>\n\t<meta name=\"twitter:label2\" content=\"Gesch\u00e4tzte Lesezeit\" \/>\n\t<meta name=\"twitter:data2\" content=\"1\u00a0Minute\" \/>\n<script type=\"application\/ld+json\" class=\"yoast-schema-graph\">{\"@context\":\"https:\/\/schema.org\",\"@graph\":[{\"@type\":\"Article\",\"@id\":\"http:\/\/stuggitv.com\/?p=102728#article\",\"isPartOf\":{\"@id\":\"http:\/\/stuggitv.com\/?p=102728\"},\"author\":{\"name\":\"Die Redaktion\",\"@id\":\"http:\/\/stuggitv.com\/#\/schema\/person\/ccfe4ad9e2f1da7cfa695a3707e7a6dd\"},\"headline\":\"Jakob Springfeld: Ost-West-Verst\u00e4ndnis\",\"datePublished\":\"2025-06-04T08:00:31+00:00\",\"dateModified\":\"2025-06-10T15:43:11+00:00\",\"mainEntityOfPage\":{\"@id\":\"http:\/\/stuggitv.com\/?p=102728\"},\"wordCount\":203,\"publisher\":{\"@id\":\"http:\/\/stuggitv.com\/#organization\"},\"keywords\":[\"Aktivist\",\"Anfeindung\",\"Antifaschismus\",\"Autor\",\"Demokratie\",\"Gespr\u00e4ch\",\"Interview\",\"Jakob Springfeld\",\"Mediale Verantwortung\",\"Ost-West-Verst\u00e4ndnis\",\"Ostdeutschland\",\"Osten\",\"politisches Verst\u00e4ndnis\",\"Rechtsextremismus\",\"Student\",\"Stuggi.tv Trifft\",\"Trifft\",\"Westdeutsche Wahrnehmung\",\"Westdeutschland\",\"Westen\",\"Widerstand\"],\"articleSection\":[\"TRIFFT...\"],\"inLanguage\":\"de\"},{\"@type\":\"WebPage\",\"@id\":\"http:\/\/stuggitv.com\/?p=102728\",\"url\":\"http:\/\/stuggitv.com\/?p=102728\",\"name\":\"Jakob Springfeld: Ost-West-Verst\u00e4ndnis - STUGGI.TV\",\"isPartOf\":{\"@id\":\"http:\/\/stuggitv.com\/#website\"},\"datePublished\":\"2025-06-04T08:00:31+00:00\",\"dateModified\":\"2025-06-10T15:43:11+00:00\",\"description\":\"Im Interview mit STUGGI.TV erkl\u00e4rt Jakob Springfeld, Autor und Aktivist aus Ostdeutschland, warum gerade junge Menschen den Osten besser verstehen sollten und welche Botschaften seine B\u00fccher vermitteln.\",\"breadcrumb\":{\"@id\":\"http:\/\/stuggitv.com\/?p=102728#breadcrumb\"},\"inLanguage\":\"de\",\"potentialAction\":[{\"@type\":\"ReadAction\",\"target\":[\"http:\/\/stuggitv.com\/?p=102728\"]}]},{\"@type\":\"BreadcrumbList\",\"@id\":\"http:\/\/stuggitv.com\/?p=102728#breadcrumb\",\"itemListElement\":[{\"@type\":\"ListItem\",\"position\":1,\"name\":\"STUGGI.TV\",\"item\":\"http:\/\/stuggitv.com\/\"},{\"@type\":\"ListItem\",\"position\":2,\"name\":\"Jakob Springfeld: Ost-West-Verst\u00e4ndnis\"}]},{\"@type\":\"WebSite\",\"@id\":\"http:\/\/stuggitv.com\/#website\",\"url\":\"http:\/\/stuggitv.com\/\",\"name\":\"STUGGI.TV\",\"description\":\"Der Onlinesender f\u00fcr Stuttgart\",\"publisher\":{\"@id\":\"http:\/\/stuggitv.com\/#organization\"},\"potentialAction\":[{\"@type\":\"SearchAction\",\"target\":{\"@type\":\"EntryPoint\",\"urlTemplate\":\"http:\/\/stuggitv.com\/?s={search_term_string}\"},\"query-input\":{\"@type\":\"PropertyValueSpecification\",\"valueRequired\":true,\"valueName\":\"search_term_string\"}}],\"inLanguage\":\"de\"},{\"@type\":\"Organization\",\"@id\":\"http:\/\/stuggitv.com\/#organization\",\"name\":\"STUGGI.TV\",\"url\":\"http:\/\/stuggitv.com\/\",\"logo\":{\"@type\":\"ImageObject\",\"inLanguage\":\"de\",\"@id\":\"http:\/\/stuggitv.com\/#\/schema\/logo\/image\/\",\"url\":\"http:\/\/stuggitv.com\/wp-content\/uploads\/stuggitv_logo_rgb.jpg\",\"contentUrl\":\"http:\/\/stuggitv.com\/wp-content\/uploads\/stuggitv_logo_rgb.jpg\",\"width\":320,\"height\":78,\"caption\":\"STUGGI.TV\"},\"image\":{\"@id\":\"http:\/\/stuggitv.com\/#\/schema\/logo\/image\/\"},\"sameAs\":[\"https:\/\/www.facebook.com\/stuggitv\",\"https:\/\/x.com\/stuggitv\"]},{\"@type\":\"Person\",\"@id\":\"http:\/\/stuggitv.com\/#\/schema\/person\/ccfe4ad9e2f1da7cfa695a3707e7a6dd\",\"name\":\"Die Redaktion\",\"image\":{\"@type\":\"ImageObject\",\"inLanguage\":\"de\",\"@id\":\"http:\/\/stuggitv.com\/#\/schema\/person\/image\/\",\"url\":\"https:\/\/secure.gravatar.com\/avatar\/9561eb11281b79b3c0ec405fc218049f03a3f20cad887ec1c65eb55079db83d2?s=96&d=mm&r=g\",\"contentUrl\":\"https:\/\/secure.gravatar.com\/avatar\/9561eb11281b79b3c0ec405fc218049f03a3f20cad887ec1c65eb55079db83d2?s=96&d=mm&r=g\",\"caption\":\"Die Redaktion\"},\"description\":\"Hier schreiben unterschiedliche Mitglieder aus der Redaktion von STUGGI.TV.\",\"url\":\"http:\/\/stuggitv.com\/?author=21184\"}]}<\/script>\n<!-- \/ Yoast SEO plugin. -->","yoast_head_json":{"title":"Jakob Springfeld: Ost-West-Verst\u00e4ndnis - STUGGI.TV","description":"Im Interview mit STUGGI.TV erkl\u00e4rt Jakob Springfeld, Autor und Aktivist aus Ostdeutschland, warum gerade junge Menschen den Osten besser verstehen sollten und welche Botschaften seine B\u00fccher vermitteln.","robots":{"index":"index","follow":"follow","max-snippet":"max-snippet:-1","max-image-preview":"max-image-preview:large","max-video-preview":"max-video-preview:-1"},"canonical":"http:\/\/stuggitv.com\/?p=102728","og_locale":"de_DE","og_type":"article","og_title":"Jakob Springfeld: Ost-West-Verst\u00e4ndnis - STUGGI.TV","og_description":"Im Interview mit STUGGI.TV erkl\u00e4rt Jakob Springfeld, Autor und Aktivist aus Ostdeutschland, warum gerade junge Menschen den Osten besser verstehen sollten und welche Botschaften seine B\u00fccher vermitteln.","og_url":"http:\/\/stuggitv.com\/?p=102728","og_site_name":"STUGGI.TV","article_publisher":"https:\/\/www.facebook.com\/stuggitv","article_published_time":"2025-06-04T08:00:31+00:00","article_modified_time":"2025-06-10T15:43:11+00:00","og_image":[{"width":1500,"height":1000,"url":"http:\/\/stuggitv.com\/wp-content\/uploads\/BB-2-2.jpg","type":"image\/jpeg"}],"author":"Die Redaktion","twitter_card":"summary_large_image","twitter_creator":"@stuggitv","twitter_site":"@stuggitv","twitter_misc":{"Verfasst von":"Die Redaktion","Gesch\u00e4tzte Lesezeit":"1\u00a0Minute"},"schema":{"@context":"https:\/\/schema.org","@graph":[{"@type":"Article","@id":"http:\/\/stuggitv.com\/?p=102728#article","isPartOf":{"@id":"http:\/\/stuggitv.com\/?p=102728"},"author":{"name":"Die Redaktion","@id":"http:\/\/stuggitv.com\/#\/schema\/person\/ccfe4ad9e2f1da7cfa695a3707e7a6dd"},"headline":"Jakob Springfeld: Ost-West-Verst\u00e4ndnis","datePublished":"2025-06-04T08:00:31+00:00","dateModified":"2025-06-10T15:43:11+00:00","mainEntityOfPage":{"@id":"http:\/\/stuggitv.com\/?p=102728"},"wordCount":203,"publisher":{"@id":"http:\/\/stuggitv.com\/#organization"},"keywords":["Aktivist","Anfeindung","Antifaschismus","Autor","Demokratie","Gespr\u00e4ch","Interview","Jakob Springfeld","Mediale Verantwortung","Ost-West-Verst\u00e4ndnis","Ostdeutschland","Osten","politisches Verst\u00e4ndnis","Rechtsextremismus","Student","Stuggi.tv Trifft","Trifft","Westdeutsche Wahrnehmung","Westdeutschland","Westen","Widerstand"],"articleSection":["TRIFFT..."],"inLanguage":"de"},{"@type":"WebPage","@id":"http:\/\/stuggitv.com\/?p=102728","url":"http:\/\/stuggitv.com\/?p=102728","name":"Jakob Springfeld: Ost-West-Verst\u00e4ndnis - STUGGI.TV","isPartOf":{"@id":"http:\/\/stuggitv.com\/#website"},"datePublished":"2025-06-04T08:00:31+00:00","dateModified":"2025-06-10T15:43:11+00:00","description":"Im Interview mit STUGGI.TV erkl\u00e4rt Jakob Springfeld, Autor und Aktivist aus Ostdeutschland, warum gerade junge Menschen den Osten besser verstehen sollten und welche Botschaften seine B\u00fccher vermitteln.","breadcrumb":{"@id":"http:\/\/stuggitv.com\/?p=102728#breadcrumb"},"inLanguage":"de","potentialAction":[{"@type":"ReadAction","target":["http:\/\/stuggitv.com\/?p=102728"]}]},{"@type":"BreadcrumbList","@id":"http:\/\/stuggitv.com\/?p=102728#breadcrumb","itemListElement":[{"@type":"ListItem","position":1,"name":"STUGGI.TV","item":"http:\/\/stuggitv.com\/"},{"@type":"ListItem","position":2,"name":"Jakob Springfeld: Ost-West-Verst\u00e4ndnis"}]},{"@type":"WebSite","@id":"http:\/\/stuggitv.com\/#website","url":"http:\/\/stuggitv.com\/","name":"STUGGI.TV","description":"Der Onlinesender f\u00fcr Stuttgart","publisher":{"@id":"http:\/\/stuggitv.com\/#organization"},"potentialAction":[{"@type":"SearchAction","target":{"@type":"EntryPoint","urlTemplate":"http:\/\/stuggitv.com\/?s={search_term_string}"},"query-input":{"@type":"PropertyValueSpecification","valueRequired":true,"valueName":"search_term_string"}}],"inLanguage":"de"},{"@type":"Organization","@id":"http:\/\/stuggitv.com\/#organization","name":"STUGGI.TV","url":"http:\/\/stuggitv.com\/","logo":{"@type":"ImageObject","inLanguage":"de","@id":"http:\/\/stuggitv.com\/#\/schema\/logo\/image\/","url":"http:\/\/stuggitv.com\/wp-content\/uploads\/stuggitv_logo_rgb.jpg","contentUrl":"http:\/\/stuggitv.com\/wp-content\/uploads\/stuggitv_logo_rgb.jpg","width":320,"height":78,"caption":"STUGGI.TV"},"image":{"@id":"http:\/\/stuggitv.com\/#\/schema\/logo\/image\/"},"sameAs":["https:\/\/www.facebook.com\/stuggitv","https:\/\/x.com\/stuggitv"]},{"@type":"Person","@id":"http:\/\/stuggitv.com\/#\/schema\/person\/ccfe4ad9e2f1da7cfa695a3707e7a6dd","name":"Die Redaktion","image":{"@type":"ImageObject","inLanguage":"de","@id":"http:\/\/stuggitv.com\/#\/schema\/person\/image\/","url":"https:\/\/secure.gravatar.com\/avatar\/9561eb11281b79b3c0ec405fc218049f03a3f20cad887ec1c65eb55079db83d2?s=96&d=mm&r=g","contentUrl":"https:\/\/secure.gravatar.com\/avatar\/9561eb11281b79b3c0ec405fc218049f03a3f20cad887ec1c65eb55079db83d2?s=96&d=mm&r=g","caption":"Die Redaktion"},"description":"Hier schreiben unterschiedliche Mitglieder aus der Redaktion von STUGGI.TV.","url":"http:\/\/stuggitv.com\/?author=21184"}]}},"_links":{"self":[{"href":"http:\/\/stuggitv.com\/index.php?rest_route=\/wp\/v2\/posts\/102728","targetHints":{"allow":["GET"]}}],"collection":[{"href":"http:\/\/stuggitv.com\/index.php?rest_route=\/wp\/v2\/posts"}],"about":[{"href":"http:\/\/stuggitv.com\/index.php?rest_route=\/wp\/v2\/types\/post"}],"author":[{"embeddable":true,"href":"http:\/\/stuggitv.com\/index.php?rest_route=\/wp\/v2\/users\/21184"}],"replies":[{"embeddable":true,"href":"http:\/\/stuggitv.com\/index.php?rest_route=%2Fwp%2Fv2%2Fcomments&post=102728"}],"version-history":[{"count":14,"href":"http:\/\/stuggitv.com\/index.php?rest_route=\/wp\/v2\/posts\/102728\/revisions"}],"predecessor-version":[{"id":102772,"href":"http:\/\/stuggitv.com\/index.php?rest_route=\/wp\/v2\/posts\/102728\/revisions\/102772"}],"wp:attachment":[{"href":"http:\/\/stuggitv.com\/index.php?rest_route=%2Fwp%2Fv2%2Fmedia&parent=102728"}],"wp:term":[{"taxonomy":"category","embeddable":true,"href":"http:\/\/stuggitv.com\/index.php?rest_route=%2Fwp%2Fv2%2Fcategories&post=102728"},{"taxonomy":"post_tag","embeddable":true,"href":"http:\/\/stuggitv.com\/index.php?rest_route=%2Fwp%2Fv2%2Ftags&post=102728"}],"curies":[{"name":"wp","href":"https:\/\/api.w.org\/{rel}","templated":true}]}}