{"id":104484,"date":"2026-03-04T09:52:35","date_gmt":"2026-03-04T08:52:35","guid":{"rendered":"https:\/\/www.stuggi.tv\/?p=104484"},"modified":"2026-03-04T09:52:35","modified_gmt":"2026-03-04T08:52:35","slug":"pov-weltfrauentag-trifft-auf-wahlsonntag","status":"publish","type":"post","link":"http:\/\/stuggitv.com\/?p=104484","title":{"rendered":"POV: Weltfrauentag trifft auf Wahlsonntag"},"content":{"rendered":"<p><strong>Am selben Tag, an dem weltweit f\u00fcr Gleichberechtigung demonstriert wird, entscheidet Baden-W\u00fcrttemberg \u00fcber einen neuen Landtag. Ein guter Moment f\u00fcr eine Bestandsaufnahme: Wie steht es eigentlich um die Frauen im Parlament?<\/strong><!--more--><\/p>\n<h4><b>100 Jahre Frauenwahlrecht und was jetzt?<\/b><\/h4>\n<p><span style=\"font-weight: 400;\">Seit \u00fcber 100 Jahren d\u00fcrfen Frauen in Deutschland w\u00e4hlen, seit 77 Jahren ist die Gleichberechtigung im Grundgesetz verankert und trotzdem sind Frauen in Parlamenten bis heute unterrepr\u00e4sentiert. W\u00fcrde die Politik den Bev\u00f6lkerungsanteil widerspiegeln, m\u00fcssten rund 50 Prozent der Abgeordneten weiblich sein. Davon ist Deutschland noch weit entfernt. In den Landesparlamenten lag der Frauenanteil lange extrem niedrig. Erst ab Mitte der 1980er-Jahre \u00fcberschritt er \u00fcberhaupt die Zehn-Prozent-Marke. Bis 2004 pendelte sich der Schnitt in den L\u00e4ndern bei etwa 30 Prozent ein. Parit\u00e4t? Fehlanzeige.<\/span><\/p>\n<h4><b>Ein Blick auf Baden-W\u00fcrttemberg<br \/>\n<\/b><\/h4>\n<p><span style=\"font-weight: 400;\">Der Landtag von Baden-W\u00fcrttemberg galt viele Jahre als Schlusslicht beim Frauenanteil. Aktuell sitzen dort 154 Abgeordnete, davon 50 Frauen (32,5 Prozent). Damit liegt Baden-W\u00fcrttemberg inzwischen im Mittelfeld. An der Spitze des Parlaments steht mit Muhterem Aras eine Frau, eine Ministerpr\u00e4sidentin gab es im S\u00fcdwesten jedoch noch nie. Immerhin: Das aktuelle gr\u00fcn-schwarze Kabinett ist mit sechs Ministerinnen und sechs Ministern parit\u00e4tisch besetzt, also gleichm\u00e4\u00dfig zwischen Frauen und M\u00e4nnern. Auch bei den Staatssekret\u00e4r:innen liegt der Frauenanteil bei 43 Prozent.<br \/>\n<\/span><\/p>\n<h4><b>\u00c4nderung des Wahlsystems = mehr Frauen im Landtag?<\/b><\/h4>\n<p><span style=\"font-weight: 400;\">2022 wurde das Wahlsystem in Baden-W\u00fcrttemberg reformiert. Bisher hatte jede:r W\u00e4hler:in nur eine Stimme f\u00fcr eine:n Direktkandidat:in. Ab der Landtagswahl 2026 gibt es zwei Stimmen \u2013 \u00e4hnlich wie bei der Bundestagswahl: Erststimme f\u00fcr eine:n Direktkandidat:in, Zweitstimme f\u00fcr eine Partei bzw. deren Landesliste.<\/span><span style=\"font-weight: 400;\"><br \/>\n<\/span><span style=\"font-weight: 400;\">Die Hoffnung: \u00dcber die Listenpl\u00e4tze k\u00f6nnen die Parteien gezielter f\u00fcr mehr Ausgewogenheit sorgen. Zum Beispiel durch abwechselnde Besetzung mit Frauen und M\u00e4nnern. Eine gesetzliche Pflicht zur Parit\u00e4t gibt es zwar nicht, Bef\u00fcrworter:innen der neuen Regelung <\/span><span style=\"font-weight: 400;\">hoffen jedoch, dass dadurch mehr Vielfalt im Landtag sichtbar wird.<\/span><\/p>\n<h4><b>Bewerber:innenlage f\u00fcr die Landtagswahl 2026<\/b><\/h4>\n<p><span style=\"font-weight: 400;\">Von insgesamt 1.184 Kandidierenden sind rund 37\u202fProzent Frauen (plus 1 diverse Person). Den h\u00f6chsten Frauenanteil haben Linke, Gr\u00fcne und CDU \u2013 die AfD liegt deutlich hinten.<\/span><\/p>\n<h4><b>Am Wahltag mitentscheiden<\/b><\/h4>\n<p><span style=\"font-weight: 400;\">Weltfrauentag und Landtagswahl am selben Tag, symbolischer geht es kaum. Beim Thema politische Repr\u00e4sentation von Frauen ist noch viel Luft nach oben. Wie ausgewogen der neue Landtag am Ende wirklich sein wird, liegt auch in den H\u00e4nden der W\u00e4hler:innen. Ein guter Grund also, am Sonntag aktiv seine Stimme abzugeben und mitzubestimmen.<\/span><\/p>\n<h4>VIDEO: Gr\u00fcne vs. Linke im STUGGITV-Duell<\/h4>\n<p><iframe loading=\"lazy\" title=\"Gr\u00fcne vs. Linke: Das STUGGI.TV-Duell mit Muhterem Aras und Mersedeh Ghazaei |\u00a0STUGGI.TV\" width=\"500\" height=\"281\" src=\"https:\/\/www.youtube.com\/embed\/C8aa0IDHxIc?feature=oembed\" frameborder=\"0\" allow=\"accelerometer; autoplay; clipboard-write; encrypted-media; gyroscope; picture-in-picture; web-share\" referrerpolicy=\"strict-origin-when-cross-origin\" allowfullscreen><\/iframe><\/p>\n<p><em>Das Video wird nicht angezeigt? Dann <a href=\"https:\/\/youtu.be\/C8aa0IDHxIc\" target=\"_blank\" rel=\"noopener\">hier<\/a> klicken\u00a0<\/em><\/p>\n","protected":false},"excerpt":{"rendered":"<p>Am selben Tag, an dem weltweit f\u00fcr Gleichberechtigung demonstriert wird, entscheidet Baden-W\u00fcrttemberg \u00fcber einen neuen Landtag. Ein guter Moment f\u00fcr eine Bestandsaufnahme: Wie steht es eigentlich um die Frauen im Parlament?<\/p>\n","protected":false},"author":39053,"featured_media":0,"comment_status":"closed","ping_status":"closed","sticky":false,"template":"","format":"standard","meta":{"footnotes":""},"categories":[21],"tags":[2980,13290,109,5460,13287,8661,9569,13016,2976,13034,13289,13291,9028,9568,1479,13200,2356,54,9020,9766,9824,9574,13288,3722],"class_list":["post-104484","post","type-post","status-publish","format-standard","hentry","category-news","tag-abgeordnete","tag-ausgewogenheit","tag-baden-wuerttemberg","tag-frauen","tag-frauenanteil","tag-gleichberechtigung","tag-kandidaten","tag-landespolitik","tag-landtag","tag-landtagswahl-2026","tag-listenplaetze","tag-paritaet","tag-parlament","tag-parteien","tag-politik","tag-repraesentation","tag-stimmen","tag-stuttgart","tag-waehlen","tag-wahlrecht","tag-wahlsonntag","tag-wahlsystem","tag-wahltag","tag-weltfrauentag"],"read":true,"yoast_head":"<!-- This site is optimized with the Yoast SEO plugin v27.1.1 - https:\/\/yoast.com\/product\/yoast-seo-wordpress\/ -->\n<title>POV: Weltfrauentag trifft auf Wahlsonntag - STUGGI.TV<\/title>\n<meta name=\"robots\" content=\"index, follow, max-snippet:-1, max-image-preview:large, max-video-preview:-1\" \/>\n<link rel=\"canonical\" href=\"http:\/\/stuggitv.com\/?p=104484\" \/>\n<meta property=\"og:locale\" content=\"de_DE\" \/>\n<meta property=\"og:type\" content=\"article\" \/>\n<meta property=\"og:title\" content=\"POV: Weltfrauentag trifft auf Wahlsonntag - STUGGI.TV\" \/>\n<meta property=\"og:description\" content=\"Am selben Tag, an dem weltweit f\u00fcr Gleichberechtigung demonstriert wird, entscheidet Baden-W\u00fcrttemberg \u00fcber einen neuen Landtag. Ein guter Moment f\u00fcr eine Bestandsaufnahme: Wie steht es eigentlich um die Frauen im Parlament?\" \/>\n<meta property=\"og:url\" content=\"http:\/\/stuggitv.com\/?p=104484\" \/>\n<meta property=\"og:site_name\" content=\"STUGGI.TV\" \/>\n<meta property=\"article:publisher\" content=\"https:\/\/www.facebook.com\/stuggitv\" \/>\n<meta property=\"article:published_time\" content=\"2026-03-04T08:52:35+00:00\" \/>\n<meta property=\"og:image\" content=\"http:\/\/stuggitv.com\/wp-content\/uploads\/BB_LTWFrauen_FotoSTUGGITV.jpg\" \/>\n\t<meta property=\"og:image:width\" content=\"1500\" \/>\n\t<meta property=\"og:image:height\" content=\"1000\" \/>\n\t<meta property=\"og:image:type\" content=\"image\/jpeg\" \/>\n<meta name=\"author\" content=\"Anna-Marie Hefler\" \/>\n<meta name=\"twitter:card\" content=\"summary_large_image\" \/>\n<meta name=\"twitter:creator\" content=\"@stuggitv\" \/>\n<meta name=\"twitter:site\" content=\"@stuggitv\" \/>\n<meta name=\"twitter:label1\" content=\"Verfasst von\" \/>\n\t<meta name=\"twitter:data1\" content=\"Anna-Marie Hefler\" \/>\n\t<meta name=\"twitter:label2\" content=\"Gesch\u00e4tzte Lesezeit\" \/>\n\t<meta name=\"twitter:data2\" content=\"2\u00a0Minuten\" \/>\n<script type=\"application\/ld+json\" class=\"yoast-schema-graph\">{\"@context\":\"https:\/\/schema.org\",\"@graph\":[{\"@type\":\"Article\",\"@id\":\"http:\/\/stuggitv.com\/?p=104484#article\",\"isPartOf\":{\"@id\":\"http:\/\/stuggitv.com\/?p=104484\"},\"author\":{\"name\":\"Anna-Marie Hefler\",\"@id\":\"http:\/\/stuggitv.com\/#\/schema\/person\/9ed030727b5a9591ee01971899606aa6\"},\"headline\":\"POV: Weltfrauentag trifft auf Wahlsonntag\",\"datePublished\":\"2026-03-04T08:52:35+00:00\",\"mainEntityOfPage\":{\"@id\":\"http:\/\/stuggitv.com\/?p=104484\"},\"wordCount\":436,\"publisher\":{\"@id\":\"http:\/\/stuggitv.com\/#organization\"},\"keywords\":[\"Abgeordnete\",\"Ausgewogenheit\",\"Baden-W\u00fcrttemberg\",\"Frauen\",\"Frauenanteil\",\"Gleichberechtigung\",\"Kandidaten\",\"Landespolitik\",\"Landtag\",\"Landtagswahl 2026\",\"Listenpl\u00e4tze\",\"Parit\u00e4t\",\"Parlament\",\"Parteien\",\"Politik\",\"Repr\u00e4sentation\",\"Stimmen\",\"Stuttgart\",\"W\u00e4hlen\",\"Wahlrecht\",\"Wahlsonntag\",\"Wahlsystem\",\"Wahltag\",\"Weltfrauentag\"],\"articleSection\":[\"NEWS\"],\"inLanguage\":\"de\"},{\"@type\":\"WebPage\",\"@id\":\"http:\/\/stuggitv.com\/?p=104484\",\"url\":\"http:\/\/stuggitv.com\/?p=104484\",\"name\":\"POV: Weltfrauentag trifft auf Wahlsonntag - STUGGI.TV\",\"isPartOf\":{\"@id\":\"http:\/\/stuggitv.com\/#website\"},\"datePublished\":\"2026-03-04T08:52:35+00:00\",\"breadcrumb\":{\"@id\":\"http:\/\/stuggitv.com\/?p=104484#breadcrumb\"},\"inLanguage\":\"de\",\"potentialAction\":[{\"@type\":\"ReadAction\",\"target\":[\"http:\/\/stuggitv.com\/?p=104484\"]}]},{\"@type\":\"BreadcrumbList\",\"@id\":\"http:\/\/stuggitv.com\/?p=104484#breadcrumb\",\"itemListElement\":[{\"@type\":\"ListItem\",\"position\":1,\"name\":\"STUGGI.TV\",\"item\":\"http:\/\/stuggitv.com\/\"},{\"@type\":\"ListItem\",\"position\":2,\"name\":\"POV: Weltfrauentag trifft auf Wahlsonntag\"}]},{\"@type\":\"WebSite\",\"@id\":\"http:\/\/stuggitv.com\/#website\",\"url\":\"http:\/\/stuggitv.com\/\",\"name\":\"STUGGI.TV\",\"description\":\"Der Onlinesender f\u00fcr Stuttgart\",\"publisher\":{\"@id\":\"http:\/\/stuggitv.com\/#organization\"},\"potentialAction\":[{\"@type\":\"SearchAction\",\"target\":{\"@type\":\"EntryPoint\",\"urlTemplate\":\"http:\/\/stuggitv.com\/?s={search_term_string}\"},\"query-input\":{\"@type\":\"PropertyValueSpecification\",\"valueRequired\":true,\"valueName\":\"search_term_string\"}}],\"inLanguage\":\"de\"},{\"@type\":\"Organization\",\"@id\":\"http:\/\/stuggitv.com\/#organization\",\"name\":\"STUGGI.TV\",\"url\":\"http:\/\/stuggitv.com\/\",\"logo\":{\"@type\":\"ImageObject\",\"inLanguage\":\"de\",\"@id\":\"http:\/\/stuggitv.com\/#\/schema\/logo\/image\/\",\"url\":\"http:\/\/stuggitv.com\/wp-content\/uploads\/stuggitv_logo_rgb.jpg\",\"contentUrl\":\"http:\/\/stuggitv.com\/wp-content\/uploads\/stuggitv_logo_rgb.jpg\",\"width\":320,\"height\":78,\"caption\":\"STUGGI.TV\"},\"image\":{\"@id\":\"http:\/\/stuggitv.com\/#\/schema\/logo\/image\/\"},\"sameAs\":[\"https:\/\/www.facebook.com\/stuggitv\",\"https:\/\/x.com\/stuggitv\"]},{\"@type\":\"Person\",\"@id\":\"http:\/\/stuggitv.com\/#\/schema\/person\/9ed030727b5a9591ee01971899606aa6\",\"name\":\"Anna-Marie Hefler\",\"image\":{\"@type\":\"ImageObject\",\"inLanguage\":\"de\",\"@id\":\"http:\/\/stuggitv.com\/#\/schema\/person\/image\/\",\"url\":\"https:\/\/secure.gravatar.com\/avatar\/01a83b2dd7ca7c93ed30bf6b39c36764a4cd693aa0997bc2f676b19489fce6ae?s=96&d=mm&r=g\",\"contentUrl\":\"https:\/\/secure.gravatar.com\/avatar\/01a83b2dd7ca7c93ed30bf6b39c36764a4cd693aa0997bc2f676b19489fce6ae?s=96&d=mm&r=g\",\"caption\":\"Anna-Marie Hefler\"},\"url\":\"http:\/\/stuggitv.com\/?author=39053\"}]}<\/script>\n<!-- \/ Yoast SEO plugin. -->","yoast_head_json":{"title":"POV: Weltfrauentag trifft auf Wahlsonntag - STUGGI.TV","robots":{"index":"index","follow":"follow","max-snippet":"max-snippet:-1","max-image-preview":"max-image-preview:large","max-video-preview":"max-video-preview:-1"},"canonical":"http:\/\/stuggitv.com\/?p=104484","og_locale":"de_DE","og_type":"article","og_title":"POV: Weltfrauentag trifft auf Wahlsonntag - STUGGI.TV","og_description":"Am selben Tag, an dem weltweit f\u00fcr Gleichberechtigung demonstriert wird, entscheidet Baden-W\u00fcrttemberg \u00fcber einen neuen Landtag. Ein guter Moment f\u00fcr eine Bestandsaufnahme: Wie steht es eigentlich um die Frauen im Parlament?","og_url":"http:\/\/stuggitv.com\/?p=104484","og_site_name":"STUGGI.TV","article_publisher":"https:\/\/www.facebook.com\/stuggitv","article_published_time":"2026-03-04T08:52:35+00:00","og_image":[{"width":1500,"height":1000,"url":"http:\/\/stuggitv.com\/wp-content\/uploads\/BB_LTWFrauen_FotoSTUGGITV.jpg","type":"image\/jpeg"}],"author":"Anna-Marie Hefler","twitter_card":"summary_large_image","twitter_creator":"@stuggitv","twitter_site":"@stuggitv","twitter_misc":{"Verfasst von":"Anna-Marie Hefler","Gesch\u00e4tzte Lesezeit":"2\u00a0Minuten"},"schema":{"@context":"https:\/\/schema.org","@graph":[{"@type":"Article","@id":"http:\/\/stuggitv.com\/?p=104484#article","isPartOf":{"@id":"http:\/\/stuggitv.com\/?p=104484"},"author":{"name":"Anna-Marie Hefler","@id":"http:\/\/stuggitv.com\/#\/schema\/person\/9ed030727b5a9591ee01971899606aa6"},"headline":"POV: Weltfrauentag trifft auf Wahlsonntag","datePublished":"2026-03-04T08:52:35+00:00","mainEntityOfPage":{"@id":"http:\/\/stuggitv.com\/?p=104484"},"wordCount":436,"publisher":{"@id":"http:\/\/stuggitv.com\/#organization"},"keywords":["Abgeordnete","Ausgewogenheit","Baden-W\u00fcrttemberg","Frauen","Frauenanteil","Gleichberechtigung","Kandidaten","Landespolitik","Landtag","Landtagswahl 2026","Listenpl\u00e4tze","Parit\u00e4t","Parlament","Parteien","Politik","Repr\u00e4sentation","Stimmen","Stuttgart","W\u00e4hlen","Wahlrecht","Wahlsonntag","Wahlsystem","Wahltag","Weltfrauentag"],"articleSection":["NEWS"],"inLanguage":"de"},{"@type":"WebPage","@id":"http:\/\/stuggitv.com\/?p=104484","url":"http:\/\/stuggitv.com\/?p=104484","name":"POV: Weltfrauentag trifft auf Wahlsonntag - STUGGI.TV","isPartOf":{"@id":"http:\/\/stuggitv.com\/#website"},"datePublished":"2026-03-04T08:52:35+00:00","breadcrumb":{"@id":"http:\/\/stuggitv.com\/?p=104484#breadcrumb"},"inLanguage":"de","potentialAction":[{"@type":"ReadAction","target":["http:\/\/stuggitv.com\/?p=104484"]}]},{"@type":"BreadcrumbList","@id":"http:\/\/stuggitv.com\/?p=104484#breadcrumb","itemListElement":[{"@type":"ListItem","position":1,"name":"STUGGI.TV","item":"http:\/\/stuggitv.com\/"},{"@type":"ListItem","position":2,"name":"POV: Weltfrauentag trifft auf Wahlsonntag"}]},{"@type":"WebSite","@id":"http:\/\/stuggitv.com\/#website","url":"http:\/\/stuggitv.com\/","name":"STUGGI.TV","description":"Der Onlinesender f\u00fcr Stuttgart","publisher":{"@id":"http:\/\/stuggitv.com\/#organization"},"potentialAction":[{"@type":"SearchAction","target":{"@type":"EntryPoint","urlTemplate":"http:\/\/stuggitv.com\/?s={search_term_string}"},"query-input":{"@type":"PropertyValueSpecification","valueRequired":true,"valueName":"search_term_string"}}],"inLanguage":"de"},{"@type":"Organization","@id":"http:\/\/stuggitv.com\/#organization","name":"STUGGI.TV","url":"http:\/\/stuggitv.com\/","logo":{"@type":"ImageObject","inLanguage":"de","@id":"http:\/\/stuggitv.com\/#\/schema\/logo\/image\/","url":"http:\/\/stuggitv.com\/wp-content\/uploads\/stuggitv_logo_rgb.jpg","contentUrl":"http:\/\/stuggitv.com\/wp-content\/uploads\/stuggitv_logo_rgb.jpg","width":320,"height":78,"caption":"STUGGI.TV"},"image":{"@id":"http:\/\/stuggitv.com\/#\/schema\/logo\/image\/"},"sameAs":["https:\/\/www.facebook.com\/stuggitv","https:\/\/x.com\/stuggitv"]},{"@type":"Person","@id":"http:\/\/stuggitv.com\/#\/schema\/person\/9ed030727b5a9591ee01971899606aa6","name":"Anna-Marie Hefler","image":{"@type":"ImageObject","inLanguage":"de","@id":"http:\/\/stuggitv.com\/#\/schema\/person\/image\/","url":"https:\/\/secure.gravatar.com\/avatar\/01a83b2dd7ca7c93ed30bf6b39c36764a4cd693aa0997bc2f676b19489fce6ae?s=96&d=mm&r=g","contentUrl":"https:\/\/secure.gravatar.com\/avatar\/01a83b2dd7ca7c93ed30bf6b39c36764a4cd693aa0997bc2f676b19489fce6ae?s=96&d=mm&r=g","caption":"Anna-Marie Hefler"},"url":"http:\/\/stuggitv.com\/?author=39053"}]}},"_links":{"self":[{"href":"http:\/\/stuggitv.com\/index.php?rest_route=\/wp\/v2\/posts\/104484","targetHints":{"allow":["GET"]}}],"collection":[{"href":"http:\/\/stuggitv.com\/index.php?rest_route=\/wp\/v2\/posts"}],"about":[{"href":"http:\/\/stuggitv.com\/index.php?rest_route=\/wp\/v2\/types\/post"}],"author":[{"embeddable":true,"href":"http:\/\/stuggitv.com\/index.php?rest_route=\/wp\/v2\/users\/39053"}],"replies":[{"embeddable":true,"href":"http:\/\/stuggitv.com\/index.php?rest_route=%2Fwp%2Fv2%2Fcomments&post=104484"}],"version-history":[{"count":5,"href":"http:\/\/stuggitv.com\/index.php?rest_route=\/wp\/v2\/posts\/104484\/revisions"}],"predecessor-version":[{"id":104491,"href":"http:\/\/stuggitv.com\/index.php?rest_route=\/wp\/v2\/posts\/104484\/revisions\/104491"}],"wp:attachment":[{"href":"http:\/\/stuggitv.com\/index.php?rest_route=%2Fwp%2Fv2%2Fmedia&parent=104484"}],"wp:term":[{"taxonomy":"category","embeddable":true,"href":"http:\/\/stuggitv.com\/index.php?rest_route=%2Fwp%2Fv2%2Fcategories&post=104484"},{"taxonomy":"post_tag","embeddable":true,"href":"http:\/\/stuggitv.com\/index.php?rest_route=%2Fwp%2Fv2%2Ftags&post=104484"}],"curies":[{"name":"wp","href":"https:\/\/api.w.org\/{rel}","templated":true}]}}