{"id":10761,"date":"2014-06-07T15:13:00","date_gmt":"2014-06-07T13:13:00","guid":{"rendered":"http:\/\/www.stuggi.tv\/?p=10761"},"modified":"2014-06-07T15:13:00","modified_gmt":"2014-06-07T13:13:00","slug":"anna-f-im-interview","status":"publish","type":"post","link":"http:\/\/stuggitv.com\/?p=10761","title":{"rendered":"Anna F.: &quot;Die sch\u00f6nste Tour war mit James Blunt&quot;"},"content":{"rendered":"<p><strong>Die aus \u00d6sterreich stammende S\u00e4ngerin Anna F. ist nun bald auf Festivaltour in Deutschland und \u00d6sterreich unterwegs. Dabei stellt sie ihr neues\u00a0Album &#8222;King in the Mirror&#8220; vor. F\u00fcr ihr voriges Album &#8222;For real&#8220; wurde sie mit der goldenen Schallplatte ausgezeichnet und auch mit ihrer neuen Single &#8222;DNA&#8220; erzielte sie Erfolge\u00a0und schaffte es in die italienischen Top 20. Moderator Sebastian Braun hat Anna F. in Stuttgart zum Interview getroffen.<\/strong><!--more--><br \/>\nWas die Fans auf ihrem aktuellen Album &#8222;King in the Mirror&#8220; erwarten d\u00fcrfen, welcher Ort sie bisher am Meisten \u00fcberw\u00e4ltigt hat und was man in Zukunft von Anna F. noch erwarten darf, erfahrt ihr im Interview.<br \/>\n<a href=\"http:\/\/www.annaf.com\/\">Die Festivaltourdaten gibt es hier.<\/a><\/p>\n","protected":false},"excerpt":{"rendered":"<p>Die aus \u00d6sterreich stammende S\u00e4ngerin Anna F. ist nun bald auf Festivaltour in Deutschland und \u00d6sterreich unterwegs. Dabei stellt sie ihr neues\u00a0Album &#8222;King in the Mirror&#8220; vor. F\u00fcr ihr voriges Album &#8222;For real&#8220; wurde sie mit der goldenen Schallplatte ausgezeichnet [&hellip;]<\/p>\n","protected":false},"author":12,"featured_media":10763,"comment_status":"closed","ping_status":"closed","sticky":false,"template":"","format":"standard","meta":{"footnotes":""},"categories":[5],"tags":[],"class_list":["post-10761","post","type-post","status-publish","format-standard","has-post-thumbnail","hentry","category-stuggi-tv-trifft"],"read":true,"yoast_head":"<!-- This site is optimized with the Yoast SEO plugin v27.1.1 - https:\/\/yoast.com\/product\/yoast-seo-wordpress\/ -->\n<title>Anna F.: &quot;Die sch\u00f6nste Tour war mit James Blunt&quot; - STUGGI.TV<\/title>\n<meta name=\"description\" content=\"Anna F. war im M\u00e4rz als Vorband mit James Blunt auf Tour. Im Interview mit STUGGI.TV erz\u00e4hlt sie mehr davon und \u00fcber ihr neues Album &quot;King in the Mirror&quot;.\" \/>\n<meta name=\"robots\" content=\"index, follow, max-snippet:-1, max-image-preview:large, max-video-preview:-1\" \/>\n<link rel=\"canonical\" href=\"http:\/\/stuggitv.com\/?p=10761\" \/>\n<meta property=\"og:locale\" content=\"de_DE\" \/>\n<meta property=\"og:type\" content=\"article\" \/>\n<meta property=\"og:title\" content=\"Anna F.: &quot;Die sch\u00f6nste Tour war mit James Blunt&quot; - STUGGI.TV\" \/>\n<meta property=\"og:description\" content=\"Anna F. war im M\u00e4rz 2014 mit S\u00e4nger James Blunt auf Tour. Im Interview mit STUGGI.TV erz\u00e4hlt sie mehr davon.\" \/>\n<meta property=\"og:url\" content=\"http:\/\/stuggitv.com\/?p=10761\" \/>\n<meta property=\"og:site_name\" content=\"STUGGI.TV\" \/>\n<meta property=\"article:publisher\" content=\"https:\/\/www.facebook.com\/stuggitv\" \/>\n<meta property=\"article:published_time\" content=\"2014-06-07T13:13:00+00:00\" \/>\n<meta property=\"og:image\" content=\"http:\/\/stuggitv.com\/wp-content\/uploads\/2014\/04\/130828_stuggi_logo_rgb_direkt.jpg\" \/>\n\t<meta property=\"og:image:width\" content=\"4223\" \/>\n\t<meta property=\"og:image:height\" content=\"1024\" \/>\n\t<meta property=\"og:image:type\" content=\"image\/jpeg\" \/>\n<meta name=\"author\" content=\"Sebastian Braun\" \/>\n<meta name=\"twitter:card\" content=\"summary_large_image\" \/>\n<meta name=\"twitter:creator\" content=\"@stuggitv\" \/>\n<meta name=\"twitter:site\" content=\"@stuggitv\" \/>\n<meta name=\"twitter:label1\" content=\"Verfasst von\" \/>\n\t<meta name=\"twitter:data1\" content=\"Sebastian Braun\" \/>\n\t<meta name=\"twitter:label2\" content=\"Gesch\u00e4tzte Lesezeit\" \/>\n\t<meta name=\"twitter:data2\" content=\"1\u00a0Minute\" \/>\n<script type=\"application\/ld+json\" class=\"yoast-schema-graph\">{\"@context\":\"https:\/\/schema.org\",\"@graph\":[{\"@type\":\"Article\",\"@id\":\"http:\/\/stuggitv.com\/?p=10761#article\",\"isPartOf\":{\"@id\":\"http:\/\/stuggitv.com\/?p=10761\"},\"author\":{\"name\":\"Sebastian Braun\",\"@id\":\"http:\/\/stuggitv.com\/#\/schema\/person\/7bb970b1f0de857cfedb50527ba7ab61\"},\"headline\":\"Anna F.: &quot;Die sch\u00f6nste Tour war mit James Blunt&quot;\",\"datePublished\":\"2014-06-07T13:13:00+00:00\",\"mainEntityOfPage\":{\"@id\":\"http:\/\/stuggitv.com\/?p=10761\"},\"wordCount\":126,\"publisher\":{\"@id\":\"http:\/\/stuggitv.com\/#organization\"},\"image\":{\"@id\":\"http:\/\/stuggitv.com\/?p=10761#primaryimage\"},\"thumbnailUrl\":\"http:\/\/stuggitv.com\/wp-content\/uploads\/2014\/05\/AnnaF_ab.jpg\",\"articleSection\":[\"TRIFFT...\"],\"inLanguage\":\"de\"},{\"@type\":\"WebPage\",\"@id\":\"http:\/\/stuggitv.com\/?p=10761\",\"url\":\"http:\/\/stuggitv.com\/?p=10761\",\"name\":\"Anna F.: &quot;Die sch\u00f6nste Tour war mit James Blunt&quot; - STUGGI.TV\",\"isPartOf\":{\"@id\":\"http:\/\/stuggitv.com\/#website\"},\"primaryImageOfPage\":{\"@id\":\"http:\/\/stuggitv.com\/?p=10761#primaryimage\"},\"image\":{\"@id\":\"http:\/\/stuggitv.com\/?p=10761#primaryimage\"},\"thumbnailUrl\":\"http:\/\/stuggitv.com\/wp-content\/uploads\/2014\/05\/AnnaF_ab.jpg\",\"datePublished\":\"2014-06-07T13:13:00+00:00\",\"description\":\"Anna F. war im M\u00e4rz als Vorband mit James Blunt auf Tour. Im Interview mit STUGGI.TV erz\u00e4hlt sie mehr davon und \u00fcber ihr neues Album \\\"King in the Mirror\\\".\",\"breadcrumb\":{\"@id\":\"http:\/\/stuggitv.com\/?p=10761#breadcrumb\"},\"inLanguage\":\"de\",\"potentialAction\":[{\"@type\":\"ReadAction\",\"target\":[\"http:\/\/stuggitv.com\/?p=10761\"]}]},{\"@type\":\"ImageObject\",\"inLanguage\":\"de\",\"@id\":\"http:\/\/stuggitv.com\/?p=10761#primaryimage\",\"url\":\"http:\/\/stuggitv.com\/wp-content\/uploads\/2014\/05\/AnnaF_ab.jpg\",\"contentUrl\":\"http:\/\/stuggitv.com\/wp-content\/uploads\/2014\/05\/AnnaF_ab.jpg\",\"width\":310,\"height\":205},{\"@type\":\"BreadcrumbList\",\"@id\":\"http:\/\/stuggitv.com\/?p=10761#breadcrumb\",\"itemListElement\":[{\"@type\":\"ListItem\",\"position\":1,\"name\":\"STUGGI.TV\",\"item\":\"http:\/\/stuggitv.com\/\"},{\"@type\":\"ListItem\",\"position\":2,\"name\":\"Anna F.: &quot;Die sch\u00f6nste Tour war mit James Blunt&quot;\"}]},{\"@type\":\"WebSite\",\"@id\":\"http:\/\/stuggitv.com\/#website\",\"url\":\"http:\/\/stuggitv.com\/\",\"name\":\"STUGGI.TV\",\"description\":\"Der Onlinesender f\u00fcr Stuttgart\",\"publisher\":{\"@id\":\"http:\/\/stuggitv.com\/#organization\"},\"potentialAction\":[{\"@type\":\"SearchAction\",\"target\":{\"@type\":\"EntryPoint\",\"urlTemplate\":\"http:\/\/stuggitv.com\/?s={search_term_string}\"},\"query-input\":{\"@type\":\"PropertyValueSpecification\",\"valueRequired\":true,\"valueName\":\"search_term_string\"}}],\"inLanguage\":\"de\"},{\"@type\":\"Organization\",\"@id\":\"http:\/\/stuggitv.com\/#organization\",\"name\":\"STUGGI.TV\",\"url\":\"http:\/\/stuggitv.com\/\",\"logo\":{\"@type\":\"ImageObject\",\"inLanguage\":\"de\",\"@id\":\"http:\/\/stuggitv.com\/#\/schema\/logo\/image\/\",\"url\":\"http:\/\/stuggitv.com\/wp-content\/uploads\/stuggitv_logo_rgb.jpg\",\"contentUrl\":\"http:\/\/stuggitv.com\/wp-content\/uploads\/stuggitv_logo_rgb.jpg\",\"width\":320,\"height\":78,\"caption\":\"STUGGI.TV\"},\"image\":{\"@id\":\"http:\/\/stuggitv.com\/#\/schema\/logo\/image\/\"},\"sameAs\":[\"https:\/\/www.facebook.com\/stuggitv\",\"https:\/\/x.com\/stuggitv\"]},{\"@type\":\"Person\",\"@id\":\"http:\/\/stuggitv.com\/#\/schema\/person\/7bb970b1f0de857cfedb50527ba7ab61\",\"name\":\"Sebastian Braun\",\"image\":{\"@type\":\"ImageObject\",\"inLanguage\":\"de\",\"@id\":\"http:\/\/stuggitv.com\/#\/schema\/person\/image\/\",\"url\":\"https:\/\/secure.gravatar.com\/avatar\/2138f419173223c2ad53db72c6a50cf064c037a61fd6d72cfdc84642b2d97746?s=96&d=mm&r=g\",\"contentUrl\":\"https:\/\/secure.gravatar.com\/avatar\/2138f419173223c2ad53db72c6a50cf064c037a61fd6d72cfdc84642b2d97746?s=96&d=mm&r=g\",\"caption\":\"Sebastian Braun\"},\"description\":\"...weil Stuttgart vieles zu bieten hat und mehr ist als eine Autostadt.\",\"url\":\"http:\/\/stuggitv.com\/?author=12\"}]}<\/script>\n<!-- \/ Yoast SEO plugin. -->","yoast_head_json":{"title":"Anna F.: &quot;Die sch\u00f6nste Tour war mit James Blunt&quot; - STUGGI.TV","description":"Anna F. war im M\u00e4rz als Vorband mit James Blunt auf Tour. Im Interview mit STUGGI.TV erz\u00e4hlt sie mehr davon und \u00fcber ihr neues Album \"King in the Mirror\".","robots":{"index":"index","follow":"follow","max-snippet":"max-snippet:-1","max-image-preview":"max-image-preview:large","max-video-preview":"max-video-preview:-1"},"canonical":"http:\/\/stuggitv.com\/?p=10761","og_locale":"de_DE","og_type":"article","og_title":"Anna F.: &quot;Die sch\u00f6nste Tour war mit James Blunt&quot; - STUGGI.TV","og_description":"Anna F. war im M\u00e4rz 2014 mit S\u00e4nger James Blunt auf Tour. Im Interview mit STUGGI.TV erz\u00e4hlt sie mehr davon.","og_url":"http:\/\/stuggitv.com\/?p=10761","og_site_name":"STUGGI.TV","article_publisher":"https:\/\/www.facebook.com\/stuggitv","article_published_time":"2014-06-07T13:13:00+00:00","og_image":[{"width":4223,"height":1024,"url":"http:\/\/stuggitv.com\/wp-content\/uploads\/2014\/04\/130828_stuggi_logo_rgb_direkt.jpg","type":"image\/jpeg"}],"author":"Sebastian Braun","twitter_card":"summary_large_image","twitter_creator":"@stuggitv","twitter_site":"@stuggitv","twitter_misc":{"Verfasst von":"Sebastian Braun","Gesch\u00e4tzte Lesezeit":"1\u00a0Minute"},"schema":{"@context":"https:\/\/schema.org","@graph":[{"@type":"Article","@id":"http:\/\/stuggitv.com\/?p=10761#article","isPartOf":{"@id":"http:\/\/stuggitv.com\/?p=10761"},"author":{"name":"Sebastian Braun","@id":"http:\/\/stuggitv.com\/#\/schema\/person\/7bb970b1f0de857cfedb50527ba7ab61"},"headline":"Anna F.: &quot;Die sch\u00f6nste Tour war mit James Blunt&quot;","datePublished":"2014-06-07T13:13:00+00:00","mainEntityOfPage":{"@id":"http:\/\/stuggitv.com\/?p=10761"},"wordCount":126,"publisher":{"@id":"http:\/\/stuggitv.com\/#organization"},"image":{"@id":"http:\/\/stuggitv.com\/?p=10761#primaryimage"},"thumbnailUrl":"http:\/\/stuggitv.com\/wp-content\/uploads\/2014\/05\/AnnaF_ab.jpg","articleSection":["TRIFFT..."],"inLanguage":"de"},{"@type":"WebPage","@id":"http:\/\/stuggitv.com\/?p=10761","url":"http:\/\/stuggitv.com\/?p=10761","name":"Anna F.: &quot;Die sch\u00f6nste Tour war mit James Blunt&quot; - STUGGI.TV","isPartOf":{"@id":"http:\/\/stuggitv.com\/#website"},"primaryImageOfPage":{"@id":"http:\/\/stuggitv.com\/?p=10761#primaryimage"},"image":{"@id":"http:\/\/stuggitv.com\/?p=10761#primaryimage"},"thumbnailUrl":"http:\/\/stuggitv.com\/wp-content\/uploads\/2014\/05\/AnnaF_ab.jpg","datePublished":"2014-06-07T13:13:00+00:00","description":"Anna F. war im M\u00e4rz als Vorband mit James Blunt auf Tour. Im Interview mit STUGGI.TV erz\u00e4hlt sie mehr davon und \u00fcber ihr neues Album \"King in the Mirror\".","breadcrumb":{"@id":"http:\/\/stuggitv.com\/?p=10761#breadcrumb"},"inLanguage":"de","potentialAction":[{"@type":"ReadAction","target":["http:\/\/stuggitv.com\/?p=10761"]}]},{"@type":"ImageObject","inLanguage":"de","@id":"http:\/\/stuggitv.com\/?p=10761#primaryimage","url":"http:\/\/stuggitv.com\/wp-content\/uploads\/2014\/05\/AnnaF_ab.jpg","contentUrl":"http:\/\/stuggitv.com\/wp-content\/uploads\/2014\/05\/AnnaF_ab.jpg","width":310,"height":205},{"@type":"BreadcrumbList","@id":"http:\/\/stuggitv.com\/?p=10761#breadcrumb","itemListElement":[{"@type":"ListItem","position":1,"name":"STUGGI.TV","item":"http:\/\/stuggitv.com\/"},{"@type":"ListItem","position":2,"name":"Anna F.: &quot;Die sch\u00f6nste Tour war mit James Blunt&quot;"}]},{"@type":"WebSite","@id":"http:\/\/stuggitv.com\/#website","url":"http:\/\/stuggitv.com\/","name":"STUGGI.TV","description":"Der Onlinesender f\u00fcr Stuttgart","publisher":{"@id":"http:\/\/stuggitv.com\/#organization"},"potentialAction":[{"@type":"SearchAction","target":{"@type":"EntryPoint","urlTemplate":"http:\/\/stuggitv.com\/?s={search_term_string}"},"query-input":{"@type":"PropertyValueSpecification","valueRequired":true,"valueName":"search_term_string"}}],"inLanguage":"de"},{"@type":"Organization","@id":"http:\/\/stuggitv.com\/#organization","name":"STUGGI.TV","url":"http:\/\/stuggitv.com\/","logo":{"@type":"ImageObject","inLanguage":"de","@id":"http:\/\/stuggitv.com\/#\/schema\/logo\/image\/","url":"http:\/\/stuggitv.com\/wp-content\/uploads\/stuggitv_logo_rgb.jpg","contentUrl":"http:\/\/stuggitv.com\/wp-content\/uploads\/stuggitv_logo_rgb.jpg","width":320,"height":78,"caption":"STUGGI.TV"},"image":{"@id":"http:\/\/stuggitv.com\/#\/schema\/logo\/image\/"},"sameAs":["https:\/\/www.facebook.com\/stuggitv","https:\/\/x.com\/stuggitv"]},{"@type":"Person","@id":"http:\/\/stuggitv.com\/#\/schema\/person\/7bb970b1f0de857cfedb50527ba7ab61","name":"Sebastian Braun","image":{"@type":"ImageObject","inLanguage":"de","@id":"http:\/\/stuggitv.com\/#\/schema\/person\/image\/","url":"https:\/\/secure.gravatar.com\/avatar\/2138f419173223c2ad53db72c6a50cf064c037a61fd6d72cfdc84642b2d97746?s=96&d=mm&r=g","contentUrl":"https:\/\/secure.gravatar.com\/avatar\/2138f419173223c2ad53db72c6a50cf064c037a61fd6d72cfdc84642b2d97746?s=96&d=mm&r=g","caption":"Sebastian Braun"},"description":"...weil Stuttgart vieles zu bieten hat und mehr ist als eine Autostadt.","url":"http:\/\/stuggitv.com\/?author=12"}]}},"_links":{"self":[{"href":"http:\/\/stuggitv.com\/index.php?rest_route=\/wp\/v2\/posts\/10761","targetHints":{"allow":["GET"]}}],"collection":[{"href":"http:\/\/stuggitv.com\/index.php?rest_route=\/wp\/v2\/posts"}],"about":[{"href":"http:\/\/stuggitv.com\/index.php?rest_route=\/wp\/v2\/types\/post"}],"author":[{"embeddable":true,"href":"http:\/\/stuggitv.com\/index.php?rest_route=\/wp\/v2\/users\/12"}],"replies":[{"embeddable":true,"href":"http:\/\/stuggitv.com\/index.php?rest_route=%2Fwp%2Fv2%2Fcomments&post=10761"}],"version-history":[{"count":0,"href":"http:\/\/stuggitv.com\/index.php?rest_route=\/wp\/v2\/posts\/10761\/revisions"}],"wp:featuredmedia":[{"embeddable":true,"href":"http:\/\/stuggitv.com\/index.php?rest_route=\/wp\/v2\/media\/10763"}],"wp:attachment":[{"href":"http:\/\/stuggitv.com\/index.php?rest_route=%2Fwp%2Fv2%2Fmedia&parent=10761"}],"wp:term":[{"taxonomy":"category","embeddable":true,"href":"http:\/\/stuggitv.com\/index.php?rest_route=%2Fwp%2Fv2%2Fcategories&post=10761"},{"taxonomy":"post_tag","embeddable":true,"href":"http:\/\/stuggitv.com\/index.php?rest_route=%2Fwp%2Fv2%2Ftags&post=10761"}],"curies":[{"name":"wp","href":"https:\/\/api.w.org\/{rel}","templated":true}]}}