{"id":15422,"date":"2015-04-06T19:33:48","date_gmt":"2015-04-06T17:33:48","guid":{"rendered":"http:\/\/www.stuggi.tv\/?p=15422"},"modified":"2015-04-06T19:33:48","modified_gmt":"2015-04-06T17:33:48","slug":"wie-sieht-stuttgart-den-vegan-trend","status":"publish","type":"post","link":"http:\/\/stuggitv.com\/?p=15422","title":{"rendered":"Wie sieht Stuttgart den Vegan-Trend?"},"content":{"rendered":"<p class=\"p1\"><strong><span class=\"s1\">Rund 400.000 Menschen ern\u00e4hren sich in Deutschland laut einer Studie\u00a0vegan &#8211; Tendenz steigend. Ob Veggi-Burger oder Milcheis ohne Milch: Mittlerweile gibt es alles, was das vegane Herz h\u00f6her schlagen l\u00e4sst. Aber was sagen die Stuttgart zum Vegan-Trend?<\/span><\/strong><\/p>\n<p class=\"p1\"><!--more--><\/p>\n<p class=\"p1\"><span class=\"s1\">Ihr denkt auf Fleisch, Milch, Eier, Butter etc. zu verzichten sei eine starke Einschr\u00e4nkung der Essgewohnheiten? Das war noch gar nichts! Wir haben noch ein paar besondere Formen des Vegetarismus herausgesucht.<\/span><\/p>\n<ul>\n<li class=\"p1\"><span class=\"s1\"><strong>Bio-Veganismus:<\/strong> Veganer, die nach dem Bio-Veganismus leben, ern\u00e4hren sich zus\u00e4tzlich nur von nicht-tierischen Produkten, die nach \u00f6kologischen Gesichtspunkten produziert wurden. Zus\u00e4tzlich darf beispielweise Salat nicht verzehrt werden, wenn der Salat-Bauer auch Tiere h\u00e4lt.<\/span><\/li>\n<li class=\"p1\"><span class=\"s1\"><strong>Frugane-Ern\u00e4hrung:<\/strong> Diese Ern\u00e4hrung schlie\u00dft Obst oder Gem\u00fcse aus, das die Zerst\u00f6rung der ganzen Pflanze zur Folge hat. Frutarier ern\u00e4hren sich nur von pflanzlichen Produkten, die die Natur freiwillig hergibt &#8211;<\/span><span class=\"s1\">\u00a0beispielweise Fallobst. Katoffel, Spinat oder auch Karotten d\u00fcrfen demnach nicht verzehrt werden.<\/span><\/li>\n<li class=\"p1\"><span class=\"s1\"><strong>Vegane Rohkost:<\/strong> Hierbei werden alle pflanzlichen Nahrungsmittel roh verzehrt. W\u00e4hrend bei der Rohkost im allgemeinen Sinn auch rohes Fleisch und Rohmilch verzehrt werden, beschr\u00e4nkt sich die vegane Rohkost auf die veganen Teile er Rohkostern\u00e4hrung.<\/span><\/li>\n<\/ul>\n","protected":false},"excerpt":{"rendered":"<p>Rund 400.000 Menschen ern\u00e4hren sich in Deutschland laut einer Studie\u00a0vegan &#8211; Tendenz steigend. Ob Veggi-Burger oder Milcheis ohne Milch: Mittlerweile gibt es alles, was das vegane Herz h\u00f6her schlagen l\u00e4sst. Aber was sagen die Stuttgart zum Vegan-Trend?<\/p>\n","protected":false},"author":61,"featured_media":15457,"comment_status":"closed","ping_status":"closed","sticky":false,"template":"","format":"standard","meta":{"footnotes":""},"categories":[16],"tags":[],"class_list":["post-15422","post","type-post","status-publish","format-standard","has-post-thumbnail","hentry","category-das-sagt-stuttgart"],"read":true,"yoast_head":"<!-- This site is optimized with the Yoast SEO plugin v27.1.1 - https:\/\/yoast.com\/product\/yoast-seo-wordpress\/ -->\n<title>Wie sieht Stuttgart den Vegan-Trend? - STUGGI.TV<\/title>\n<meta name=\"description\" content=\"Immer mehr Menschen ern\u00e4hren sich vegan und folgen damit einem anhaltenden Trend. Was halten die Stuttgarter vom Vegan-Trend?\" \/>\n<meta name=\"robots\" content=\"index, follow, max-snippet:-1, max-image-preview:large, max-video-preview:-1\" \/>\n<link rel=\"canonical\" href=\"http:\/\/stuggitv.com\/?p=15422\" \/>\n<meta property=\"og:locale\" content=\"de_DE\" \/>\n<meta property=\"og:type\" content=\"article\" \/>\n<meta property=\"og:title\" content=\"Wie sieht Stuttgart den Vegan-Trend? - STUGGI.TV\" \/>\n<meta property=\"og:description\" content=\"Immer mehr Menschen ern\u00e4hren sich vegan und folgen damit einem anhaltenden Trend. Was halten die Stuttgarter vom Vegan-Trend?\" \/>\n<meta property=\"og:url\" content=\"http:\/\/stuggitv.com\/?p=15422\" \/>\n<meta property=\"og:site_name\" content=\"STUGGI.TV\" \/>\n<meta property=\"article:publisher\" content=\"https:\/\/www.facebook.com\/stuggitv\" \/>\n<meta property=\"article:published_time\" content=\"2015-04-06T17:33:48+00:00\" \/>\n<meta property=\"og:image\" content=\"http:\/\/stuggitv.com\/wp-content\/uploads\/2015\/03\/veganAB.jpg\" \/>\n\t<meta property=\"og:image:width\" content=\"310\" \/>\n\t<meta property=\"og:image:height\" content=\"233\" \/>\n\t<meta property=\"og:image:type\" content=\"image\/jpeg\" \/>\n<meta name=\"author\" content=\"Isabell Hogh-Janovsky\" \/>\n<meta name=\"twitter:card\" content=\"summary_large_image\" \/>\n<meta name=\"twitter:creator\" content=\"@stuggitv\" \/>\n<meta name=\"twitter:site\" content=\"@stuggitv\" \/>\n<meta name=\"twitter:label1\" content=\"Verfasst von\" \/>\n\t<meta name=\"twitter:data1\" content=\"Isabell Hogh-Janovsky\" \/>\n\t<meta name=\"twitter:label2\" content=\"Gesch\u00e4tzte Lesezeit\" \/>\n\t<meta name=\"twitter:data2\" content=\"1\u00a0Minute\" \/>\n<script type=\"application\/ld+json\" class=\"yoast-schema-graph\">{\"@context\":\"https:\/\/schema.org\",\"@graph\":[{\"@type\":\"Article\",\"@id\":\"http:\/\/stuggitv.com\/?p=15422#article\",\"isPartOf\":{\"@id\":\"http:\/\/stuggitv.com\/?p=15422\"},\"author\":{\"name\":\"Isabell Hogh-Janovsky\",\"@id\":\"http:\/\/stuggitv.com\/#\/schema\/person\/7e188cfa5f5ef6e62c42e549f280a533\"},\"headline\":\"Wie sieht Stuttgart den Vegan-Trend?\",\"datePublished\":\"2015-04-06T17:33:48+00:00\",\"mainEntityOfPage\":{\"@id\":\"http:\/\/stuggitv.com\/?p=15422\"},\"wordCount\":200,\"publisher\":{\"@id\":\"http:\/\/stuggitv.com\/#organization\"},\"image\":{\"@id\":\"http:\/\/stuggitv.com\/?p=15422#primaryimage\"},\"thumbnailUrl\":\"http:\/\/stuggitv.com\/wp-content\/uploads\/2015\/03\/veganAB.jpg\",\"articleSection\":[\"DAS SAGT STUTTGART\"],\"inLanguage\":\"de\"},{\"@type\":\"WebPage\",\"@id\":\"http:\/\/stuggitv.com\/?p=15422\",\"url\":\"http:\/\/stuggitv.com\/?p=15422\",\"name\":\"Wie sieht Stuttgart den Vegan-Trend? - STUGGI.TV\",\"isPartOf\":{\"@id\":\"http:\/\/stuggitv.com\/#website\"},\"primaryImageOfPage\":{\"@id\":\"http:\/\/stuggitv.com\/?p=15422#primaryimage\"},\"image\":{\"@id\":\"http:\/\/stuggitv.com\/?p=15422#primaryimage\"},\"thumbnailUrl\":\"http:\/\/stuggitv.com\/wp-content\/uploads\/2015\/03\/veganAB.jpg\",\"datePublished\":\"2015-04-06T17:33:48+00:00\",\"description\":\"Immer mehr Menschen ern\u00e4hren sich vegan und folgen damit einem anhaltenden Trend. Was halten die Stuttgarter vom Vegan-Trend?\",\"breadcrumb\":{\"@id\":\"http:\/\/stuggitv.com\/?p=15422#breadcrumb\"},\"inLanguage\":\"de\",\"potentialAction\":[{\"@type\":\"ReadAction\",\"target\":[\"http:\/\/stuggitv.com\/?p=15422\"]}]},{\"@type\":\"ImageObject\",\"inLanguage\":\"de\",\"@id\":\"http:\/\/stuggitv.com\/?p=15422#primaryimage\",\"url\":\"http:\/\/stuggitv.com\/wp-content\/uploads\/2015\/03\/veganAB.jpg\",\"contentUrl\":\"http:\/\/stuggitv.com\/wp-content\/uploads\/2015\/03\/veganAB.jpg\",\"width\":310,\"height\":233},{\"@type\":\"BreadcrumbList\",\"@id\":\"http:\/\/stuggitv.com\/?p=15422#breadcrumb\",\"itemListElement\":[{\"@type\":\"ListItem\",\"position\":1,\"name\":\"STUGGI.TV\",\"item\":\"http:\/\/stuggitv.com\/\"},{\"@type\":\"ListItem\",\"position\":2,\"name\":\"Wie sieht Stuttgart den Vegan-Trend?\"}]},{\"@type\":\"WebSite\",\"@id\":\"http:\/\/stuggitv.com\/#website\",\"url\":\"http:\/\/stuggitv.com\/\",\"name\":\"STUGGI.TV\",\"description\":\"Der Onlinesender f\u00fcr Stuttgart\",\"publisher\":{\"@id\":\"http:\/\/stuggitv.com\/#organization\"},\"potentialAction\":[{\"@type\":\"SearchAction\",\"target\":{\"@type\":\"EntryPoint\",\"urlTemplate\":\"http:\/\/stuggitv.com\/?s={search_term_string}\"},\"query-input\":{\"@type\":\"PropertyValueSpecification\",\"valueRequired\":true,\"valueName\":\"search_term_string\"}}],\"inLanguage\":\"de\"},{\"@type\":\"Organization\",\"@id\":\"http:\/\/stuggitv.com\/#organization\",\"name\":\"STUGGI.TV\",\"url\":\"http:\/\/stuggitv.com\/\",\"logo\":{\"@type\":\"ImageObject\",\"inLanguage\":\"de\",\"@id\":\"http:\/\/stuggitv.com\/#\/schema\/logo\/image\/\",\"url\":\"http:\/\/stuggitv.com\/wp-content\/uploads\/stuggitv_logo_rgb.jpg\",\"contentUrl\":\"http:\/\/stuggitv.com\/wp-content\/uploads\/stuggitv_logo_rgb.jpg\",\"width\":320,\"height\":78,\"caption\":\"STUGGI.TV\"},\"image\":{\"@id\":\"http:\/\/stuggitv.com\/#\/schema\/logo\/image\/\"},\"sameAs\":[\"https:\/\/www.facebook.com\/stuggitv\",\"https:\/\/x.com\/stuggitv\"]},{\"@type\":\"Person\",\"@id\":\"http:\/\/stuggitv.com\/#\/schema\/person\/7e188cfa5f5ef6e62c42e549f280a533\",\"name\":\"Isabell Hogh-Janovsky\",\"image\":{\"@type\":\"ImageObject\",\"inLanguage\":\"de\",\"@id\":\"http:\/\/stuggitv.com\/#\/schema\/person\/image\/\",\"url\":\"https:\/\/secure.gravatar.com\/avatar\/49213400ecf9a549f1f21366e374b3fb4775a6a92871eda56c9071328c3029a4?s=96&d=mm&r=g\",\"contentUrl\":\"https:\/\/secure.gravatar.com\/avatar\/49213400ecf9a549f1f21366e374b3fb4775a6a92871eda56c9071328c3029a4?s=96&d=mm&r=g\",\"caption\":\"Isabell Hogh-Janovsky\"},\"description\":\"weil es nicht sch\u00f6neres als 0711 gibt.\",\"url\":\"http:\/\/stuggitv.com\/?author=61\"}]}<\/script>\n<!-- \/ Yoast SEO plugin. -->","yoast_head_json":{"title":"Wie sieht Stuttgart den Vegan-Trend? - STUGGI.TV","description":"Immer mehr Menschen ern\u00e4hren sich vegan und folgen damit einem anhaltenden Trend. Was halten die Stuttgarter vom Vegan-Trend?","robots":{"index":"index","follow":"follow","max-snippet":"max-snippet:-1","max-image-preview":"max-image-preview:large","max-video-preview":"max-video-preview:-1"},"canonical":"http:\/\/stuggitv.com\/?p=15422","og_locale":"de_DE","og_type":"article","og_title":"Wie sieht Stuttgart den Vegan-Trend? - STUGGI.TV","og_description":"Immer mehr Menschen ern\u00e4hren sich vegan und folgen damit einem anhaltenden Trend. Was halten die Stuttgarter vom Vegan-Trend?","og_url":"http:\/\/stuggitv.com\/?p=15422","og_site_name":"STUGGI.TV","article_publisher":"https:\/\/www.facebook.com\/stuggitv","article_published_time":"2015-04-06T17:33:48+00:00","og_image":[{"width":310,"height":233,"url":"http:\/\/stuggitv.com\/wp-content\/uploads\/2015\/03\/veganAB.jpg","type":"image\/jpeg"}],"author":"Isabell Hogh-Janovsky","twitter_card":"summary_large_image","twitter_creator":"@stuggitv","twitter_site":"@stuggitv","twitter_misc":{"Verfasst von":"Isabell Hogh-Janovsky","Gesch\u00e4tzte Lesezeit":"1\u00a0Minute"},"schema":{"@context":"https:\/\/schema.org","@graph":[{"@type":"Article","@id":"http:\/\/stuggitv.com\/?p=15422#article","isPartOf":{"@id":"http:\/\/stuggitv.com\/?p=15422"},"author":{"name":"Isabell Hogh-Janovsky","@id":"http:\/\/stuggitv.com\/#\/schema\/person\/7e188cfa5f5ef6e62c42e549f280a533"},"headline":"Wie sieht Stuttgart den Vegan-Trend?","datePublished":"2015-04-06T17:33:48+00:00","mainEntityOfPage":{"@id":"http:\/\/stuggitv.com\/?p=15422"},"wordCount":200,"publisher":{"@id":"http:\/\/stuggitv.com\/#organization"},"image":{"@id":"http:\/\/stuggitv.com\/?p=15422#primaryimage"},"thumbnailUrl":"http:\/\/stuggitv.com\/wp-content\/uploads\/2015\/03\/veganAB.jpg","articleSection":["DAS SAGT STUTTGART"],"inLanguage":"de"},{"@type":"WebPage","@id":"http:\/\/stuggitv.com\/?p=15422","url":"http:\/\/stuggitv.com\/?p=15422","name":"Wie sieht Stuttgart den Vegan-Trend? - STUGGI.TV","isPartOf":{"@id":"http:\/\/stuggitv.com\/#website"},"primaryImageOfPage":{"@id":"http:\/\/stuggitv.com\/?p=15422#primaryimage"},"image":{"@id":"http:\/\/stuggitv.com\/?p=15422#primaryimage"},"thumbnailUrl":"http:\/\/stuggitv.com\/wp-content\/uploads\/2015\/03\/veganAB.jpg","datePublished":"2015-04-06T17:33:48+00:00","description":"Immer mehr Menschen ern\u00e4hren sich vegan und folgen damit einem anhaltenden Trend. Was halten die Stuttgarter vom Vegan-Trend?","breadcrumb":{"@id":"http:\/\/stuggitv.com\/?p=15422#breadcrumb"},"inLanguage":"de","potentialAction":[{"@type":"ReadAction","target":["http:\/\/stuggitv.com\/?p=15422"]}]},{"@type":"ImageObject","inLanguage":"de","@id":"http:\/\/stuggitv.com\/?p=15422#primaryimage","url":"http:\/\/stuggitv.com\/wp-content\/uploads\/2015\/03\/veganAB.jpg","contentUrl":"http:\/\/stuggitv.com\/wp-content\/uploads\/2015\/03\/veganAB.jpg","width":310,"height":233},{"@type":"BreadcrumbList","@id":"http:\/\/stuggitv.com\/?p=15422#breadcrumb","itemListElement":[{"@type":"ListItem","position":1,"name":"STUGGI.TV","item":"http:\/\/stuggitv.com\/"},{"@type":"ListItem","position":2,"name":"Wie sieht Stuttgart den Vegan-Trend?"}]},{"@type":"WebSite","@id":"http:\/\/stuggitv.com\/#website","url":"http:\/\/stuggitv.com\/","name":"STUGGI.TV","description":"Der Onlinesender f\u00fcr Stuttgart","publisher":{"@id":"http:\/\/stuggitv.com\/#organization"},"potentialAction":[{"@type":"SearchAction","target":{"@type":"EntryPoint","urlTemplate":"http:\/\/stuggitv.com\/?s={search_term_string}"},"query-input":{"@type":"PropertyValueSpecification","valueRequired":true,"valueName":"search_term_string"}}],"inLanguage":"de"},{"@type":"Organization","@id":"http:\/\/stuggitv.com\/#organization","name":"STUGGI.TV","url":"http:\/\/stuggitv.com\/","logo":{"@type":"ImageObject","inLanguage":"de","@id":"http:\/\/stuggitv.com\/#\/schema\/logo\/image\/","url":"http:\/\/stuggitv.com\/wp-content\/uploads\/stuggitv_logo_rgb.jpg","contentUrl":"http:\/\/stuggitv.com\/wp-content\/uploads\/stuggitv_logo_rgb.jpg","width":320,"height":78,"caption":"STUGGI.TV"},"image":{"@id":"http:\/\/stuggitv.com\/#\/schema\/logo\/image\/"},"sameAs":["https:\/\/www.facebook.com\/stuggitv","https:\/\/x.com\/stuggitv"]},{"@type":"Person","@id":"http:\/\/stuggitv.com\/#\/schema\/person\/7e188cfa5f5ef6e62c42e549f280a533","name":"Isabell Hogh-Janovsky","image":{"@type":"ImageObject","inLanguage":"de","@id":"http:\/\/stuggitv.com\/#\/schema\/person\/image\/","url":"https:\/\/secure.gravatar.com\/avatar\/49213400ecf9a549f1f21366e374b3fb4775a6a92871eda56c9071328c3029a4?s=96&d=mm&r=g","contentUrl":"https:\/\/secure.gravatar.com\/avatar\/49213400ecf9a549f1f21366e374b3fb4775a6a92871eda56c9071328c3029a4?s=96&d=mm&r=g","caption":"Isabell Hogh-Janovsky"},"description":"weil es nicht sch\u00f6neres als 0711 gibt.","url":"http:\/\/stuggitv.com\/?author=61"}]}},"_links":{"self":[{"href":"http:\/\/stuggitv.com\/index.php?rest_route=\/wp\/v2\/posts\/15422","targetHints":{"allow":["GET"]}}],"collection":[{"href":"http:\/\/stuggitv.com\/index.php?rest_route=\/wp\/v2\/posts"}],"about":[{"href":"http:\/\/stuggitv.com\/index.php?rest_route=\/wp\/v2\/types\/post"}],"author":[{"embeddable":true,"href":"http:\/\/stuggitv.com\/index.php?rest_route=\/wp\/v2\/users\/61"}],"replies":[{"embeddable":true,"href":"http:\/\/stuggitv.com\/index.php?rest_route=%2Fwp%2Fv2%2Fcomments&post=15422"}],"version-history":[{"count":0,"href":"http:\/\/stuggitv.com\/index.php?rest_route=\/wp\/v2\/posts\/15422\/revisions"}],"wp:featuredmedia":[{"embeddable":true,"href":"http:\/\/stuggitv.com\/index.php?rest_route=\/wp\/v2\/media\/15457"}],"wp:attachment":[{"href":"http:\/\/stuggitv.com\/index.php?rest_route=%2Fwp%2Fv2%2Fmedia&parent=15422"}],"wp:term":[{"taxonomy":"category","embeddable":true,"href":"http:\/\/stuggitv.com\/index.php?rest_route=%2Fwp%2Fv2%2Fcategories&post=15422"},{"taxonomy":"post_tag","embeddable":true,"href":"http:\/\/stuggitv.com\/index.php?rest_route=%2Fwp%2Fv2%2Ftags&post=15422"}],"curies":[{"name":"wp","href":"https:\/\/api.w.org\/{rel}","templated":true}]}}