{"id":25673,"date":"2017-05-02T12:58:46","date_gmt":"2017-05-02T10:58:46","guid":{"rendered":"http:\/\/www.stuggi.tv\/?p=25673"},"modified":"2019-12-29T22:22:11","modified_gmt":"2019-12-29T21:22:11","slug":"tv-comeback-aeffle-und-pferdle-kehren-zurueck-ins-swr-fernsehen","status":"publish","type":"post","link":"http:\/\/stuggitv.com\/?p=25673","title":{"rendered":"TV-Comeback: \u00c4ffle und Pferdle kehren zur\u00fcck ins SWR-Fernsehen"},"content":{"rendered":"<p><strong>Es ist das Comeback des Jahres in Baden-W\u00fcrttemberg: Vor 16 Jahren hatten die beiden Zuschauer-Lieblinge \u00c4ffle und Pferdle ihren letzten Arbeitstag beim SWR. Nun kehren die ehemaligen Pausenf\u00fcller in der Werbung zur Freude vieler Zuschauer ins Fernsehen zur\u00fcck: Ab dem 5. Mai werden die beiden Urschwaben immer freitags in der \u201eLandesschau Baden-W\u00fcrttemberg\u201c zu sehen sein.<\/strong><!--more--><br \/>\n&#8222;\u00c4ffle und Pferdle&#8220; sind wieder da! Ab dem 5. Mai k\u00f6nnen die Schwaben ihr beliebtes Duo wieder im Fernsehen bewundern. Von da an\u00a0sind die beiden jeden Freitag\u00a0Teil der <a href=\"http:\/\/www.swr.de\/landesschau-bw\/aeffleundpferdle\/-\/id=122182\/did=19405522\/nid=122182\/1jqa4c1\/index.html\" target=\"_blank\" rel=\"noopener noreferrer\">Landesschau<\/a>.\u00a0Nach B\u00fcchern, <a href=\"http:\/\/stuggitv.com\/2016\/06\/hafer-und-banane-aeffle-und-pferdle-sind-jetzt-auch-schokoladen-stars\/\" target=\"_blank\" rel=\"noopener noreferrer\">Schokolade<\/a>, Limonade, Briefmarken und vielem mehr kehren &#8222;\u00c4ffle und Pferdle&#8220; jetzt also an ihren <a href=\"http:\/\/www.stuttgarter-nachrichten.de\/inhalt.nach-16-jahren-wieder-im-fernsehen-aeffle-pferdle-isch-des-subbr.3da01879-4501-427d-afd6-1bae84634059.html\" target=\"_blank\" rel=\"noopener noreferrer\">Ursprung<\/a> zur\u00fcck.<br \/>\n<strong>Im Video dabei:<\/strong><br \/>\n<a href=\"https:\/\/de.wikipedia.org\/wiki\/Heiko_Volz\" target=\"_blank\" rel=\"noopener noreferrer\">Heiko Volz<\/a>, Synchronsprecher \u201e\u00c4ffle\u201c<br \/>\n<strong>Ein Video von:<\/strong><br \/>\nJulia Hugenschmidt und Lisa-Marie Grimmer<br \/>\n&nbsp;<br \/>\nFotos: STUGGI.TV\/Grimmer<\/p>\n","protected":false},"excerpt":{"rendered":"<p>Es ist das Comeback des Jahres in Baden-W\u00fcrttemberg: Vor 16 Jahren hatten die beiden Zuschauer-Lieblinge \u00c4ffle und Pferdle ihren letzten Arbeitstag beim SWR. Nun kehren die ehemaligen Pausenf\u00fcller in der Werbung zur Freude vieler Zuschauer ins Fernsehen zur\u00fcck: Ab dem [&hellip;]<\/p>\n","protected":false},"author":35,"featured_media":44236,"comment_status":"closed","ping_status":"closed","sticky":false,"template":"","format":"standard","meta":{"footnotes":""},"categories":[21],"tags":[],"class_list":["post-25673","post","type-post","status-publish","format-standard","has-post-thumbnail","hentry","category-news"],"read":true,"yoast_head":"<!-- This site is optimized with the Yoast SEO plugin v27.1.1 - https:\/\/yoast.com\/product\/yoast-seo-wordpress\/ -->\n<title>TV-Comeback: \u00c4ffle und Pferdle kehren zur\u00fcck ins SWR-Fernsehen - STUGGI.TV<\/title>\n<meta name=\"robots\" content=\"index, follow, max-snippet:-1, max-image-preview:large, max-video-preview:-1\" \/>\n<link rel=\"canonical\" href=\"http:\/\/stuggitv.com\/?p=25673\" \/>\n<meta property=\"og:locale\" content=\"de_DE\" \/>\n<meta property=\"og:type\" content=\"article\" \/>\n<meta property=\"og:title\" content=\"TV-Comeback: \u00c4ffle und Pferdle kehren zur\u00fcck ins SWR-Fernsehen - STUGGI.TV\" \/>\n<meta property=\"og:description\" content=\"Es ist das Comeback des Jahres in Baden-W\u00fcrttemberg: Vor 16 Jahren hatten die beiden Zuschauer-Lieblinge \u00c4ffle und Pferdle ihren letzten Arbeitstag beim SWR. Nun kehren die ehemaligen Pausenf\u00fcller in der Werbung zur Freude vieler Zuschauer ins Fernsehen zur\u00fcck: Ab dem [&hellip;]\" \/>\n<meta property=\"og:url\" content=\"http:\/\/stuggitv.com\/?p=25673\" \/>\n<meta property=\"og:site_name\" content=\"STUGGI.TV\" \/>\n<meta property=\"article:publisher\" content=\"https:\/\/www.facebook.com\/stuggitv\" \/>\n<meta property=\"article:published_time\" content=\"2017-05-02T10:58:46+00:00\" \/>\n<meta property=\"article:modified_time\" content=\"2019-12-29T21:22:11+00:00\" \/>\n<meta property=\"og:image\" content=\"http:\/\/stuggitv.com\/wp-content\/uploads\/Aeffle-und-Pferdle_VSB_Foto_STUGGITV.jpg\" \/>\n\t<meta property=\"og:image:width\" content=\"1920\" \/>\n\t<meta property=\"og:image:height\" content=\"1080\" \/>\n\t<meta property=\"og:image:type\" content=\"image\/jpeg\" \/>\n<meta name=\"author\" content=\"Die Praktikantin\" \/>\n<meta name=\"twitter:card\" content=\"summary_large_image\" \/>\n<meta name=\"twitter:creator\" content=\"@stuggitv\" \/>\n<meta name=\"twitter:site\" content=\"@stuggitv\" \/>\n<meta name=\"twitter:label1\" content=\"Verfasst von\" \/>\n\t<meta name=\"twitter:data1\" content=\"Die Praktikantin\" \/>\n\t<meta name=\"twitter:label2\" content=\"Gesch\u00e4tzte Lesezeit\" \/>\n\t<meta name=\"twitter:data2\" content=\"1\u00a0Minute\" \/>\n<script type=\"application\/ld+json\" class=\"yoast-schema-graph\">{\"@context\":\"https:\/\/schema.org\",\"@graph\":[{\"@type\":\"Article\",\"@id\":\"http:\/\/stuggitv.com\/?p=25673#article\",\"isPartOf\":{\"@id\":\"http:\/\/stuggitv.com\/?p=25673\"},\"author\":{\"name\":\"Die Praktikantin\",\"@id\":\"http:\/\/stuggitv.com\/#\/schema\/person\/c6a3e489d6c1d215f974a389c9fc79aa\"},\"headline\":\"TV-Comeback: \u00c4ffle und Pferdle kehren zur\u00fcck ins SWR-Fernsehen\",\"datePublished\":\"2017-05-02T10:58:46+00:00\",\"dateModified\":\"2019-12-29T21:22:11+00:00\",\"mainEntityOfPage\":{\"@id\":\"http:\/\/stuggitv.com\/?p=25673\"},\"wordCount\":137,\"publisher\":{\"@id\":\"http:\/\/stuggitv.com\/#organization\"},\"image\":{\"@id\":\"http:\/\/stuggitv.com\/?p=25673#primaryimage\"},\"thumbnailUrl\":\"http:\/\/stuggitv.com\/wp-content\/uploads\/Aeffle-und-Pferdle_VSB_Foto_STUGGITV.jpg\",\"articleSection\":[\"NEWS\"],\"inLanguage\":\"de\"},{\"@type\":\"WebPage\",\"@id\":\"http:\/\/stuggitv.com\/?p=25673\",\"url\":\"http:\/\/stuggitv.com\/?p=25673\",\"name\":\"TV-Comeback: \u00c4ffle und Pferdle kehren zur\u00fcck ins SWR-Fernsehen - STUGGI.TV\",\"isPartOf\":{\"@id\":\"http:\/\/stuggitv.com\/#website\"},\"primaryImageOfPage\":{\"@id\":\"http:\/\/stuggitv.com\/?p=25673#primaryimage\"},\"image\":{\"@id\":\"http:\/\/stuggitv.com\/?p=25673#primaryimage\"},\"thumbnailUrl\":\"http:\/\/stuggitv.com\/wp-content\/uploads\/Aeffle-und-Pferdle_VSB_Foto_STUGGITV.jpg\",\"datePublished\":\"2017-05-02T10:58:46+00:00\",\"dateModified\":\"2019-12-29T21:22:11+00:00\",\"breadcrumb\":{\"@id\":\"http:\/\/stuggitv.com\/?p=25673#breadcrumb\"},\"inLanguage\":\"de\",\"potentialAction\":[{\"@type\":\"ReadAction\",\"target\":[\"http:\/\/stuggitv.com\/?p=25673\"]}]},{\"@type\":\"ImageObject\",\"inLanguage\":\"de\",\"@id\":\"http:\/\/stuggitv.com\/?p=25673#primaryimage\",\"url\":\"http:\/\/stuggitv.com\/wp-content\/uploads\/Aeffle-und-Pferdle_VSB_Foto_STUGGITV.jpg\",\"contentUrl\":\"http:\/\/stuggitv.com\/wp-content\/uploads\/Aeffle-und-Pferdle_VSB_Foto_STUGGITV.jpg\",\"width\":1920,\"height\":1080,\"caption\":\"Aeffle und Pferdle Tassen, Foto: STUGGI.TV\/grimmer\"},{\"@type\":\"BreadcrumbList\",\"@id\":\"http:\/\/stuggitv.com\/?p=25673#breadcrumb\",\"itemListElement\":[{\"@type\":\"ListItem\",\"position\":1,\"name\":\"STUGGI.TV\",\"item\":\"http:\/\/stuggitv.com\/\"},{\"@type\":\"ListItem\",\"position\":2,\"name\":\"TV-Comeback: \u00c4ffle und Pferdle kehren zur\u00fcck ins SWR-Fernsehen\"}]},{\"@type\":\"WebSite\",\"@id\":\"http:\/\/stuggitv.com\/#website\",\"url\":\"http:\/\/stuggitv.com\/\",\"name\":\"STUGGI.TV\",\"description\":\"Der Onlinesender f\u00fcr Stuttgart\",\"publisher\":{\"@id\":\"http:\/\/stuggitv.com\/#organization\"},\"potentialAction\":[{\"@type\":\"SearchAction\",\"target\":{\"@type\":\"EntryPoint\",\"urlTemplate\":\"http:\/\/stuggitv.com\/?s={search_term_string}\"},\"query-input\":{\"@type\":\"PropertyValueSpecification\",\"valueRequired\":true,\"valueName\":\"search_term_string\"}}],\"inLanguage\":\"de\"},{\"@type\":\"Organization\",\"@id\":\"http:\/\/stuggitv.com\/#organization\",\"name\":\"STUGGI.TV\",\"url\":\"http:\/\/stuggitv.com\/\",\"logo\":{\"@type\":\"ImageObject\",\"inLanguage\":\"de\",\"@id\":\"http:\/\/stuggitv.com\/#\/schema\/logo\/image\/\",\"url\":\"http:\/\/stuggitv.com\/wp-content\/uploads\/stuggitv_logo_rgb.jpg\",\"contentUrl\":\"http:\/\/stuggitv.com\/wp-content\/uploads\/stuggitv_logo_rgb.jpg\",\"width\":320,\"height\":78,\"caption\":\"STUGGI.TV\"},\"image\":{\"@id\":\"http:\/\/stuggitv.com\/#\/schema\/logo\/image\/\"},\"sameAs\":[\"https:\/\/www.facebook.com\/stuggitv\",\"https:\/\/x.com\/stuggitv\"]},{\"@type\":\"Person\",\"@id\":\"http:\/\/stuggitv.com\/#\/schema\/person\/c6a3e489d6c1d215f974a389c9fc79aa\",\"name\":\"Die Praktikantin\",\"image\":{\"@type\":\"ImageObject\",\"inLanguage\":\"de\",\"@id\":\"http:\/\/stuggitv.com\/#\/schema\/person\/image\/\",\"url\":\"https:\/\/secure.gravatar.com\/avatar\/0856a2c1039058b95e6e59c9cd076ed7360e22f5a34c400f3f7707cdd0ebb081?s=96&d=mm&r=g\",\"contentUrl\":\"https:\/\/secure.gravatar.com\/avatar\/0856a2c1039058b95e6e59c9cd076ed7360e22f5a34c400f3f7707cdd0ebb081?s=96&d=mm&r=g\",\"caption\":\"Die Praktikantin\"},\"url\":\"http:\/\/stuggitv.com\/?author=35\"}]}<\/script>\n<!-- \/ Yoast SEO plugin. -->","yoast_head_json":{"title":"TV-Comeback: \u00c4ffle und Pferdle kehren zur\u00fcck ins SWR-Fernsehen - STUGGI.TV","robots":{"index":"index","follow":"follow","max-snippet":"max-snippet:-1","max-image-preview":"max-image-preview:large","max-video-preview":"max-video-preview:-1"},"canonical":"http:\/\/stuggitv.com\/?p=25673","og_locale":"de_DE","og_type":"article","og_title":"TV-Comeback: \u00c4ffle und Pferdle kehren zur\u00fcck ins SWR-Fernsehen - STUGGI.TV","og_description":"Es ist das Comeback des Jahres in Baden-W\u00fcrttemberg: Vor 16 Jahren hatten die beiden Zuschauer-Lieblinge \u00c4ffle und Pferdle ihren letzten Arbeitstag beim SWR. Nun kehren die ehemaligen Pausenf\u00fcller in der Werbung zur Freude vieler Zuschauer ins Fernsehen zur\u00fcck: Ab dem [&hellip;]","og_url":"http:\/\/stuggitv.com\/?p=25673","og_site_name":"STUGGI.TV","article_publisher":"https:\/\/www.facebook.com\/stuggitv","article_published_time":"2017-05-02T10:58:46+00:00","article_modified_time":"2019-12-29T21:22:11+00:00","og_image":[{"width":1920,"height":1080,"url":"http:\/\/stuggitv.com\/wp-content\/uploads\/Aeffle-und-Pferdle_VSB_Foto_STUGGITV.jpg","type":"image\/jpeg"}],"author":"Die Praktikantin","twitter_card":"summary_large_image","twitter_creator":"@stuggitv","twitter_site":"@stuggitv","twitter_misc":{"Verfasst von":"Die Praktikantin","Gesch\u00e4tzte Lesezeit":"1\u00a0Minute"},"schema":{"@context":"https:\/\/schema.org","@graph":[{"@type":"Article","@id":"http:\/\/stuggitv.com\/?p=25673#article","isPartOf":{"@id":"http:\/\/stuggitv.com\/?p=25673"},"author":{"name":"Die Praktikantin","@id":"http:\/\/stuggitv.com\/#\/schema\/person\/c6a3e489d6c1d215f974a389c9fc79aa"},"headline":"TV-Comeback: \u00c4ffle und Pferdle kehren zur\u00fcck ins SWR-Fernsehen","datePublished":"2017-05-02T10:58:46+00:00","dateModified":"2019-12-29T21:22:11+00:00","mainEntityOfPage":{"@id":"http:\/\/stuggitv.com\/?p=25673"},"wordCount":137,"publisher":{"@id":"http:\/\/stuggitv.com\/#organization"},"image":{"@id":"http:\/\/stuggitv.com\/?p=25673#primaryimage"},"thumbnailUrl":"http:\/\/stuggitv.com\/wp-content\/uploads\/Aeffle-und-Pferdle_VSB_Foto_STUGGITV.jpg","articleSection":["NEWS"],"inLanguage":"de"},{"@type":"WebPage","@id":"http:\/\/stuggitv.com\/?p=25673","url":"http:\/\/stuggitv.com\/?p=25673","name":"TV-Comeback: \u00c4ffle und Pferdle kehren zur\u00fcck ins SWR-Fernsehen - STUGGI.TV","isPartOf":{"@id":"http:\/\/stuggitv.com\/#website"},"primaryImageOfPage":{"@id":"http:\/\/stuggitv.com\/?p=25673#primaryimage"},"image":{"@id":"http:\/\/stuggitv.com\/?p=25673#primaryimage"},"thumbnailUrl":"http:\/\/stuggitv.com\/wp-content\/uploads\/Aeffle-und-Pferdle_VSB_Foto_STUGGITV.jpg","datePublished":"2017-05-02T10:58:46+00:00","dateModified":"2019-12-29T21:22:11+00:00","breadcrumb":{"@id":"http:\/\/stuggitv.com\/?p=25673#breadcrumb"},"inLanguage":"de","potentialAction":[{"@type":"ReadAction","target":["http:\/\/stuggitv.com\/?p=25673"]}]},{"@type":"ImageObject","inLanguage":"de","@id":"http:\/\/stuggitv.com\/?p=25673#primaryimage","url":"http:\/\/stuggitv.com\/wp-content\/uploads\/Aeffle-und-Pferdle_VSB_Foto_STUGGITV.jpg","contentUrl":"http:\/\/stuggitv.com\/wp-content\/uploads\/Aeffle-und-Pferdle_VSB_Foto_STUGGITV.jpg","width":1920,"height":1080,"caption":"Aeffle und Pferdle Tassen, Foto: STUGGI.TV\/grimmer"},{"@type":"BreadcrumbList","@id":"http:\/\/stuggitv.com\/?p=25673#breadcrumb","itemListElement":[{"@type":"ListItem","position":1,"name":"STUGGI.TV","item":"http:\/\/stuggitv.com\/"},{"@type":"ListItem","position":2,"name":"TV-Comeback: \u00c4ffle und Pferdle kehren zur\u00fcck ins SWR-Fernsehen"}]},{"@type":"WebSite","@id":"http:\/\/stuggitv.com\/#website","url":"http:\/\/stuggitv.com\/","name":"STUGGI.TV","description":"Der Onlinesender f\u00fcr Stuttgart","publisher":{"@id":"http:\/\/stuggitv.com\/#organization"},"potentialAction":[{"@type":"SearchAction","target":{"@type":"EntryPoint","urlTemplate":"http:\/\/stuggitv.com\/?s={search_term_string}"},"query-input":{"@type":"PropertyValueSpecification","valueRequired":true,"valueName":"search_term_string"}}],"inLanguage":"de"},{"@type":"Organization","@id":"http:\/\/stuggitv.com\/#organization","name":"STUGGI.TV","url":"http:\/\/stuggitv.com\/","logo":{"@type":"ImageObject","inLanguage":"de","@id":"http:\/\/stuggitv.com\/#\/schema\/logo\/image\/","url":"http:\/\/stuggitv.com\/wp-content\/uploads\/stuggitv_logo_rgb.jpg","contentUrl":"http:\/\/stuggitv.com\/wp-content\/uploads\/stuggitv_logo_rgb.jpg","width":320,"height":78,"caption":"STUGGI.TV"},"image":{"@id":"http:\/\/stuggitv.com\/#\/schema\/logo\/image\/"},"sameAs":["https:\/\/www.facebook.com\/stuggitv","https:\/\/x.com\/stuggitv"]},{"@type":"Person","@id":"http:\/\/stuggitv.com\/#\/schema\/person\/c6a3e489d6c1d215f974a389c9fc79aa","name":"Die Praktikantin","image":{"@type":"ImageObject","inLanguage":"de","@id":"http:\/\/stuggitv.com\/#\/schema\/person\/image\/","url":"https:\/\/secure.gravatar.com\/avatar\/0856a2c1039058b95e6e59c9cd076ed7360e22f5a34c400f3f7707cdd0ebb081?s=96&d=mm&r=g","contentUrl":"https:\/\/secure.gravatar.com\/avatar\/0856a2c1039058b95e6e59c9cd076ed7360e22f5a34c400f3f7707cdd0ebb081?s=96&d=mm&r=g","caption":"Die Praktikantin"},"url":"http:\/\/stuggitv.com\/?author=35"}]}},"_links":{"self":[{"href":"http:\/\/stuggitv.com\/index.php?rest_route=\/wp\/v2\/posts\/25673","targetHints":{"allow":["GET"]}}],"collection":[{"href":"http:\/\/stuggitv.com\/index.php?rest_route=\/wp\/v2\/posts"}],"about":[{"href":"http:\/\/stuggitv.com\/index.php?rest_route=\/wp\/v2\/types\/post"}],"author":[{"embeddable":true,"href":"http:\/\/stuggitv.com\/index.php?rest_route=\/wp\/v2\/users\/35"}],"replies":[{"embeddable":true,"href":"http:\/\/stuggitv.com\/index.php?rest_route=%2Fwp%2Fv2%2Fcomments&post=25673"}],"version-history":[{"count":1,"href":"http:\/\/stuggitv.com\/index.php?rest_route=\/wp\/v2\/posts\/25673\/revisions"}],"predecessor-version":[{"id":44237,"href":"http:\/\/stuggitv.com\/index.php?rest_route=\/wp\/v2\/posts\/25673\/revisions\/44237"}],"wp:featuredmedia":[{"embeddable":true,"href":"http:\/\/stuggitv.com\/index.php?rest_route=\/wp\/v2\/media\/44236"}],"wp:attachment":[{"href":"http:\/\/stuggitv.com\/index.php?rest_route=%2Fwp%2Fv2%2Fmedia&parent=25673"}],"wp:term":[{"taxonomy":"category","embeddable":true,"href":"http:\/\/stuggitv.com\/index.php?rest_route=%2Fwp%2Fv2%2Fcategories&post=25673"},{"taxonomy":"post_tag","embeddable":true,"href":"http:\/\/stuggitv.com\/index.php?rest_route=%2Fwp%2Fv2%2Ftags&post=25673"}],"curies":[{"name":"wp","href":"https:\/\/api.w.org\/{rel}","templated":true}]}}