{"id":33579,"date":"2018-11-05T12:39:53","date_gmt":"2018-11-05T11:39:53","guid":{"rendered":"http:\/\/www.stuggi.tv\/?p=33579"},"modified":"2019-12-28T17:33:17","modified_gmt":"2019-12-28T16:33:17","slug":"joris-im-trifft-interview-ich-habe-immer-danach-gesucht-verrueckte-wie-mich-zu-treffen","status":"publish","type":"post","link":"http:\/\/stuggitv.com\/?p=33579","title":{"rendered":"Joris im Interview: &quot;Stuggi ist quasi unsere Heimat&quot;"},"content":{"rendered":"<p><strong>Mit seinem ersten gro\u00dfen Hit \u201eHerz \u00fcber Kopf\u201c\u00a0st\u00fcrmte er die Spitze der deutschen Charts und r\u00e4umte daraufhin gleich drei Echos ab. Nun ist Joris nach drei Jahren Pause mit seinem neuen Album \u201eSchrei es raus\u201c auf Tour. Unser Moderator Julian Ruffner hat Joris in Stuttgart zum Interview getroffen.\u00a0<\/strong><br \/>\n<!--more--><\/p>\n<h4><strong>VON JULIAN RUFFNER UND JOHANNES FRANK<\/strong><\/h4>\n<p>Schon seit er putzige f\u00fcnf Jahre alt ist, macht der 29-J\u00e4hrige Musik. Vor allem Einfl\u00fcsse von Bands wie <a href=\"https:\/\/linkinpark.com\/\" target=\"_blank\" rel=\"noopener noreferrer\">Linkin Park<\/a> oder <a href=\"http:\/\/www.greenday.com\/\" target=\"_blank\" rel=\"noopener noreferrer\">Green Day<\/a> haben ihn dabei w\u00e4hrend seiner musikalischen Laufbahn begleitet. Das ist auch auf seinem neuen Album deutlich zu h\u00f6ren: Der Name &#8222;Schrei es raus&#8220; ist hier Programm.\u00a0Seit Neuestem zeigt\u00a0Joris, der urspr\u00fcnglich aus der N\u00e4he von Bremen stammt,\u00a0auch seine rockige Seite. Dabei darf aber nicht in den Hintergrund geraten, mit der Musik auch Haltung zu zeigen: &#8222;Es geschieht viel intuitiv&#8220;.<\/p>\n<h4><strong>Nach dreij\u00e4hriger Pause kehrt Joris ins Rampenlicht zur\u00fcck<\/strong><\/h4>\n<p>Sein letztes Album ist drei Jahre her, jetzt meldet sich Joris mit neuer Musik zur\u00fcck. Nachdem die letzte Tour 2015 gro\u00dfe Erfolge brachte, freut sich Joris Ramon Buchholz, wie der Liedermacher\u00a0mit b\u00fcrgerlichem Namen hei\u00dft, wieder auf das anstrengende Tourleben: &#8222;Stuggi ist quasi sowas wie unsere Heimat&#8220;.\u00a0Wie Joris dabei mit dem Erfolgsdruck umgeht, erfahrt ihr im Interview.<br \/>\n&nbsp;<br \/>\n<em>Fotos: STUGGI.TV<\/em><\/p>\n","protected":false},"excerpt":{"rendered":"<p>Mit seinem ersten gro\u00dfen Hit \u201eHerz \u00fcber Kopf\u201c\u00a0st\u00fcrmte er die Spitze der deutschen Charts und r\u00e4umte daraufhin gleich drei Echos ab. Nun ist Joris nach drei Jahren Pause mit seinem neuen Album \u201eSchrei es raus\u201c auf Tour. Unser Moderator Julian [&hellip;]<\/p>\n","protected":false},"author":1252,"featured_media":43859,"comment_status":"closed","ping_status":"closed","sticky":false,"template":"","format":"standard","meta":{"footnotes":""},"categories":[5],"tags":[],"class_list":["post-33579","post","type-post","status-publish","format-standard","has-post-thumbnail","hentry","category-stuggi-tv-trifft"],"read":true,"yoast_head":"<!-- This site is optimized with the Yoast SEO plugin v27.1.1 - https:\/\/yoast.com\/product\/yoast-seo-wordpress\/ -->\n<title>Joris im Interview: &quot;Stuggi ist quasi unsere Heimat&quot; - STUGGI.TV<\/title>\n<meta name=\"robots\" content=\"index, follow, max-snippet:-1, max-image-preview:large, max-video-preview:-1\" \/>\n<link rel=\"canonical\" href=\"http:\/\/stuggitv.com\/?p=33579\" \/>\n<meta property=\"og:locale\" content=\"de_DE\" \/>\n<meta property=\"og:type\" content=\"article\" \/>\n<meta property=\"og:title\" content=\"Joris im Interview: &quot;Stuggi ist quasi unsere Heimat&quot; - STUGGI.TV\" \/>\n<meta property=\"og:description\" content=\"Mit seinem ersten gro\u00dfen Hit \u201eHerz \u00fcber Kopf\u201c\u00a0st\u00fcrmte er die Spitze der deutschen Charts und r\u00e4umte daraufhin gleich drei Echos ab. Nun ist Joris nach drei Jahren Pause mit seinem neuen Album \u201eSchrei es raus\u201c auf Tour. Unser Moderator Julian [&hellip;]\" \/>\n<meta property=\"og:url\" content=\"http:\/\/stuggitv.com\/?p=33579\" \/>\n<meta property=\"og:site_name\" content=\"STUGGI.TV\" \/>\n<meta property=\"article:publisher\" content=\"https:\/\/www.facebook.com\/stuggitv\" \/>\n<meta property=\"article:published_time\" content=\"2018-11-05T11:39:53+00:00\" \/>\n<meta property=\"article:modified_time\" content=\"2019-12-28T16:33:17+00:00\" \/>\n<meta property=\"og:image\" content=\"http:\/\/stuggitv.com\/wp-content\/uploads\/Joris_VSB_Foto_STUGGITV.jpg\" \/>\n\t<meta property=\"og:image:width\" content=\"1920\" \/>\n\t<meta property=\"og:image:height\" content=\"1080\" \/>\n\t<meta property=\"og:image:type\" content=\"image\/jpeg\" \/>\n<meta name=\"author\" content=\"Julian Ruffner\" \/>\n<meta name=\"twitter:card\" content=\"summary_large_image\" \/>\n<meta name=\"twitter:creator\" content=\"@stuggitv\" \/>\n<meta name=\"twitter:site\" content=\"@stuggitv\" \/>\n<meta name=\"twitter:label1\" content=\"Verfasst von\" \/>\n\t<meta name=\"twitter:data1\" content=\"Julian Ruffner\" \/>\n\t<meta name=\"twitter:label2\" content=\"Gesch\u00e4tzte Lesezeit\" \/>\n\t<meta name=\"twitter:data2\" content=\"1\u00a0Minute\" \/>\n<script type=\"application\/ld+json\" class=\"yoast-schema-graph\">{\"@context\":\"https:\/\/schema.org\",\"@graph\":[{\"@type\":\"Article\",\"@id\":\"http:\/\/stuggitv.com\/?p=33579#article\",\"isPartOf\":{\"@id\":\"http:\/\/stuggitv.com\/?p=33579\"},\"author\":{\"name\":\"Julian Ruffner\",\"@id\":\"http:\/\/stuggitv.com\/#\/schema\/person\/bc659dc40ec2408a9143d7dc55c3681f\"},\"headline\":\"Joris im Interview: &quot;Stuggi ist quasi unsere Heimat&quot;\",\"datePublished\":\"2018-11-05T11:39:53+00:00\",\"dateModified\":\"2019-12-28T16:33:17+00:00\",\"mainEntityOfPage\":{\"@id\":\"http:\/\/stuggitv.com\/?p=33579\"},\"wordCount\":234,\"publisher\":{\"@id\":\"http:\/\/stuggitv.com\/#organization\"},\"image\":{\"@id\":\"http:\/\/stuggitv.com\/?p=33579#primaryimage\"},\"thumbnailUrl\":\"http:\/\/stuggitv.com\/wp-content\/uploads\/Joris_VSB_Foto_STUGGITV.jpg\",\"articleSection\":[\"TRIFFT...\"],\"inLanguage\":\"de\"},{\"@type\":\"WebPage\",\"@id\":\"http:\/\/stuggitv.com\/?p=33579\",\"url\":\"http:\/\/stuggitv.com\/?p=33579\",\"name\":\"Joris im Interview: &quot;Stuggi ist quasi unsere Heimat&quot; - STUGGI.TV\",\"isPartOf\":{\"@id\":\"http:\/\/stuggitv.com\/#website\"},\"primaryImageOfPage\":{\"@id\":\"http:\/\/stuggitv.com\/?p=33579#primaryimage\"},\"image\":{\"@id\":\"http:\/\/stuggitv.com\/?p=33579#primaryimage\"},\"thumbnailUrl\":\"http:\/\/stuggitv.com\/wp-content\/uploads\/Joris_VSB_Foto_STUGGITV.jpg\",\"datePublished\":\"2018-11-05T11:39:53+00:00\",\"dateModified\":\"2019-12-28T16:33:17+00:00\",\"breadcrumb\":{\"@id\":\"http:\/\/stuggitv.com\/?p=33579#breadcrumb\"},\"inLanguage\":\"de\",\"potentialAction\":[{\"@type\":\"ReadAction\",\"target\":[\"http:\/\/stuggitv.com\/?p=33579\"]}]},{\"@type\":\"ImageObject\",\"inLanguage\":\"de\",\"@id\":\"http:\/\/stuggitv.com\/?p=33579#primaryimage\",\"url\":\"http:\/\/stuggitv.com\/wp-content\/uploads\/Joris_VSB_Foto_STUGGITV.jpg\",\"contentUrl\":\"http:\/\/stuggitv.com\/wp-content\/uploads\/Joris_VSB_Foto_STUGGITV.jpg\",\"width\":1920,\"height\":1080,\"caption\":\"Wir haben Joris zum TRIFFT-Interview empfangen. (Foto: STUGGI.TV)\"},{\"@type\":\"BreadcrumbList\",\"@id\":\"http:\/\/stuggitv.com\/?p=33579#breadcrumb\",\"itemListElement\":[{\"@type\":\"ListItem\",\"position\":1,\"name\":\"STUGGI.TV\",\"item\":\"http:\/\/stuggitv.com\/\"},{\"@type\":\"ListItem\",\"position\":2,\"name\":\"Joris im Interview: &quot;Stuggi ist quasi unsere Heimat&quot;\"}]},{\"@type\":\"WebSite\",\"@id\":\"http:\/\/stuggitv.com\/#website\",\"url\":\"http:\/\/stuggitv.com\/\",\"name\":\"STUGGI.TV\",\"description\":\"Der Onlinesender f\u00fcr Stuttgart\",\"publisher\":{\"@id\":\"http:\/\/stuggitv.com\/#organization\"},\"potentialAction\":[{\"@type\":\"SearchAction\",\"target\":{\"@type\":\"EntryPoint\",\"urlTemplate\":\"http:\/\/stuggitv.com\/?s={search_term_string}\"},\"query-input\":{\"@type\":\"PropertyValueSpecification\",\"valueRequired\":true,\"valueName\":\"search_term_string\"}}],\"inLanguage\":\"de\"},{\"@type\":\"Organization\",\"@id\":\"http:\/\/stuggitv.com\/#organization\",\"name\":\"STUGGI.TV\",\"url\":\"http:\/\/stuggitv.com\/\",\"logo\":{\"@type\":\"ImageObject\",\"inLanguage\":\"de\",\"@id\":\"http:\/\/stuggitv.com\/#\/schema\/logo\/image\/\",\"url\":\"http:\/\/stuggitv.com\/wp-content\/uploads\/stuggitv_logo_rgb.jpg\",\"contentUrl\":\"http:\/\/stuggitv.com\/wp-content\/uploads\/stuggitv_logo_rgb.jpg\",\"width\":320,\"height\":78,\"caption\":\"STUGGI.TV\"},\"image\":{\"@id\":\"http:\/\/stuggitv.com\/#\/schema\/logo\/image\/\"},\"sameAs\":[\"https:\/\/www.facebook.com\/stuggitv\",\"https:\/\/x.com\/stuggitv\"]},{\"@type\":\"Person\",\"@id\":\"http:\/\/stuggitv.com\/#\/schema\/person\/bc659dc40ec2408a9143d7dc55c3681f\",\"name\":\"Julian Ruffner\",\"image\":{\"@type\":\"ImageObject\",\"inLanguage\":\"de\",\"@id\":\"http:\/\/stuggitv.com\/#\/schema\/person\/image\/\",\"url\":\"https:\/\/secure.gravatar.com\/avatar\/24e24af42ca3c5b29e63b8ae08208c24e88c1c61d68c8e2c9a6a443e22c76022?s=96&d=mm&r=g\",\"contentUrl\":\"https:\/\/secure.gravatar.com\/avatar\/24e24af42ca3c5b29e63b8ae08208c24e88c1c61d68c8e2c9a6a443e22c76022?s=96&d=mm&r=g\",\"caption\":\"Julian Ruffner\"},\"description\":\"\u2026weil es hier nie langweilig wird. Egal ob auf der Theo oder beim Teehaus.\",\"url\":\"http:\/\/stuggitv.com\/?author=1252\"}]}<\/script>\n<!-- \/ Yoast SEO plugin. -->","yoast_head_json":{"title":"Joris im Interview: &quot;Stuggi ist quasi unsere Heimat&quot; - STUGGI.TV","robots":{"index":"index","follow":"follow","max-snippet":"max-snippet:-1","max-image-preview":"max-image-preview:large","max-video-preview":"max-video-preview:-1"},"canonical":"http:\/\/stuggitv.com\/?p=33579","og_locale":"de_DE","og_type":"article","og_title":"Joris im Interview: &quot;Stuggi ist quasi unsere Heimat&quot; - STUGGI.TV","og_description":"Mit seinem ersten gro\u00dfen Hit \u201eHerz \u00fcber Kopf\u201c\u00a0st\u00fcrmte er die Spitze der deutschen Charts und r\u00e4umte daraufhin gleich drei Echos ab. Nun ist Joris nach drei Jahren Pause mit seinem neuen Album \u201eSchrei es raus\u201c auf Tour. Unser Moderator Julian [&hellip;]","og_url":"http:\/\/stuggitv.com\/?p=33579","og_site_name":"STUGGI.TV","article_publisher":"https:\/\/www.facebook.com\/stuggitv","article_published_time":"2018-11-05T11:39:53+00:00","article_modified_time":"2019-12-28T16:33:17+00:00","og_image":[{"width":1920,"height":1080,"url":"http:\/\/stuggitv.com\/wp-content\/uploads\/Joris_VSB_Foto_STUGGITV.jpg","type":"image\/jpeg"}],"author":"Julian Ruffner","twitter_card":"summary_large_image","twitter_creator":"@stuggitv","twitter_site":"@stuggitv","twitter_misc":{"Verfasst von":"Julian Ruffner","Gesch\u00e4tzte Lesezeit":"1\u00a0Minute"},"schema":{"@context":"https:\/\/schema.org","@graph":[{"@type":"Article","@id":"http:\/\/stuggitv.com\/?p=33579#article","isPartOf":{"@id":"http:\/\/stuggitv.com\/?p=33579"},"author":{"name":"Julian Ruffner","@id":"http:\/\/stuggitv.com\/#\/schema\/person\/bc659dc40ec2408a9143d7dc55c3681f"},"headline":"Joris im Interview: &quot;Stuggi ist quasi unsere Heimat&quot;","datePublished":"2018-11-05T11:39:53+00:00","dateModified":"2019-12-28T16:33:17+00:00","mainEntityOfPage":{"@id":"http:\/\/stuggitv.com\/?p=33579"},"wordCount":234,"publisher":{"@id":"http:\/\/stuggitv.com\/#organization"},"image":{"@id":"http:\/\/stuggitv.com\/?p=33579#primaryimage"},"thumbnailUrl":"http:\/\/stuggitv.com\/wp-content\/uploads\/Joris_VSB_Foto_STUGGITV.jpg","articleSection":["TRIFFT..."],"inLanguage":"de"},{"@type":"WebPage","@id":"http:\/\/stuggitv.com\/?p=33579","url":"http:\/\/stuggitv.com\/?p=33579","name":"Joris im Interview: &quot;Stuggi ist quasi unsere Heimat&quot; - STUGGI.TV","isPartOf":{"@id":"http:\/\/stuggitv.com\/#website"},"primaryImageOfPage":{"@id":"http:\/\/stuggitv.com\/?p=33579#primaryimage"},"image":{"@id":"http:\/\/stuggitv.com\/?p=33579#primaryimage"},"thumbnailUrl":"http:\/\/stuggitv.com\/wp-content\/uploads\/Joris_VSB_Foto_STUGGITV.jpg","datePublished":"2018-11-05T11:39:53+00:00","dateModified":"2019-12-28T16:33:17+00:00","breadcrumb":{"@id":"http:\/\/stuggitv.com\/?p=33579#breadcrumb"},"inLanguage":"de","potentialAction":[{"@type":"ReadAction","target":["http:\/\/stuggitv.com\/?p=33579"]}]},{"@type":"ImageObject","inLanguage":"de","@id":"http:\/\/stuggitv.com\/?p=33579#primaryimage","url":"http:\/\/stuggitv.com\/wp-content\/uploads\/Joris_VSB_Foto_STUGGITV.jpg","contentUrl":"http:\/\/stuggitv.com\/wp-content\/uploads\/Joris_VSB_Foto_STUGGITV.jpg","width":1920,"height":1080,"caption":"Wir haben Joris zum TRIFFT-Interview empfangen. (Foto: STUGGI.TV)"},{"@type":"BreadcrumbList","@id":"http:\/\/stuggitv.com\/?p=33579#breadcrumb","itemListElement":[{"@type":"ListItem","position":1,"name":"STUGGI.TV","item":"http:\/\/stuggitv.com\/"},{"@type":"ListItem","position":2,"name":"Joris im Interview: &quot;Stuggi ist quasi unsere Heimat&quot;"}]},{"@type":"WebSite","@id":"http:\/\/stuggitv.com\/#website","url":"http:\/\/stuggitv.com\/","name":"STUGGI.TV","description":"Der Onlinesender f\u00fcr Stuttgart","publisher":{"@id":"http:\/\/stuggitv.com\/#organization"},"potentialAction":[{"@type":"SearchAction","target":{"@type":"EntryPoint","urlTemplate":"http:\/\/stuggitv.com\/?s={search_term_string}"},"query-input":{"@type":"PropertyValueSpecification","valueRequired":true,"valueName":"search_term_string"}}],"inLanguage":"de"},{"@type":"Organization","@id":"http:\/\/stuggitv.com\/#organization","name":"STUGGI.TV","url":"http:\/\/stuggitv.com\/","logo":{"@type":"ImageObject","inLanguage":"de","@id":"http:\/\/stuggitv.com\/#\/schema\/logo\/image\/","url":"http:\/\/stuggitv.com\/wp-content\/uploads\/stuggitv_logo_rgb.jpg","contentUrl":"http:\/\/stuggitv.com\/wp-content\/uploads\/stuggitv_logo_rgb.jpg","width":320,"height":78,"caption":"STUGGI.TV"},"image":{"@id":"http:\/\/stuggitv.com\/#\/schema\/logo\/image\/"},"sameAs":["https:\/\/www.facebook.com\/stuggitv","https:\/\/x.com\/stuggitv"]},{"@type":"Person","@id":"http:\/\/stuggitv.com\/#\/schema\/person\/bc659dc40ec2408a9143d7dc55c3681f","name":"Julian Ruffner","image":{"@type":"ImageObject","inLanguage":"de","@id":"http:\/\/stuggitv.com\/#\/schema\/person\/image\/","url":"https:\/\/secure.gravatar.com\/avatar\/24e24af42ca3c5b29e63b8ae08208c24e88c1c61d68c8e2c9a6a443e22c76022?s=96&d=mm&r=g","contentUrl":"https:\/\/secure.gravatar.com\/avatar\/24e24af42ca3c5b29e63b8ae08208c24e88c1c61d68c8e2c9a6a443e22c76022?s=96&d=mm&r=g","caption":"Julian Ruffner"},"description":"\u2026weil es hier nie langweilig wird. Egal ob auf der Theo oder beim Teehaus.","url":"http:\/\/stuggitv.com\/?author=1252"}]}},"_links":{"self":[{"href":"http:\/\/stuggitv.com\/index.php?rest_route=\/wp\/v2\/posts\/33579","targetHints":{"allow":["GET"]}}],"collection":[{"href":"http:\/\/stuggitv.com\/index.php?rest_route=\/wp\/v2\/posts"}],"about":[{"href":"http:\/\/stuggitv.com\/index.php?rest_route=\/wp\/v2\/types\/post"}],"author":[{"embeddable":true,"href":"http:\/\/stuggitv.com\/index.php?rest_route=\/wp\/v2\/users\/1252"}],"replies":[{"embeddable":true,"href":"http:\/\/stuggitv.com\/index.php?rest_route=%2Fwp%2Fv2%2Fcomments&post=33579"}],"version-history":[{"count":1,"href":"http:\/\/stuggitv.com\/index.php?rest_route=\/wp\/v2\/posts\/33579\/revisions"}],"predecessor-version":[{"id":43860,"href":"http:\/\/stuggitv.com\/index.php?rest_route=\/wp\/v2\/posts\/33579\/revisions\/43860"}],"wp:featuredmedia":[{"embeddable":true,"href":"http:\/\/stuggitv.com\/index.php?rest_route=\/wp\/v2\/media\/43859"}],"wp:attachment":[{"href":"http:\/\/stuggitv.com\/index.php?rest_route=%2Fwp%2Fv2%2Fmedia&parent=33579"}],"wp:term":[{"taxonomy":"category","embeddable":true,"href":"http:\/\/stuggitv.com\/index.php?rest_route=%2Fwp%2Fv2%2Fcategories&post=33579"},{"taxonomy":"post_tag","embeddable":true,"href":"http:\/\/stuggitv.com\/index.php?rest_route=%2Fwp%2Fv2%2Ftags&post=33579"}],"curies":[{"name":"wp","href":"https:\/\/api.w.org\/{rel}","templated":true}]}}