{"id":52024,"date":"2020-11-03T18:03:25","date_gmt":"2020-11-03T17:03:25","guid":{"rendered":"https:\/\/www.stuggi.tv\/?p=52024"},"modified":"2020-11-03T18:03:25","modified_gmt":"2020-11-03T17:03:25","slug":"ueberraschung-am-kamin-christoph-ozasek-empfaengt-martin-koerner-zum-rot-rot-gipfel","status":"publish","type":"post","link":"http:\/\/stuggitv.com\/?p=52024","title":{"rendered":"\u00dcberraschung am Kamin: Christoph Ozasek empf\u00e4ngt Martin K\u00f6rner zum Rot-Rot-Gipfel"},"content":{"rendered":"<h4>K\u00f6rner setzt sich insbesondere f\u00fcr den Wohnungsbau ein<\/h4>\n<p>&#8222;Ob die so gut sind, wie ich die zu Hause mache?\u201c: Martin K\u00f6rner ist zun\u00e4chst skeptisch, als ihm Stadtrat Christoph Ozasek \u00fcberraschend sein Leibgericht serviert. Schlussendlich lobt der OB-Kandidat K\u00f6rner die Spaghetti Carbonara (&#8222;sehr gut&#8220;), obwohl er w\u00e4hrend des \u00fcber 20-min\u00fctigen Gespr\u00e4chs kaum zum Essen kommt. &#8222;Stuttgart ist meine Heimat geworden, ich liebe diese Stadt einfach&#8220;, gesteht der SPD-Fraktionsvorsitzende im Gespr\u00e4ch mit dem Linkenpolitiker. Ihm sei mittlerweile klar geworden, dass er in der Kommunalpolitik zu Hause ist, einfach weil man hier mehr konkret bewegen k\u00f6nne. Insbesondere das Thema Wohnen m\u00f6chte er zur Chefsache machen. &#8222;Das, was wir bisher gemacht haben, ist zu wenig.&#8220; Die Stadt m\u00fcsse selbst viel aktiver werden, Grundst\u00fccke erwerben und g\u00fcnstig vermieten. &#8222;Aber wir brauchen auch den Neubau\u201c. Ozasek hakt nach: &#8222;Hand aufs Herz: Wo wird gebaut, wenn du OB wirst?\u201c. K\u00f6rner verr\u00e4t vage: &#8222;Am Siedlingsrand, auch da, wo Arbeitspl\u00e4tze sind und die Stadtbahn hinkommt\u201c. Einen Neubau am Birkacher Feld schlie\u00dft der 50-j\u00e4hrige K\u00f6rner dabei ausdr\u00fccklich nicht aus. Hierf\u00fcr w\u00fcrde er aber einen B\u00fcrgerentscheid initiieren.<\/p>\n<h4>K\u00f6rner: &#8222;Wir m\u00fcssen den Zustand in den Schulen deutlich verbessern&#8220;<\/h4>\n<p class=\"p1\">Auch der Zustand in den Schulen soll sich unter Martin K\u00f6rner verbessern. Hier wird er auch konkret: &#8222;Die R\u00e4umlichkeiten m\u00fcssen gut aussehen, die Toiletten problemlos funktionieren, die modernsten Medien m\u00fcssen verf\u00fcgbar sein\u201c. Andere St\u00e4dte wie Mannheim und Hamburg sollen dabei als Vorbild dienen. Auch Kinder aus Familien, die kein &#8222;5-Meter-Buchregal zu Hause haben&#8220;, sollen einen Zugang zu guter Bildung erhalten. Daf\u00fcr m\u00f6chte K\u00f6rner den Schulen auch ein Budget zur Verf\u00fcgung stellen, um kleinere Projekte direkt und alleinig umsetzen zu k\u00f6nnen. Bei einem Thema sind sich die Gemeinderats-Kollegen besonders einig. Noch mehr Menschen in Stuttgart sollen auf das Rad umsteigen. &#8222;Das ist gesund f\u00fcr die Menschen und gut f\u00fcr den Stadtverkehr\u201c, sagt K\u00f6rner. Ozasek will wissen, ob die Radfahrer mehr Fl\u00e4che im Stra\u00dfennetz bekommen. Die Steilvorlage nimmt K\u00f6rner direkt auf, \u00e4hnelt in seiner Aussage fast einem Gr\u00fcnen-Politiker: &#8222;Ja, wir m\u00fcssen viele Parkpl\u00e4tze rausnehmen und gescheite Fahrradspuren machen.\u201c<\/p>\n<h4>Sechs Fragen an Martin K\u00f6rner<\/h4>\n<p><strong>1. Stuttgart ist einzigartig und jeder Stadtteil hat etwas anderes Tolles zu bieten. Wenn Sie sich entscheiden m\u00fcssten: Ihr Lieblings-Stadtteil und wieso?<\/strong><\/p>\n<p>Ostheim. Hier ist das wahre Leben, mit aller Vielfalt, Sch\u00f6nheit und auch mit allen Schwierigkeiten, die das urbane Leben mit sich bringt.<\/p>\n<p><strong>2. Stuttgart hat durch seine H\u00fcgellage viele tolle Aussichtspunkte auf die Stadt zu bieten. Welches ist Ihr liebster?<\/strong><\/p>\n<p>Von der Grabkapelle \u00fcber die Weinberge ins industrielle Neckartal.<\/p>\n<p><strong>3. Lieblingsspeise?<\/strong><\/p>\n<p>Spaghetti Carbonara.<\/p>\n<p><strong>4. Lieblingsgetr\u00e4nk?<\/strong><\/p>\n<p>Pils.<\/p>\n<p><strong>5. Lieblings-Sportverein?<\/strong><\/p>\n<p>VfB.<\/p>\n<p><strong>6. Wenn Sie am Wahlabend oder auch sonst etwas zu feiern haben: Wo gehen Sie in Stuttgart am liebsten aus?<\/strong><\/p>\n<p>La Piazza, vor bzw. hinter dem Stadtpalais.<\/p>\n<h4>Alle 14 Kandidaten im Video<\/h4>\n<p>Alle zugelassenen Kandidatinnen und Kandidaten zur OB-Wahl 2020 stellen sich <a href=\"http:\/\/stuggitv.com\/2020\/10\/offizielle-vorstellung-der-stadt-ob-kandidaten-praesentieren-sich-in-der-schleyer-halle\/\">hier im Video<\/a> vor.<\/p>\n<h4>Kurz und b\u00fcndig: Die OB-Kandidaten stellen sich in &#8222;Auf den Punkt&#8220; n\u00e4her vor<\/h4>\n<ul>\n<li>Hannes Rockenbauch (<a href=\"http:\/\/stuggitv.com\/2020\/09\/ob-wahl-auf-den-punkt-hannes-rockenbauch\/\" target=\"_blank\" rel=\"noopener noreferrer\">zum Video<\/a>)<\/li>\n<li>Martin K\u00f6rner (<a href=\"http:\/\/stuggitv.com\/2020\/09\/ob-wahl-auf-den-punkt-martin-koerner\/\">zum Video<\/a>)<\/li>\n<li>Marian Schreier (<a href=\"http:\/\/stuggitv.com\/2020\/09\/ob-wahl-auf-den-punkt-marian-schreier\/\">zum Video<\/a>)<\/li>\n<li>Frank Nopper (<a href=\"http:\/\/stuggitv.com\/2020\/09\/ob-wahl-auf-den-punkt-frank-nopper\/\">zum Video<\/a>)<\/li>\n<li>Veronika Kienzle (<a href=\"http:\/\/stuggitv.com\/2020\/10\/ob-wahl-auf-den-punkt-veronika-kienzle\/\">zum Video<\/a>)<\/li>\n<\/ul>\n<h4>Die OB-Wahl bei STUGGI.TV<\/h4>\n<p>Unser Onlinesender bietet eine umfangreiche Berichterstattung zur diesj\u00e4hrigen OB-Wahl in der Landeshauptstadt an. Auf der Sendungsseite <a href=\"http:\/\/stuggitv.com\/kategorie\/ob-wahl\">OB-Wahl<\/a> findet ihr alle Sendungen. Auch am Wahlabend des 8. November berichtet STUGGI.TV live. Sollte es einen zweiten Wahlgang am 29.11. geben, erfahrt ihr ebenfalls live bei STUGGI.TV, wer der zuk\u00fcnftige Oberb\u00fcrgermeister oder die zuk\u00fcnftige Oberb\u00fcrgermeisterin in Stuttgart wird.<\/p>\n","protected":false},"excerpt":{"rendered":"<p>K\u00f6rner setzt sich insbesondere f\u00fcr den Wohnungsbau ein &#8222;Ob die so gut sind, wie ich die zu Hause mache?\u201c: Martin K\u00f6rner ist zun\u00e4chst skeptisch, als ihm Stadtrat Christoph Ozasek \u00fcberraschend sein Leibgericht serviert. Schlussendlich lobt der OB-Kandidat K\u00f6rner die Spaghetti [&hellip;]<\/p>\n","protected":false},"author":7,"featured_media":52149,"comment_status":"closed","ping_status":"closed","sticky":false,"template":"","format":"standard","meta":{"footnotes":""},"categories":[78,5],"tags":[445,410,66,65,68,446],"class_list":["post-52024","post","type-post","status-publish","format-standard","has-post-thumbnail","hentry","category-ob-wahl","category-stuggi-tv-trifft","tag-christoph-ozasek","tag-koerner","tag-martin-koerner","tag-ob-wahl-2020","tag-ob-wahl","tag-ozasek"],"read":true,"yoast_head":"<!-- This site is optimized with the Yoast SEO plugin v27.1.1 - https:\/\/yoast.com\/product\/yoast-seo-wordpress\/ -->\n<title>\u00dcberraschung am Kamin: Christoph Ozasek empf\u00e4ngt Martin K\u00f6rner zum Rot-Rot-Gipfel - STUGGI.TV<\/title>\n<meta name=\"robots\" content=\"index, follow, max-snippet:-1, max-image-preview:large, max-video-preview:-1\" \/>\n<link rel=\"canonical\" href=\"http:\/\/stuggitv.com\/?p=52024\" \/>\n<meta property=\"og:locale\" content=\"de_DE\" \/>\n<meta property=\"og:type\" content=\"article\" \/>\n<meta property=\"og:title\" content=\"\u00dcberraschung am Kamin: Christoph Ozasek empf\u00e4ngt Martin K\u00f6rner zum Rot-Rot-Gipfel - STUGGI.TV\" \/>\n<meta property=\"og:description\" content=\"K\u00f6rner setzt sich insbesondere f\u00fcr den Wohnungsbau ein &#8222;Ob die so gut sind, wie ich die zu Hause mache?\u201c: Martin K\u00f6rner ist zun\u00e4chst skeptisch, als ihm Stadtrat Christoph Ozasek \u00fcberraschend sein Leibgericht serviert. Schlussendlich lobt der OB-Kandidat K\u00f6rner die Spaghetti [&hellip;]\" \/>\n<meta property=\"og:url\" content=\"http:\/\/stuggitv.com\/?p=52024\" \/>\n<meta property=\"og:site_name\" content=\"STUGGI.TV\" \/>\n<meta property=\"article:publisher\" content=\"https:\/\/www.facebook.com\/stuggitv\" \/>\n<meta property=\"article:published_time\" content=\"2020-11-03T17:03:25+00:00\" \/>\n<meta property=\"og:image\" content=\"http:\/\/stuggitv.com\/wp-content\/uploads\/Martin-Koerner_2-Kaminfeuer_OB-Wahl_BB_Foto_STUGGITV.jpg\" \/>\n\t<meta property=\"og:image:width\" content=\"1500\" \/>\n\t<meta property=\"og:image:height\" content=\"1000\" \/>\n\t<meta property=\"og:image:type\" content=\"image\/jpeg\" \/>\n<meta name=\"author\" content=\"David Luis Rau\" \/>\n<meta name=\"twitter:card\" content=\"summary_large_image\" \/>\n<meta name=\"twitter:creator\" content=\"@http:\/\/www.twitter.com\/davidluis\" \/>\n<meta name=\"twitter:site\" content=\"@stuggitv\" \/>\n<meta name=\"twitter:label1\" content=\"Verfasst von\" \/>\n\t<meta name=\"twitter:data1\" content=\"David Luis Rau\" \/>\n\t<meta name=\"twitter:label2\" content=\"Gesch\u00e4tzte Lesezeit\" \/>\n\t<meta name=\"twitter:data2\" content=\"3\u00a0Minuten\" \/>\n<script type=\"application\/ld+json\" class=\"yoast-schema-graph\">{\"@context\":\"https:\/\/schema.org\",\"@graph\":[{\"@type\":\"Article\",\"@id\":\"http:\/\/stuggitv.com\/?p=52024#article\",\"isPartOf\":{\"@id\":\"http:\/\/stuggitv.com\/?p=52024\"},\"author\":{\"name\":\"David Luis Rau\",\"@id\":\"http:\/\/stuggitv.com\/#\/schema\/person\/3fb7e7bcb15b87c04fb94f653cc4327b\"},\"headline\":\"\u00dcberraschung am Kamin: Christoph Ozasek empf\u00e4ngt Martin K\u00f6rner zum Rot-Rot-Gipfel\",\"datePublished\":\"2020-11-03T17:03:25+00:00\",\"mainEntityOfPage\":{\"@id\":\"http:\/\/stuggitv.com\/?p=52024\"},\"wordCount\":620,\"publisher\":{\"@id\":\"http:\/\/stuggitv.com\/#organization\"},\"image\":{\"@id\":\"http:\/\/stuggitv.com\/?p=52024#primaryimage\"},\"thumbnailUrl\":\"http:\/\/stuggitv.com\/wp-content\/uploads\/Martin-Koerner_2-Kaminfeuer_OB-Wahl_BB_Foto_STUGGITV.jpg\",\"keywords\":[\"Christoph Ozasek\",\"K\u00f6rner\",\"Martin K\u00f6rner\",\"OB Wahl 2020\",\"OB-Wahl\",\"Ozasek\"],\"articleSection\":[\"OB-Wahl\",\"TRIFFT...\"],\"inLanguage\":\"de\"},{\"@type\":\"WebPage\",\"@id\":\"http:\/\/stuggitv.com\/?p=52024\",\"url\":\"http:\/\/stuggitv.com\/?p=52024\",\"name\":\"\u00dcberraschung am Kamin: Christoph Ozasek empf\u00e4ngt Martin K\u00f6rner zum Rot-Rot-Gipfel - STUGGI.TV\",\"isPartOf\":{\"@id\":\"http:\/\/stuggitv.com\/#website\"},\"primaryImageOfPage\":{\"@id\":\"http:\/\/stuggitv.com\/?p=52024#primaryimage\"},\"image\":{\"@id\":\"http:\/\/stuggitv.com\/?p=52024#primaryimage\"},\"thumbnailUrl\":\"http:\/\/stuggitv.com\/wp-content\/uploads\/Martin-Koerner_2-Kaminfeuer_OB-Wahl_BB_Foto_STUGGITV.jpg\",\"datePublished\":\"2020-11-03T17:03:25+00:00\",\"breadcrumb\":{\"@id\":\"http:\/\/stuggitv.com\/?p=52024#breadcrumb\"},\"inLanguage\":\"de\",\"potentialAction\":[{\"@type\":\"ReadAction\",\"target\":[\"http:\/\/stuggitv.com\/?p=52024\"]}]},{\"@type\":\"ImageObject\",\"inLanguage\":\"de\",\"@id\":\"http:\/\/stuggitv.com\/?p=52024#primaryimage\",\"url\":\"http:\/\/stuggitv.com\/wp-content\/uploads\/Martin-Koerner_2-Kaminfeuer_OB-Wahl_BB_Foto_STUGGITV.jpg\",\"contentUrl\":\"http:\/\/stuggitv.com\/wp-content\/uploads\/Martin-Koerner_2-Kaminfeuer_OB-Wahl_BB_Foto_STUGGITV.jpg\",\"width\":1500,\"height\":1000,\"caption\":\"OB-Kandidat Martin K\u00f6rner stellt sich den Fragen von \u00dcberraschungsgast Chrisoph Ozasek. (Foto: STUGGI.TV)\"},{\"@type\":\"BreadcrumbList\",\"@id\":\"http:\/\/stuggitv.com\/?p=52024#breadcrumb\",\"itemListElement\":[{\"@type\":\"ListItem\",\"position\":1,\"name\":\"STUGGI.TV\",\"item\":\"http:\/\/stuggitv.com\/\"},{\"@type\":\"ListItem\",\"position\":2,\"name\":\"\u00dcberraschung am Kamin: Christoph Ozasek empf\u00e4ngt Martin K\u00f6rner zum Rot-Rot-Gipfel\"}]},{\"@type\":\"WebSite\",\"@id\":\"http:\/\/stuggitv.com\/#website\",\"url\":\"http:\/\/stuggitv.com\/\",\"name\":\"STUGGI.TV\",\"description\":\"Der Onlinesender f\u00fcr Stuttgart\",\"publisher\":{\"@id\":\"http:\/\/stuggitv.com\/#organization\"},\"potentialAction\":[{\"@type\":\"SearchAction\",\"target\":{\"@type\":\"EntryPoint\",\"urlTemplate\":\"http:\/\/stuggitv.com\/?s={search_term_string}\"},\"query-input\":{\"@type\":\"PropertyValueSpecification\",\"valueRequired\":true,\"valueName\":\"search_term_string\"}}],\"inLanguage\":\"de\"},{\"@type\":\"Organization\",\"@id\":\"http:\/\/stuggitv.com\/#organization\",\"name\":\"STUGGI.TV\",\"url\":\"http:\/\/stuggitv.com\/\",\"logo\":{\"@type\":\"ImageObject\",\"inLanguage\":\"de\",\"@id\":\"http:\/\/stuggitv.com\/#\/schema\/logo\/image\/\",\"url\":\"http:\/\/stuggitv.com\/wp-content\/uploads\/stuggitv_logo_rgb.jpg\",\"contentUrl\":\"http:\/\/stuggitv.com\/wp-content\/uploads\/stuggitv_logo_rgb.jpg\",\"width\":320,\"height\":78,\"caption\":\"STUGGI.TV\"},\"image\":{\"@id\":\"http:\/\/stuggitv.com\/#\/schema\/logo\/image\/\"},\"sameAs\":[\"https:\/\/www.facebook.com\/stuggitv\",\"https:\/\/x.com\/stuggitv\"]},{\"@type\":\"Person\",\"@id\":\"http:\/\/stuggitv.com\/#\/schema\/person\/3fb7e7bcb15b87c04fb94f653cc4327b\",\"name\":\"David Luis Rau\",\"image\":{\"@type\":\"ImageObject\",\"inLanguage\":\"de\",\"@id\":\"http:\/\/stuggitv.com\/#\/schema\/person\/image\/\",\"url\":\"https:\/\/secure.gravatar.com\/avatar\/ed233418ae33f97764f76dfcd0645a138f4ad0f161322b19147a19a217cd8c2e?s=96&d=mm&r=g\",\"contentUrl\":\"https:\/\/secure.gravatar.com\/avatar\/ed233418ae33f97764f76dfcd0645a138f4ad0f161322b19147a19a217cd8c2e?s=96&d=mm&r=g\",\"caption\":\"David Luis Rau\"},\"description\":\"\u2026weil du immer eine neue Ecke entdeckst, wenn du denkst, du hast in 0711 schon alles gesehen.\",\"sameAs\":[\"https:\/\/x.com\/http:\/\/www.twitter.com\/davidluis\"],\"url\":\"http:\/\/stuggitv.com\/?author=7\"}]}<\/script>\n<!-- \/ Yoast SEO plugin. -->","yoast_head_json":{"title":"\u00dcberraschung am Kamin: Christoph Ozasek empf\u00e4ngt Martin K\u00f6rner zum Rot-Rot-Gipfel - STUGGI.TV","robots":{"index":"index","follow":"follow","max-snippet":"max-snippet:-1","max-image-preview":"max-image-preview:large","max-video-preview":"max-video-preview:-1"},"canonical":"http:\/\/stuggitv.com\/?p=52024","og_locale":"de_DE","og_type":"article","og_title":"\u00dcberraschung am Kamin: Christoph Ozasek empf\u00e4ngt Martin K\u00f6rner zum Rot-Rot-Gipfel - STUGGI.TV","og_description":"K\u00f6rner setzt sich insbesondere f\u00fcr den Wohnungsbau ein &#8222;Ob die so gut sind, wie ich die zu Hause mache?\u201c: Martin K\u00f6rner ist zun\u00e4chst skeptisch, als ihm Stadtrat Christoph Ozasek \u00fcberraschend sein Leibgericht serviert. Schlussendlich lobt der OB-Kandidat K\u00f6rner die Spaghetti [&hellip;]","og_url":"http:\/\/stuggitv.com\/?p=52024","og_site_name":"STUGGI.TV","article_publisher":"https:\/\/www.facebook.com\/stuggitv","article_published_time":"2020-11-03T17:03:25+00:00","og_image":[{"width":1500,"height":1000,"url":"http:\/\/stuggitv.com\/wp-content\/uploads\/Martin-Koerner_2-Kaminfeuer_OB-Wahl_BB_Foto_STUGGITV.jpg","type":"image\/jpeg"}],"author":"David Luis Rau","twitter_card":"summary_large_image","twitter_creator":"@http:\/\/www.twitter.com\/davidluis","twitter_site":"@stuggitv","twitter_misc":{"Verfasst von":"David Luis Rau","Gesch\u00e4tzte Lesezeit":"3\u00a0Minuten"},"schema":{"@context":"https:\/\/schema.org","@graph":[{"@type":"Article","@id":"http:\/\/stuggitv.com\/?p=52024#article","isPartOf":{"@id":"http:\/\/stuggitv.com\/?p=52024"},"author":{"name":"David Luis Rau","@id":"http:\/\/stuggitv.com\/#\/schema\/person\/3fb7e7bcb15b87c04fb94f653cc4327b"},"headline":"\u00dcberraschung am Kamin: Christoph Ozasek empf\u00e4ngt Martin K\u00f6rner zum Rot-Rot-Gipfel","datePublished":"2020-11-03T17:03:25+00:00","mainEntityOfPage":{"@id":"http:\/\/stuggitv.com\/?p=52024"},"wordCount":620,"publisher":{"@id":"http:\/\/stuggitv.com\/#organization"},"image":{"@id":"http:\/\/stuggitv.com\/?p=52024#primaryimage"},"thumbnailUrl":"http:\/\/stuggitv.com\/wp-content\/uploads\/Martin-Koerner_2-Kaminfeuer_OB-Wahl_BB_Foto_STUGGITV.jpg","keywords":["Christoph Ozasek","K\u00f6rner","Martin K\u00f6rner","OB Wahl 2020","OB-Wahl","Ozasek"],"articleSection":["OB-Wahl","TRIFFT..."],"inLanguage":"de"},{"@type":"WebPage","@id":"http:\/\/stuggitv.com\/?p=52024","url":"http:\/\/stuggitv.com\/?p=52024","name":"\u00dcberraschung am Kamin: Christoph Ozasek empf\u00e4ngt Martin K\u00f6rner zum Rot-Rot-Gipfel - STUGGI.TV","isPartOf":{"@id":"http:\/\/stuggitv.com\/#website"},"primaryImageOfPage":{"@id":"http:\/\/stuggitv.com\/?p=52024#primaryimage"},"image":{"@id":"http:\/\/stuggitv.com\/?p=52024#primaryimage"},"thumbnailUrl":"http:\/\/stuggitv.com\/wp-content\/uploads\/Martin-Koerner_2-Kaminfeuer_OB-Wahl_BB_Foto_STUGGITV.jpg","datePublished":"2020-11-03T17:03:25+00:00","breadcrumb":{"@id":"http:\/\/stuggitv.com\/?p=52024#breadcrumb"},"inLanguage":"de","potentialAction":[{"@type":"ReadAction","target":["http:\/\/stuggitv.com\/?p=52024"]}]},{"@type":"ImageObject","inLanguage":"de","@id":"http:\/\/stuggitv.com\/?p=52024#primaryimage","url":"http:\/\/stuggitv.com\/wp-content\/uploads\/Martin-Koerner_2-Kaminfeuer_OB-Wahl_BB_Foto_STUGGITV.jpg","contentUrl":"http:\/\/stuggitv.com\/wp-content\/uploads\/Martin-Koerner_2-Kaminfeuer_OB-Wahl_BB_Foto_STUGGITV.jpg","width":1500,"height":1000,"caption":"OB-Kandidat Martin K\u00f6rner stellt sich den Fragen von \u00dcberraschungsgast Chrisoph Ozasek. (Foto: STUGGI.TV)"},{"@type":"BreadcrumbList","@id":"http:\/\/stuggitv.com\/?p=52024#breadcrumb","itemListElement":[{"@type":"ListItem","position":1,"name":"STUGGI.TV","item":"http:\/\/stuggitv.com\/"},{"@type":"ListItem","position":2,"name":"\u00dcberraschung am Kamin: Christoph Ozasek empf\u00e4ngt Martin K\u00f6rner zum Rot-Rot-Gipfel"}]},{"@type":"WebSite","@id":"http:\/\/stuggitv.com\/#website","url":"http:\/\/stuggitv.com\/","name":"STUGGI.TV","description":"Der Onlinesender f\u00fcr Stuttgart","publisher":{"@id":"http:\/\/stuggitv.com\/#organization"},"potentialAction":[{"@type":"SearchAction","target":{"@type":"EntryPoint","urlTemplate":"http:\/\/stuggitv.com\/?s={search_term_string}"},"query-input":{"@type":"PropertyValueSpecification","valueRequired":true,"valueName":"search_term_string"}}],"inLanguage":"de"},{"@type":"Organization","@id":"http:\/\/stuggitv.com\/#organization","name":"STUGGI.TV","url":"http:\/\/stuggitv.com\/","logo":{"@type":"ImageObject","inLanguage":"de","@id":"http:\/\/stuggitv.com\/#\/schema\/logo\/image\/","url":"http:\/\/stuggitv.com\/wp-content\/uploads\/stuggitv_logo_rgb.jpg","contentUrl":"http:\/\/stuggitv.com\/wp-content\/uploads\/stuggitv_logo_rgb.jpg","width":320,"height":78,"caption":"STUGGI.TV"},"image":{"@id":"http:\/\/stuggitv.com\/#\/schema\/logo\/image\/"},"sameAs":["https:\/\/www.facebook.com\/stuggitv","https:\/\/x.com\/stuggitv"]},{"@type":"Person","@id":"http:\/\/stuggitv.com\/#\/schema\/person\/3fb7e7bcb15b87c04fb94f653cc4327b","name":"David Luis Rau","image":{"@type":"ImageObject","inLanguage":"de","@id":"http:\/\/stuggitv.com\/#\/schema\/person\/image\/","url":"https:\/\/secure.gravatar.com\/avatar\/ed233418ae33f97764f76dfcd0645a138f4ad0f161322b19147a19a217cd8c2e?s=96&d=mm&r=g","contentUrl":"https:\/\/secure.gravatar.com\/avatar\/ed233418ae33f97764f76dfcd0645a138f4ad0f161322b19147a19a217cd8c2e?s=96&d=mm&r=g","caption":"David Luis Rau"},"description":"\u2026weil du immer eine neue Ecke entdeckst, wenn du denkst, du hast in 0711 schon alles gesehen.","sameAs":["https:\/\/x.com\/http:\/\/www.twitter.com\/davidluis"],"url":"http:\/\/stuggitv.com\/?author=7"}]}},"_links":{"self":[{"href":"http:\/\/stuggitv.com\/index.php?rest_route=\/wp\/v2\/posts\/52024","targetHints":{"allow":["GET"]}}],"collection":[{"href":"http:\/\/stuggitv.com\/index.php?rest_route=\/wp\/v2\/posts"}],"about":[{"href":"http:\/\/stuggitv.com\/index.php?rest_route=\/wp\/v2\/types\/post"}],"author":[{"embeddable":true,"href":"http:\/\/stuggitv.com\/index.php?rest_route=\/wp\/v2\/users\/7"}],"replies":[{"embeddable":true,"href":"http:\/\/stuggitv.com\/index.php?rest_route=%2Fwp%2Fv2%2Fcomments&post=52024"}],"version-history":[{"count":29,"href":"http:\/\/stuggitv.com\/index.php?rest_route=\/wp\/v2\/posts\/52024\/revisions"}],"predecessor-version":[{"id":53536,"href":"http:\/\/stuggitv.com\/index.php?rest_route=\/wp\/v2\/posts\/52024\/revisions\/53536"}],"wp:featuredmedia":[{"embeddable":true,"href":"http:\/\/stuggitv.com\/index.php?rest_route=\/wp\/v2\/media\/52149"}],"wp:attachment":[{"href":"http:\/\/stuggitv.com\/index.php?rest_route=%2Fwp%2Fv2%2Fmedia&parent=52024"}],"wp:term":[{"taxonomy":"category","embeddable":true,"href":"http:\/\/stuggitv.com\/index.php?rest_route=%2Fwp%2Fv2%2Fcategories&post=52024"},{"taxonomy":"post_tag","embeddable":true,"href":"http:\/\/stuggitv.com\/index.php?rest_route=%2Fwp%2Fv2%2Ftags&post=52024"}],"curies":[{"name":"wp","href":"https:\/\/api.w.org\/{rel}","templated":true}]}}