{"id":54973,"date":"2020-12-28T11:07:40","date_gmt":"2020-12-28T10:07:40","guid":{"rendered":"https:\/\/www.stuggi.tv\/?p=54973"},"modified":"2022-12-19T14:49:35","modified_gmt":"2022-12-19T13:49:35","slug":"corona-silvester-wie-feiert-ihr-ins-neue-jahr-2021","status":"publish","type":"post","link":"http:\/\/stuggitv.com\/?p=54973","title":{"rendered":"Corona-Silvester: Wie feiert ihr ins neue Jahr 2021?"},"content":{"rendered":"<h4>Im Jahr 2020 gibt es maximal ein &#8222;Silvester light&#8220;<\/h4>\n<p>Die gro\u00dfe Silvesterparty zu Hause oder Feiern im Club &#8211; auf all das m\u00fcssen die Stuttgarter in diesem Jahr verzichten. Viele fangen mit der Silvester-Planung schon Monate vorher an. Die gro\u00dfe Party muss aufgrund von Corona in diesem Jahr aber leider ausfallen. Wie feiern die Stuttgarter stattdessen Corona-Silvester?<\/p>\n<h4>Video: Die Stuttgarter und ihre schlimmsten Silvester-Pannen<\/h4>\n<p>Ein Gutes hat das party- und b\u00f6llerfreie Silvester: Die Unfallgefahr wird deutlich minimiert. Was den Stuttgartern schon f\u00fcr Pannen passiert sind, haben sie uns im Video verraten =&gt; <a href=\"http:\/\/stuggitv.com\/2018\/12\/die-stuttgarter-und-ihre-schlimmsten-silvester-pannen\/\">Hier klicken.<\/a><\/p>\n","protected":false},"excerpt":{"rendered":"<p>Im Jahr 2020 gibt es maximal ein &#8222;Silvester light&#8220; Die gro\u00dfe Silvesterparty zu Hause oder Feiern im Club &#8211; auf all das m\u00fcssen die Stuttgarter in diesem Jahr verzichten. Viele fangen mit der Silvester-Planung schon Monate vorher an. Die gro\u00dfe [&hellip;]<\/p>\n","protected":false},"author":1278,"featured_media":55917,"comment_status":"closed","ping_status":"closed","sticky":false,"template":"","format":"standard","meta":{"footnotes":""},"categories":[16],"tags":[97,104,5502,5262,5472,5486,54,5471,3154],"class_list":["post-54973","post","type-post","status-publish","format-standard","has-post-thumbnail","hentry","category-das-sagt-stuttgart","tag-corona","tag-corona-in-stuttgart","tag-silvester-2020","tag-silvester-in-stuttgart","tag-strassenumfrage-in-stuttgart","tag-strassenumfrage-stuttgart","tag-stuttgart","tag-umfrage-in-stuttgart","tag-umfrage-stuttgart"],"read":true,"yoast_head":"<!-- This site is optimized with the Yoast SEO plugin v27.1.1 - https:\/\/yoast.com\/product\/yoast-seo-wordpress\/ -->\n<title>Corona-Silvester: Wie feiert ihr ins neue Jahr 2021? - STUGGI.TV<\/title>\n<meta name=\"robots\" content=\"index, follow, max-snippet:-1, max-image-preview:large, max-video-preview:-1\" \/>\n<link rel=\"canonical\" href=\"http:\/\/stuggitv.com\/?p=54973\" \/>\n<meta property=\"og:locale\" content=\"de_DE\" \/>\n<meta property=\"og:type\" content=\"article\" \/>\n<meta property=\"og:title\" content=\"Corona-Silvester: Wie feiert ihr ins neue Jahr 2021? - STUGGI.TV\" \/>\n<meta property=\"og:description\" content=\"Im Jahr 2020 gibt es maximal ein &#8222;Silvester light&#8220; Die gro\u00dfe Silvesterparty zu Hause oder Feiern im Club &#8211; auf all das m\u00fcssen die Stuttgarter in diesem Jahr verzichten. Viele fangen mit der Silvester-Planung schon Monate vorher an. Die gro\u00dfe [&hellip;]\" \/>\n<meta property=\"og:url\" content=\"http:\/\/stuggitv.com\/?p=54973\" \/>\n<meta property=\"og:site_name\" content=\"STUGGI.TV\" \/>\n<meta property=\"article:publisher\" content=\"https:\/\/www.facebook.com\/stuggitv\" \/>\n<meta property=\"article:published_time\" content=\"2020-12-28T10:07:40+00:00\" \/>\n<meta property=\"article:modified_time\" content=\"2022-12-19T13:49:35+00:00\" \/>\n<meta property=\"og:image\" content=\"http:\/\/stuggitv.com\/wp-content\/uploads\/Silvester-Corona-Pandemie-Umfrage_BB_Foto_STUGGITV.jpg\" \/>\n\t<meta property=\"og:image:width\" content=\"1500\" \/>\n\t<meta property=\"og:image:height\" content=\"1000\" \/>\n\t<meta property=\"og:image:type\" content=\"image\/jpeg\" \/>\n<meta name=\"author\" content=\"Sarah Lorena Wiest\" \/>\n<meta name=\"twitter:card\" content=\"summary_large_image\" \/>\n<meta name=\"twitter:creator\" content=\"@stuggitv\" \/>\n<meta name=\"twitter:site\" content=\"@stuggitv\" \/>\n<meta name=\"twitter:label1\" content=\"Verfasst von\" \/>\n\t<meta name=\"twitter:data1\" content=\"Sarah Lorena Wiest\" \/>\n<script type=\"application\/ld+json\" class=\"yoast-schema-graph\">{\"@context\":\"https:\/\/schema.org\",\"@graph\":[{\"@type\":\"Article\",\"@id\":\"http:\/\/stuggitv.com\/?p=54973#article\",\"isPartOf\":{\"@id\":\"http:\/\/stuggitv.com\/?p=54973\"},\"author\":{\"name\":\"Sarah Lorena Wiest\",\"@id\":\"http:\/\/stuggitv.com\/#\/schema\/person\/ccdfedf84a8802997e4c7c00b5809dd8\"},\"headline\":\"Corona-Silvester: Wie feiert ihr ins neue Jahr 2021?\",\"datePublished\":\"2020-12-28T10:07:40+00:00\",\"dateModified\":\"2022-12-19T13:49:35+00:00\",\"mainEntityOfPage\":{\"@id\":\"http:\/\/stuggitv.com\/?p=54973\"},\"wordCount\":105,\"publisher\":{\"@id\":\"http:\/\/stuggitv.com\/#organization\"},\"image\":{\"@id\":\"http:\/\/stuggitv.com\/?p=54973#primaryimage\"},\"thumbnailUrl\":\"http:\/\/stuggitv.com\/wp-content\/uploads\/Silvester-Corona-Pandemie-Umfrage_BB_Foto_STUGGITV.jpg\",\"keywords\":[\"Corona\",\"Corona in Stuttgart\",\"Silvester 2020\",\"Silvester in Stuttgart\",\"Stra\u00dfenumfrage in Stuttgart\",\"Stra\u00dfenumfrage Stuttgart\",\"Stuttgart\",\"Umfrage in Stuttgart\",\"Umfrage Stuttgart\"],\"articleSection\":[\"DAS SAGT STUTTGART\"],\"inLanguage\":\"de\"},{\"@type\":\"WebPage\",\"@id\":\"http:\/\/stuggitv.com\/?p=54973\",\"url\":\"http:\/\/stuggitv.com\/?p=54973\",\"name\":\"Corona-Silvester: Wie feiert ihr ins neue Jahr 2021? - STUGGI.TV\",\"isPartOf\":{\"@id\":\"http:\/\/stuggitv.com\/#website\"},\"primaryImageOfPage\":{\"@id\":\"http:\/\/stuggitv.com\/?p=54973#primaryimage\"},\"image\":{\"@id\":\"http:\/\/stuggitv.com\/?p=54973#primaryimage\"},\"thumbnailUrl\":\"http:\/\/stuggitv.com\/wp-content\/uploads\/Silvester-Corona-Pandemie-Umfrage_BB_Foto_STUGGITV.jpg\",\"datePublished\":\"2020-12-28T10:07:40+00:00\",\"dateModified\":\"2022-12-19T13:49:35+00:00\",\"breadcrumb\":{\"@id\":\"http:\/\/stuggitv.com\/?p=54973#breadcrumb\"},\"inLanguage\":\"de\",\"potentialAction\":[{\"@type\":\"ReadAction\",\"target\":[\"http:\/\/stuggitv.com\/?p=54973\"]}]},{\"@type\":\"ImageObject\",\"inLanguage\":\"de\",\"@id\":\"http:\/\/stuggitv.com\/?p=54973#primaryimage\",\"url\":\"http:\/\/stuggitv.com\/wp-content\/uploads\/Silvester-Corona-Pandemie-Umfrage_BB_Foto_STUGGITV.jpg\",\"contentUrl\":\"http:\/\/stuggitv.com\/wp-content\/uploads\/Silvester-Corona-Pandemie-Umfrage_BB_Foto_STUGGITV.jpg\",\"width\":1500,\"height\":1000,\"caption\":\"Corona-Silvester: Wie feiert ihr ins neue Jahr 2021? (Foto: STUGGI.TV)\"},{\"@type\":\"BreadcrumbList\",\"@id\":\"http:\/\/stuggitv.com\/?p=54973#breadcrumb\",\"itemListElement\":[{\"@type\":\"ListItem\",\"position\":1,\"name\":\"STUGGI.TV\",\"item\":\"http:\/\/stuggitv.com\/\"},{\"@type\":\"ListItem\",\"position\":2,\"name\":\"Corona-Silvester: Wie feiert ihr ins neue Jahr 2021?\"}]},{\"@type\":\"WebSite\",\"@id\":\"http:\/\/stuggitv.com\/#website\",\"url\":\"http:\/\/stuggitv.com\/\",\"name\":\"STUGGI.TV\",\"description\":\"Der Onlinesender f\u00fcr Stuttgart\",\"publisher\":{\"@id\":\"http:\/\/stuggitv.com\/#organization\"},\"potentialAction\":[{\"@type\":\"SearchAction\",\"target\":{\"@type\":\"EntryPoint\",\"urlTemplate\":\"http:\/\/stuggitv.com\/?s={search_term_string}\"},\"query-input\":{\"@type\":\"PropertyValueSpecification\",\"valueRequired\":true,\"valueName\":\"search_term_string\"}}],\"inLanguage\":\"de\"},{\"@type\":\"Organization\",\"@id\":\"http:\/\/stuggitv.com\/#organization\",\"name\":\"STUGGI.TV\",\"url\":\"http:\/\/stuggitv.com\/\",\"logo\":{\"@type\":\"ImageObject\",\"inLanguage\":\"de\",\"@id\":\"http:\/\/stuggitv.com\/#\/schema\/logo\/image\/\",\"url\":\"http:\/\/stuggitv.com\/wp-content\/uploads\/stuggitv_logo_rgb.jpg\",\"contentUrl\":\"http:\/\/stuggitv.com\/wp-content\/uploads\/stuggitv_logo_rgb.jpg\",\"width\":320,\"height\":78,\"caption\":\"STUGGI.TV\"},\"image\":{\"@id\":\"http:\/\/stuggitv.com\/#\/schema\/logo\/image\/\"},\"sameAs\":[\"https:\/\/www.facebook.com\/stuggitv\",\"https:\/\/x.com\/stuggitv\"]},{\"@type\":\"Person\",\"@id\":\"http:\/\/stuggitv.com\/#\/schema\/person\/ccdfedf84a8802997e4c7c00b5809dd8\",\"name\":\"Sarah Lorena Wiest\",\"image\":{\"@type\":\"ImageObject\",\"inLanguage\":\"de\",\"@id\":\"http:\/\/stuggitv.com\/#\/schema\/person\/image\/\",\"url\":\"https:\/\/secure.gravatar.com\/avatar\/5d05778375fc50027e88d29c89176c6b4a801f6359e76fa5384ac61da7273bf1?s=96&d=mm&r=g\",\"contentUrl\":\"https:\/\/secure.gravatar.com\/avatar\/5d05778375fc50027e88d29c89176c6b4a801f6359e76fa5384ac61da7273bf1?s=96&d=mm&r=g\",\"caption\":\"Sarah Lorena Wiest\"},\"description\":\"\u2026weil Stuttgart die beste Kombi aus Natur (mit den Weinbergen und dem Stadtpark) und Citylife ist. Und nat\u00fcrlich, weil die Stuttgarter den coolsten Dialekt der Welt haben.\",\"url\":\"http:\/\/stuggitv.com\/?author=1278\"}]}<\/script>\n<!-- \/ Yoast SEO plugin. -->","yoast_head_json":{"title":"Corona-Silvester: Wie feiert ihr ins neue Jahr 2021? - STUGGI.TV","robots":{"index":"index","follow":"follow","max-snippet":"max-snippet:-1","max-image-preview":"max-image-preview:large","max-video-preview":"max-video-preview:-1"},"canonical":"http:\/\/stuggitv.com\/?p=54973","og_locale":"de_DE","og_type":"article","og_title":"Corona-Silvester: Wie feiert ihr ins neue Jahr 2021? - STUGGI.TV","og_description":"Im Jahr 2020 gibt es maximal ein &#8222;Silvester light&#8220; Die gro\u00dfe Silvesterparty zu Hause oder Feiern im Club &#8211; auf all das m\u00fcssen die Stuttgarter in diesem Jahr verzichten. Viele fangen mit der Silvester-Planung schon Monate vorher an. Die gro\u00dfe [&hellip;]","og_url":"http:\/\/stuggitv.com\/?p=54973","og_site_name":"STUGGI.TV","article_publisher":"https:\/\/www.facebook.com\/stuggitv","article_published_time":"2020-12-28T10:07:40+00:00","article_modified_time":"2022-12-19T13:49:35+00:00","og_image":[{"width":1500,"height":1000,"url":"http:\/\/stuggitv.com\/wp-content\/uploads\/Silvester-Corona-Pandemie-Umfrage_BB_Foto_STUGGITV.jpg","type":"image\/jpeg"}],"author":"Sarah Lorena Wiest","twitter_card":"summary_large_image","twitter_creator":"@stuggitv","twitter_site":"@stuggitv","twitter_misc":{"Verfasst von":"Sarah Lorena Wiest"},"schema":{"@context":"https:\/\/schema.org","@graph":[{"@type":"Article","@id":"http:\/\/stuggitv.com\/?p=54973#article","isPartOf":{"@id":"http:\/\/stuggitv.com\/?p=54973"},"author":{"name":"Sarah Lorena Wiest","@id":"http:\/\/stuggitv.com\/#\/schema\/person\/ccdfedf84a8802997e4c7c00b5809dd8"},"headline":"Corona-Silvester: Wie feiert ihr ins neue Jahr 2021?","datePublished":"2020-12-28T10:07:40+00:00","dateModified":"2022-12-19T13:49:35+00:00","mainEntityOfPage":{"@id":"http:\/\/stuggitv.com\/?p=54973"},"wordCount":105,"publisher":{"@id":"http:\/\/stuggitv.com\/#organization"},"image":{"@id":"http:\/\/stuggitv.com\/?p=54973#primaryimage"},"thumbnailUrl":"http:\/\/stuggitv.com\/wp-content\/uploads\/Silvester-Corona-Pandemie-Umfrage_BB_Foto_STUGGITV.jpg","keywords":["Corona","Corona in Stuttgart","Silvester 2020","Silvester in Stuttgart","Stra\u00dfenumfrage in Stuttgart","Stra\u00dfenumfrage Stuttgart","Stuttgart","Umfrage in Stuttgart","Umfrage Stuttgart"],"articleSection":["DAS SAGT STUTTGART"],"inLanguage":"de"},{"@type":"WebPage","@id":"http:\/\/stuggitv.com\/?p=54973","url":"http:\/\/stuggitv.com\/?p=54973","name":"Corona-Silvester: Wie feiert ihr ins neue Jahr 2021? - STUGGI.TV","isPartOf":{"@id":"http:\/\/stuggitv.com\/#website"},"primaryImageOfPage":{"@id":"http:\/\/stuggitv.com\/?p=54973#primaryimage"},"image":{"@id":"http:\/\/stuggitv.com\/?p=54973#primaryimage"},"thumbnailUrl":"http:\/\/stuggitv.com\/wp-content\/uploads\/Silvester-Corona-Pandemie-Umfrage_BB_Foto_STUGGITV.jpg","datePublished":"2020-12-28T10:07:40+00:00","dateModified":"2022-12-19T13:49:35+00:00","breadcrumb":{"@id":"http:\/\/stuggitv.com\/?p=54973#breadcrumb"},"inLanguage":"de","potentialAction":[{"@type":"ReadAction","target":["http:\/\/stuggitv.com\/?p=54973"]}]},{"@type":"ImageObject","inLanguage":"de","@id":"http:\/\/stuggitv.com\/?p=54973#primaryimage","url":"http:\/\/stuggitv.com\/wp-content\/uploads\/Silvester-Corona-Pandemie-Umfrage_BB_Foto_STUGGITV.jpg","contentUrl":"http:\/\/stuggitv.com\/wp-content\/uploads\/Silvester-Corona-Pandemie-Umfrage_BB_Foto_STUGGITV.jpg","width":1500,"height":1000,"caption":"Corona-Silvester: Wie feiert ihr ins neue Jahr 2021? (Foto: STUGGI.TV)"},{"@type":"BreadcrumbList","@id":"http:\/\/stuggitv.com\/?p=54973#breadcrumb","itemListElement":[{"@type":"ListItem","position":1,"name":"STUGGI.TV","item":"http:\/\/stuggitv.com\/"},{"@type":"ListItem","position":2,"name":"Corona-Silvester: Wie feiert ihr ins neue Jahr 2021?"}]},{"@type":"WebSite","@id":"http:\/\/stuggitv.com\/#website","url":"http:\/\/stuggitv.com\/","name":"STUGGI.TV","description":"Der Onlinesender f\u00fcr Stuttgart","publisher":{"@id":"http:\/\/stuggitv.com\/#organization"},"potentialAction":[{"@type":"SearchAction","target":{"@type":"EntryPoint","urlTemplate":"http:\/\/stuggitv.com\/?s={search_term_string}"},"query-input":{"@type":"PropertyValueSpecification","valueRequired":true,"valueName":"search_term_string"}}],"inLanguage":"de"},{"@type":"Organization","@id":"http:\/\/stuggitv.com\/#organization","name":"STUGGI.TV","url":"http:\/\/stuggitv.com\/","logo":{"@type":"ImageObject","inLanguage":"de","@id":"http:\/\/stuggitv.com\/#\/schema\/logo\/image\/","url":"http:\/\/stuggitv.com\/wp-content\/uploads\/stuggitv_logo_rgb.jpg","contentUrl":"http:\/\/stuggitv.com\/wp-content\/uploads\/stuggitv_logo_rgb.jpg","width":320,"height":78,"caption":"STUGGI.TV"},"image":{"@id":"http:\/\/stuggitv.com\/#\/schema\/logo\/image\/"},"sameAs":["https:\/\/www.facebook.com\/stuggitv","https:\/\/x.com\/stuggitv"]},{"@type":"Person","@id":"http:\/\/stuggitv.com\/#\/schema\/person\/ccdfedf84a8802997e4c7c00b5809dd8","name":"Sarah Lorena Wiest","image":{"@type":"ImageObject","inLanguage":"de","@id":"http:\/\/stuggitv.com\/#\/schema\/person\/image\/","url":"https:\/\/secure.gravatar.com\/avatar\/5d05778375fc50027e88d29c89176c6b4a801f6359e76fa5384ac61da7273bf1?s=96&d=mm&r=g","contentUrl":"https:\/\/secure.gravatar.com\/avatar\/5d05778375fc50027e88d29c89176c6b4a801f6359e76fa5384ac61da7273bf1?s=96&d=mm&r=g","caption":"Sarah Lorena Wiest"},"description":"\u2026weil Stuttgart die beste Kombi aus Natur (mit den Weinbergen und dem Stadtpark) und Citylife ist. Und nat\u00fcrlich, weil die Stuttgarter den coolsten Dialekt der Welt haben.","url":"http:\/\/stuggitv.com\/?author=1278"}]}},"_links":{"self":[{"href":"http:\/\/stuggitv.com\/index.php?rest_route=\/wp\/v2\/posts\/54973","targetHints":{"allow":["GET"]}}],"collection":[{"href":"http:\/\/stuggitv.com\/index.php?rest_route=\/wp\/v2\/posts"}],"about":[{"href":"http:\/\/stuggitv.com\/index.php?rest_route=\/wp\/v2\/types\/post"}],"author":[{"embeddable":true,"href":"http:\/\/stuggitv.com\/index.php?rest_route=\/wp\/v2\/users\/1278"}],"replies":[{"embeddable":true,"href":"http:\/\/stuggitv.com\/index.php?rest_route=%2Fwp%2Fv2%2Fcomments&post=54973"}],"version-history":[{"count":16,"href":"http:\/\/stuggitv.com\/index.php?rest_route=\/wp\/v2\/posts\/54973\/revisions"}],"predecessor-version":[{"id":56092,"href":"http:\/\/stuggitv.com\/index.php?rest_route=\/wp\/v2\/posts\/54973\/revisions\/56092"}],"wp:featuredmedia":[{"embeddable":true,"href":"http:\/\/stuggitv.com\/index.php?rest_route=\/wp\/v2\/media\/55917"}],"wp:attachment":[{"href":"http:\/\/stuggitv.com\/index.php?rest_route=%2Fwp%2Fv2%2Fmedia&parent=54973"}],"wp:term":[{"taxonomy":"category","embeddable":true,"href":"http:\/\/stuggitv.com\/index.php?rest_route=%2Fwp%2Fv2%2Fcategories&post=54973"},{"taxonomy":"post_tag","embeddable":true,"href":"http:\/\/stuggitv.com\/index.php?rest_route=%2Fwp%2Fv2%2Ftags&post=54973"}],"curies":[{"name":"wp","href":"https:\/\/api.w.org\/{rel}","templated":true}]}}