{"id":59600,"date":"2021-03-14T22:13:31","date_gmt":"2021-03-14T21:13:31","guid":{"rendered":"https:\/\/www.stuggi.tv\/?p=59600"},"modified":"2022-12-19T14:53:49","modified_gmt":"2022-12-19T13:53:49","slug":"ampel-waere-jetzt-das-richtige-reaktionen-auf-die-landtagswahl-in-baden-wuerttemberg","status":"publish","type":"post","link":"http:\/\/stuggitv.com\/?p=59600","title":{"rendered":"&#8222;Ampel w\u00e4re jetzt das Richtige&#8220;: Reaktionen auf die Landtagswahl in Baden-W\u00fcrttemberg"},"content":{"rendered":"<p><strong>Baden-W\u00fcrttemberg hat gew\u00e4hlt. Die Gr\u00fcnen gewinnen die Landtagswahl mit Ministerpr\u00e4sident Winfried Kretschmann deutlich. Die CDU f\u00e4hrt dagegen das schlechteste Ergebnis ihrer Landesgeschichte ein. Wie reagieren die jungen Menschen in Stuttgart auf das Ergebnis? Und welche Koalition w\u00e4re f\u00fcr Baden-W\u00fcrttemberg jetzt die Richtige? Unsere Reporterin Corinna Schmidt hat nachgefragt. <\/strong><!--more--><\/p>\n<h4>Reaktionen auf den Wahlausgang<\/h4>\n<p><strong>Winfried Kretschmann, Ministerpr\u00e4sident (Gr\u00fcne):\u00a0<\/strong>&#8222;Ich verstehe das Ergebnis als Auftrag, dem Land weiter als Ministerpr\u00e4sident zu dienen. Noch stecken wir mitten in der Pandemie, die uns viel abverlangt. Ich bin zuversichtlich, dass wir im Sommer das meiste hinter uns haben. Dar\u00fcber hinaus liegt vor uns ein Jahr der Entscheidungen. Wir m\u00fcssen den Klimawandel begrenzen, den Strukturwandel der Wirtschaft meistern und unsere liberale Demokratie verteidigen.&#8220;<\/p>\n<p><b>Susanne Eisenmann, CDU-Spitzenkandidatin:<\/b> \u201eDas Ergebnis ist entt\u00e4uschend und desastr\u00f6s. Ich \u00fcbernehme daf\u00fcr selbstverst\u00e4ndlich die Verantwortung. Die CDU wird jetzt aufarbeiten m\u00fcssen, woran es liegt, dass man in den letzten zehn Jahren Schritt f\u00fcr Schritt an Zustimmung in Baden-W\u00fcrttemberg verloren hat.\u201c<\/p>\n<p><strong>Sascha Binder, Generalsekret\u00e4r<span class=\"Apple-converted-space\"> der Landes-SPD<\/span>:<\/strong> &#8222;Unsere Partei hat gut gek\u00e4mpft. Der Abend ist noch lang, vielleicht geht noch was. Vielleicht reicht es f\u00fcr Gr\u00fcn-Rot. Wenn wir z.B. \u00fcber Klimaschutz und Wohnen reden, da gibt es viele \u00dcberschneidungen.&#8220;<\/p>\n<p><strong>Judith Skudelny, Generalsekret\u00e4rin der Landes-FDP:<\/strong> &#8222;Wir freuen uns \u00fcber das Vertrauen der B\u00fcrger. Wir sehen das Ergebnis mit Freude, aber nat\u00fcrlich mit der Hoffnung, Verantwortung f\u00fcr Baden-W\u00fcrttemberg \u00fcbernehmen zu k\u00f6nnen. Den Regierungsauftrag haben nun die Gr\u00fcnen, deren Aufgabe es ist, eine Regierung zu bilden. Wir sind f\u00fcr Gespr\u00e4che und Verhandlungen bereit.&#8220;<\/p>\n<h4>Kretschmann ist auch in Stuttgart ein Garant f\u00fcr die Gr\u00fcnen<\/h4>\n<p>Im November des letzten Jahres f\u00e4rbte sich die politische Landkarte in Stuttgart schwarz. Beim Wahlsieg des neuen Oberb\u00fcrgermeisters Frank Nopper konnte die CDU nur in den Innenstadtbezirken keinen Direktsieg verbuchen. Mit der heutigen Landtagswahl hat sich das Blatt gewendet. Die Stuttgarter Gr\u00fcnen sichern sich in allen vier Wahlkreisen die Direktmandate \u2013 und das jeweils mit einem deutlichen Vorsprung.<\/p>\n","protected":false},"excerpt":{"rendered":"<p>Baden-W\u00fcrttemberg hat gew\u00e4hlt. Die Gr\u00fcnen gewinnen die Landtagswahl mit Ministerpr\u00e4sident Winfried Kretschmann deutlich. Die CDU f\u00e4hrt dagegen das schlechteste Ergebnis ihrer Landesgeschichte ein. Wie reagieren die jungen Menschen in Stuttgart auf das Ergebnis? Und welche Koalition w\u00e4re f\u00fcr Baden-W\u00fcrttemberg jetzt [&hellip;]<\/p>\n","protected":false},"author":4259,"featured_media":59625,"comment_status":"closed","ping_status":"closed","sticky":false,"template":"","format":"standard","meta":{"footnotes":""},"categories":[16],"tags":[109,572,575,2276,560,599,601,5505,67,5472,5486,54,111,5471,3154,108],"class_list":["post-59600","post","type-post","status-publish","format-standard","has-post-thumbnail","hentry","category-das-sagt-stuttgart","tag-baden-wuerttemberg","tag-cdu","tag-gruene","tag-judith-skudelny","tag-landtagswahl-2021","tag-landtagswahl-baden-wuerttemberg","tag-landtagswahl-bw","tag-sascha-binder","tag-spd","tag-strassenumfrage-in-stuttgart","tag-strassenumfrage-stuttgart","tag-stuttgart","tag-susanne-eisenmann","tag-umfrage-in-stuttgart","tag-umfrage-stuttgart","tag-winfried-kretschmann"],"read":true,"yoast_head":"<!-- This site is optimized with the Yoast SEO plugin v27.1.1 - https:\/\/yoast.com\/product\/yoast-seo-wordpress\/ -->\n<title>&quot;Ampel w\u00e4re jetzt das Richtige&quot;: Reaktionen auf die Landtagswahl in Baden-W\u00fcrttemberg - STUGGI.TV<\/title>\n<meta name=\"robots\" content=\"index, follow, max-snippet:-1, max-image-preview:large, max-video-preview:-1\" \/>\n<link rel=\"canonical\" href=\"http:\/\/stuggitv.com\/?p=59600\" \/>\n<meta property=\"og:locale\" content=\"de_DE\" \/>\n<meta property=\"og:type\" content=\"article\" \/>\n<meta property=\"og:title\" content=\"&quot;Ampel w\u00e4re jetzt das Richtige&quot;: Reaktionen auf die Landtagswahl in Baden-W\u00fcrttemberg - STUGGI.TV\" \/>\n<meta property=\"og:description\" content=\"Baden-W\u00fcrttemberg hat gew\u00e4hlt. Die Gr\u00fcnen gewinnen die Landtagswahl mit Ministerpr\u00e4sident Winfried Kretschmann deutlich. Die CDU f\u00e4hrt dagegen das schlechteste Ergebnis ihrer Landesgeschichte ein. Wie reagieren die jungen Menschen in Stuttgart auf das Ergebnis? Und welche Koalition w\u00e4re f\u00fcr Baden-W\u00fcrttemberg jetzt [&hellip;]\" \/>\n<meta property=\"og:url\" content=\"http:\/\/stuggitv.com\/?p=59600\" \/>\n<meta property=\"og:site_name\" content=\"STUGGI.TV\" \/>\n<meta property=\"article:publisher\" content=\"https:\/\/www.facebook.com\/stuggitv\" \/>\n<meta property=\"article:published_time\" content=\"2021-03-14T21:13:31+00:00\" \/>\n<meta property=\"article:modified_time\" content=\"2022-12-19T13:53:49+00:00\" \/>\n<meta property=\"og:image\" content=\"http:\/\/stuggitv.com\/wp-content\/uploads\/Reaktionen-Landtagswahl-2021-BW_BB-Foto_STUGGITV.jpg\" \/>\n\t<meta property=\"og:image:width\" content=\"1500\" \/>\n\t<meta property=\"og:image:height\" content=\"1000\" \/>\n\t<meta property=\"og:image:type\" content=\"image\/jpeg\" \/>\n<meta name=\"author\" content=\"Corinna Schmidt\" \/>\n<meta name=\"twitter:card\" content=\"summary_large_image\" \/>\n<meta name=\"twitter:creator\" content=\"@stuggitv\" \/>\n<meta name=\"twitter:site\" content=\"@stuggitv\" \/>\n<meta name=\"twitter:label1\" content=\"Verfasst von\" \/>\n\t<meta name=\"twitter:data1\" content=\"Corinna Schmidt\" \/>\n\t<meta name=\"twitter:label2\" content=\"Gesch\u00e4tzte Lesezeit\" \/>\n\t<meta name=\"twitter:data2\" content=\"2\u00a0Minuten\" \/>\n<script type=\"application\/ld+json\" class=\"yoast-schema-graph\">{\"@context\":\"https:\/\/schema.org\",\"@graph\":[{\"@type\":\"Article\",\"@id\":\"http:\/\/stuggitv.com\/?p=59600#article\",\"isPartOf\":{\"@id\":\"http:\/\/stuggitv.com\/?p=59600\"},\"author\":{\"name\":\"Corinna Schmidt\",\"@id\":\"http:\/\/stuggitv.com\/#\/schema\/person\/4f9c6da020422f6a669367e442fc5407\"},\"headline\":\"&#8222;Ampel w\u00e4re jetzt das Richtige&#8220;: Reaktionen auf die Landtagswahl in Baden-W\u00fcrttemberg\",\"datePublished\":\"2021-03-14T21:13:31+00:00\",\"dateModified\":\"2022-12-19T13:53:49+00:00\",\"mainEntityOfPage\":{\"@id\":\"http:\/\/stuggitv.com\/?p=59600\"},\"wordCount\":363,\"publisher\":{\"@id\":\"http:\/\/stuggitv.com\/#organization\"},\"image\":{\"@id\":\"http:\/\/stuggitv.com\/?p=59600#primaryimage\"},\"thumbnailUrl\":\"http:\/\/stuggitv.com\/wp-content\/uploads\/Reaktionen-Landtagswahl-2021-BW_BB-Foto_STUGGITV.jpg\",\"keywords\":[\"Baden-W\u00fcrttemberg\",\"CDU\",\"Gr\u00fcne\",\"Judith Skudelny\",\"Landtagswahl 2021\",\"Landtagswahl Baden-W\u00fcrttemberg\",\"Landtagswahl BW\",\"Sascha Binder\",\"SPD\",\"Stra\u00dfenumfrage in Stuttgart\",\"Stra\u00dfenumfrage Stuttgart\",\"Stuttgart\",\"Susanne Eisenmann\",\"Umfrage in Stuttgart\",\"Umfrage Stuttgart\",\"Winfried Kretschmann\"],\"articleSection\":[\"DAS SAGT STUTTGART\"],\"inLanguage\":\"de\"},{\"@type\":\"WebPage\",\"@id\":\"http:\/\/stuggitv.com\/?p=59600\",\"url\":\"http:\/\/stuggitv.com\/?p=59600\",\"name\":\"\\\"Ampel w\u00e4re jetzt das Richtige\\\": Reaktionen auf die Landtagswahl in Baden-W\u00fcrttemberg - STUGGI.TV\",\"isPartOf\":{\"@id\":\"http:\/\/stuggitv.com\/#website\"},\"primaryImageOfPage\":{\"@id\":\"http:\/\/stuggitv.com\/?p=59600#primaryimage\"},\"image\":{\"@id\":\"http:\/\/stuggitv.com\/?p=59600#primaryimage\"},\"thumbnailUrl\":\"http:\/\/stuggitv.com\/wp-content\/uploads\/Reaktionen-Landtagswahl-2021-BW_BB-Foto_STUGGITV.jpg\",\"datePublished\":\"2021-03-14T21:13:31+00:00\",\"dateModified\":\"2022-12-19T13:53:49+00:00\",\"breadcrumb\":{\"@id\":\"http:\/\/stuggitv.com\/?p=59600#breadcrumb\"},\"inLanguage\":\"de\",\"potentialAction\":[{\"@type\":\"ReadAction\",\"target\":[\"http:\/\/stuggitv.com\/?p=59600\"]}]},{\"@type\":\"ImageObject\",\"inLanguage\":\"de\",\"@id\":\"http:\/\/stuggitv.com\/?p=59600#primaryimage\",\"url\":\"http:\/\/stuggitv.com\/wp-content\/uploads\/Reaktionen-Landtagswahl-2021-BW_BB-Foto_STUGGITV.jpg\",\"contentUrl\":\"http:\/\/stuggitv.com\/wp-content\/uploads\/Reaktionen-Landtagswahl-2021-BW_BB-Foto_STUGGITV.jpg\",\"width\":1500,\"height\":1000,\"caption\":\"\\\"Ampel w\u00e4re jetzt das Richtige\\\": Reaktionen auf die Landtagswahl in Baden-W\u00fcrttemberg (Foto: STUGGI.TV)\"},{\"@type\":\"BreadcrumbList\",\"@id\":\"http:\/\/stuggitv.com\/?p=59600#breadcrumb\",\"itemListElement\":[{\"@type\":\"ListItem\",\"position\":1,\"name\":\"STUGGI.TV\",\"item\":\"http:\/\/stuggitv.com\/\"},{\"@type\":\"ListItem\",\"position\":2,\"name\":\"&#8222;Ampel w\u00e4re jetzt das Richtige&#8220;: Reaktionen auf die Landtagswahl in Baden-W\u00fcrttemberg\"}]},{\"@type\":\"WebSite\",\"@id\":\"http:\/\/stuggitv.com\/#website\",\"url\":\"http:\/\/stuggitv.com\/\",\"name\":\"STUGGI.TV\",\"description\":\"Der Onlinesender f\u00fcr Stuttgart\",\"publisher\":{\"@id\":\"http:\/\/stuggitv.com\/#organization\"},\"potentialAction\":[{\"@type\":\"SearchAction\",\"target\":{\"@type\":\"EntryPoint\",\"urlTemplate\":\"http:\/\/stuggitv.com\/?s={search_term_string}\"},\"query-input\":{\"@type\":\"PropertyValueSpecification\",\"valueRequired\":true,\"valueName\":\"search_term_string\"}}],\"inLanguage\":\"de\"},{\"@type\":\"Organization\",\"@id\":\"http:\/\/stuggitv.com\/#organization\",\"name\":\"STUGGI.TV\",\"url\":\"http:\/\/stuggitv.com\/\",\"logo\":{\"@type\":\"ImageObject\",\"inLanguage\":\"de\",\"@id\":\"http:\/\/stuggitv.com\/#\/schema\/logo\/image\/\",\"url\":\"http:\/\/stuggitv.com\/wp-content\/uploads\/stuggitv_logo_rgb.jpg\",\"contentUrl\":\"http:\/\/stuggitv.com\/wp-content\/uploads\/stuggitv_logo_rgb.jpg\",\"width\":320,\"height\":78,\"caption\":\"STUGGI.TV\"},\"image\":{\"@id\":\"http:\/\/stuggitv.com\/#\/schema\/logo\/image\/\"},\"sameAs\":[\"https:\/\/www.facebook.com\/stuggitv\",\"https:\/\/x.com\/stuggitv\"]},{\"@type\":\"Person\",\"@id\":\"http:\/\/stuggitv.com\/#\/schema\/person\/4f9c6da020422f6a669367e442fc5407\",\"name\":\"Corinna Schmidt\",\"image\":{\"@type\":\"ImageObject\",\"inLanguage\":\"de\",\"@id\":\"http:\/\/stuggitv.com\/#\/schema\/person\/image\/\",\"url\":\"https:\/\/secure.gravatar.com\/avatar\/336f03b031c33a56561b9b1ddc149777a2d59c3fc8edb7b593f9ebe7363a2124?s=96&d=mm&r=g\",\"contentUrl\":\"https:\/\/secure.gravatar.com\/avatar\/336f03b031c33a56561b9b1ddc149777a2d59c3fc8edb7b593f9ebe7363a2124?s=96&d=mm&r=g\",\"caption\":\"Corinna Schmidt\"},\"description\":\"...der Mix aus Natur und Stadtleben einfach perfekt ist und jeder mit seinen unterschiedlichsten Interessen in Stuttgart auf seine Kosten kommt.\",\"url\":\"http:\/\/stuggitv.com\/?author=4259\"}]}<\/script>\n<!-- \/ Yoast SEO plugin. -->","yoast_head_json":{"title":"\"Ampel w\u00e4re jetzt das Richtige\": Reaktionen auf die Landtagswahl in Baden-W\u00fcrttemberg - STUGGI.TV","robots":{"index":"index","follow":"follow","max-snippet":"max-snippet:-1","max-image-preview":"max-image-preview:large","max-video-preview":"max-video-preview:-1"},"canonical":"http:\/\/stuggitv.com\/?p=59600","og_locale":"de_DE","og_type":"article","og_title":"\"Ampel w\u00e4re jetzt das Richtige\": Reaktionen auf die Landtagswahl in Baden-W\u00fcrttemberg - STUGGI.TV","og_description":"Baden-W\u00fcrttemberg hat gew\u00e4hlt. Die Gr\u00fcnen gewinnen die Landtagswahl mit Ministerpr\u00e4sident Winfried Kretschmann deutlich. Die CDU f\u00e4hrt dagegen das schlechteste Ergebnis ihrer Landesgeschichte ein. Wie reagieren die jungen Menschen in Stuttgart auf das Ergebnis? Und welche Koalition w\u00e4re f\u00fcr Baden-W\u00fcrttemberg jetzt [&hellip;]","og_url":"http:\/\/stuggitv.com\/?p=59600","og_site_name":"STUGGI.TV","article_publisher":"https:\/\/www.facebook.com\/stuggitv","article_published_time":"2021-03-14T21:13:31+00:00","article_modified_time":"2022-12-19T13:53:49+00:00","og_image":[{"width":1500,"height":1000,"url":"http:\/\/stuggitv.com\/wp-content\/uploads\/Reaktionen-Landtagswahl-2021-BW_BB-Foto_STUGGITV.jpg","type":"image\/jpeg"}],"author":"Corinna Schmidt","twitter_card":"summary_large_image","twitter_creator":"@stuggitv","twitter_site":"@stuggitv","twitter_misc":{"Verfasst von":"Corinna Schmidt","Gesch\u00e4tzte Lesezeit":"2\u00a0Minuten"},"schema":{"@context":"https:\/\/schema.org","@graph":[{"@type":"Article","@id":"http:\/\/stuggitv.com\/?p=59600#article","isPartOf":{"@id":"http:\/\/stuggitv.com\/?p=59600"},"author":{"name":"Corinna Schmidt","@id":"http:\/\/stuggitv.com\/#\/schema\/person\/4f9c6da020422f6a669367e442fc5407"},"headline":"&#8222;Ampel w\u00e4re jetzt das Richtige&#8220;: Reaktionen auf die Landtagswahl in Baden-W\u00fcrttemberg","datePublished":"2021-03-14T21:13:31+00:00","dateModified":"2022-12-19T13:53:49+00:00","mainEntityOfPage":{"@id":"http:\/\/stuggitv.com\/?p=59600"},"wordCount":363,"publisher":{"@id":"http:\/\/stuggitv.com\/#organization"},"image":{"@id":"http:\/\/stuggitv.com\/?p=59600#primaryimage"},"thumbnailUrl":"http:\/\/stuggitv.com\/wp-content\/uploads\/Reaktionen-Landtagswahl-2021-BW_BB-Foto_STUGGITV.jpg","keywords":["Baden-W\u00fcrttemberg","CDU","Gr\u00fcne","Judith Skudelny","Landtagswahl 2021","Landtagswahl Baden-W\u00fcrttemberg","Landtagswahl BW","Sascha Binder","SPD","Stra\u00dfenumfrage in Stuttgart","Stra\u00dfenumfrage Stuttgart","Stuttgart","Susanne Eisenmann","Umfrage in Stuttgart","Umfrage Stuttgart","Winfried Kretschmann"],"articleSection":["DAS SAGT STUTTGART"],"inLanguage":"de"},{"@type":"WebPage","@id":"http:\/\/stuggitv.com\/?p=59600","url":"http:\/\/stuggitv.com\/?p=59600","name":"\"Ampel w\u00e4re jetzt das Richtige\": Reaktionen auf die Landtagswahl in Baden-W\u00fcrttemberg - STUGGI.TV","isPartOf":{"@id":"http:\/\/stuggitv.com\/#website"},"primaryImageOfPage":{"@id":"http:\/\/stuggitv.com\/?p=59600#primaryimage"},"image":{"@id":"http:\/\/stuggitv.com\/?p=59600#primaryimage"},"thumbnailUrl":"http:\/\/stuggitv.com\/wp-content\/uploads\/Reaktionen-Landtagswahl-2021-BW_BB-Foto_STUGGITV.jpg","datePublished":"2021-03-14T21:13:31+00:00","dateModified":"2022-12-19T13:53:49+00:00","breadcrumb":{"@id":"http:\/\/stuggitv.com\/?p=59600#breadcrumb"},"inLanguage":"de","potentialAction":[{"@type":"ReadAction","target":["http:\/\/stuggitv.com\/?p=59600"]}]},{"@type":"ImageObject","inLanguage":"de","@id":"http:\/\/stuggitv.com\/?p=59600#primaryimage","url":"http:\/\/stuggitv.com\/wp-content\/uploads\/Reaktionen-Landtagswahl-2021-BW_BB-Foto_STUGGITV.jpg","contentUrl":"http:\/\/stuggitv.com\/wp-content\/uploads\/Reaktionen-Landtagswahl-2021-BW_BB-Foto_STUGGITV.jpg","width":1500,"height":1000,"caption":"\"Ampel w\u00e4re jetzt das Richtige\": Reaktionen auf die Landtagswahl in Baden-W\u00fcrttemberg (Foto: STUGGI.TV)"},{"@type":"BreadcrumbList","@id":"http:\/\/stuggitv.com\/?p=59600#breadcrumb","itemListElement":[{"@type":"ListItem","position":1,"name":"STUGGI.TV","item":"http:\/\/stuggitv.com\/"},{"@type":"ListItem","position":2,"name":"&#8222;Ampel w\u00e4re jetzt das Richtige&#8220;: Reaktionen auf die Landtagswahl in Baden-W\u00fcrttemberg"}]},{"@type":"WebSite","@id":"http:\/\/stuggitv.com\/#website","url":"http:\/\/stuggitv.com\/","name":"STUGGI.TV","description":"Der Onlinesender f\u00fcr Stuttgart","publisher":{"@id":"http:\/\/stuggitv.com\/#organization"},"potentialAction":[{"@type":"SearchAction","target":{"@type":"EntryPoint","urlTemplate":"http:\/\/stuggitv.com\/?s={search_term_string}"},"query-input":{"@type":"PropertyValueSpecification","valueRequired":true,"valueName":"search_term_string"}}],"inLanguage":"de"},{"@type":"Organization","@id":"http:\/\/stuggitv.com\/#organization","name":"STUGGI.TV","url":"http:\/\/stuggitv.com\/","logo":{"@type":"ImageObject","inLanguage":"de","@id":"http:\/\/stuggitv.com\/#\/schema\/logo\/image\/","url":"http:\/\/stuggitv.com\/wp-content\/uploads\/stuggitv_logo_rgb.jpg","contentUrl":"http:\/\/stuggitv.com\/wp-content\/uploads\/stuggitv_logo_rgb.jpg","width":320,"height":78,"caption":"STUGGI.TV"},"image":{"@id":"http:\/\/stuggitv.com\/#\/schema\/logo\/image\/"},"sameAs":["https:\/\/www.facebook.com\/stuggitv","https:\/\/x.com\/stuggitv"]},{"@type":"Person","@id":"http:\/\/stuggitv.com\/#\/schema\/person\/4f9c6da020422f6a669367e442fc5407","name":"Corinna Schmidt","image":{"@type":"ImageObject","inLanguage":"de","@id":"http:\/\/stuggitv.com\/#\/schema\/person\/image\/","url":"https:\/\/secure.gravatar.com\/avatar\/336f03b031c33a56561b9b1ddc149777a2d59c3fc8edb7b593f9ebe7363a2124?s=96&d=mm&r=g","contentUrl":"https:\/\/secure.gravatar.com\/avatar\/336f03b031c33a56561b9b1ddc149777a2d59c3fc8edb7b593f9ebe7363a2124?s=96&d=mm&r=g","caption":"Corinna Schmidt"},"description":"...der Mix aus Natur und Stadtleben einfach perfekt ist und jeder mit seinen unterschiedlichsten Interessen in Stuttgart auf seine Kosten kommt.","url":"http:\/\/stuggitv.com\/?author=4259"}]}},"_links":{"self":[{"href":"http:\/\/stuggitv.com\/index.php?rest_route=\/wp\/v2\/posts\/59600","targetHints":{"allow":["GET"]}}],"collection":[{"href":"http:\/\/stuggitv.com\/index.php?rest_route=\/wp\/v2\/posts"}],"about":[{"href":"http:\/\/stuggitv.com\/index.php?rest_route=\/wp\/v2\/types\/post"}],"author":[{"embeddable":true,"href":"http:\/\/stuggitv.com\/index.php?rest_route=\/wp\/v2\/users\/4259"}],"replies":[{"embeddable":true,"href":"http:\/\/stuggitv.com\/index.php?rest_route=%2Fwp%2Fv2%2Fcomments&post=59600"}],"version-history":[{"count":12,"href":"http:\/\/stuggitv.com\/index.php?rest_route=\/wp\/v2\/posts\/59600\/revisions"}],"predecessor-version":[{"id":59671,"href":"http:\/\/stuggitv.com\/index.php?rest_route=\/wp\/v2\/posts\/59600\/revisions\/59671"}],"wp:featuredmedia":[{"embeddable":true,"href":"http:\/\/stuggitv.com\/index.php?rest_route=\/wp\/v2\/media\/59625"}],"wp:attachment":[{"href":"http:\/\/stuggitv.com\/index.php?rest_route=%2Fwp%2Fv2%2Fmedia&parent=59600"}],"wp:term":[{"taxonomy":"category","embeddable":true,"href":"http:\/\/stuggitv.com\/index.php?rest_route=%2Fwp%2Fv2%2Fcategories&post=59600"},{"taxonomy":"post_tag","embeddable":true,"href":"http:\/\/stuggitv.com\/index.php?rest_route=%2Fwp%2Fv2%2Ftags&post=59600"}],"curies":[{"name":"wp","href":"https:\/\/api.w.org\/{rel}","templated":true}]}}