{"id":79577,"date":"2022-07-22T20:21:48","date_gmt":"2022-07-22T18:21:48","guid":{"rendered":"https:\/\/www.stuggi.tv\/?p=79577"},"modified":"2022-07-26T19:50:59","modified_gmt":"2022-07-26T17:50:59","slug":"neue-saison-steht-in-den-startloechern-was-ist-drin-fuer-den-vfb-stuttgart","status":"publish","type":"post","link":"http:\/\/stuggitv.com\/?p=79577","title":{"rendered":"Neue Saison steht in den Startl\u00f6chern: Was ist drin f\u00fcr den VfB Stuttgart?"},"content":{"rendered":"<h4><strong>Die neue Saison startet<\/strong><\/h4>\n<p><span style=\"font-weight: 400;\">Am kommenden Freitagabend startet die Saison f\u00fcr den VfB. In der ersten Runde des DFB-Pokal m\u00fcssen die Stuttgarter gegen Dynamo Dresden ran (29.7. um 18 Uhr). Am darauffolgenden Wochenende empf\u00e4ngt der VfB in der heimischen Mercedes-Benz-Arena zum Bundesliga-Auftakt RB Leipzig (7.8. um 15:30 Uhr). Was ist f\u00fcr den Club in der neuen Saison drin? Droht wieder ein nervenaufreibender Abstiegskampf oder k\u00f6nnen die Stuttgarter sogar ans internationale Gesch\u00e4ft anklopfen? Wir haben bei den Fans in Stuttgart nachgefragt.<\/span><\/p>\n<h4><strong>Zitterpartie zum Klassenerhalt<\/strong><\/h4>\n<p><span style=\"font-weight: 400;\">Viele Fans hatten die Hoffnung zum Ende der letzten Saison bereits aufgegeben. Doch in letzter Minute schoss sich das Team um Trainer Pellegrino Matarazzo zum 2:1-Sieg gegen K\u00f6ln und zum direkten Klassenerhalt (<a href=\"http:\/\/stuggitv.com\/2022\/05\/video-umfrage-so-reagieren-die-fans-des-vfb-stuttgart-auf-den-sicheren-klassenerhalt\/\">STUGGI.TV berichtete<\/a>). Nach der Sommerpause wurde im Trainingslager geschwitzt und geschuftet sowie an der Taktik gefeilt. Grund zur Hoffnung f\u00fcr die Fans gibt beispielsweise das Testspiel gegen Brentford, das der VfB 2:1 f\u00fcr sich entscheiden konnte. So sollte das Team nun gut ger\u00fcstet in die neue Saison gehen.<\/span><\/p>\n","protected":false},"excerpt":{"rendered":"<p>Die neue Saison startet Am kommenden Freitagabend startet die Saison f\u00fcr den VfB. In der ersten Runde des DFB-Pokal m\u00fcssen die Stuttgarter gegen Dynamo Dresden ran (29.7. um 18 Uhr). Am darauffolgenden Wochenende empf\u00e4ngt der VfB in der heimischen Mercedes-Benz-Arena [&hellip;]<\/p>\n","protected":false},"author":4259,"featured_media":79631,"comment_status":"closed","ping_status":"closed","sticky":false,"template":"","format":"standard","meta":{"footnotes":""},"categories":[30],"tags":[4660,4618,282,4300,270,2198,910,4675,54,280,4172,4676,4235,279],"class_list":["post-79577","post","type-post","status-publish","format-standard","has-post-thumbnail","hentry","category-sport","tag-1-liga","tag-bad-canstatt","tag-bundesliga","tag-dynamo-dresden","tag-fussball","tag-fussball-stuttgart","tag-pellegrino-matarazzo","tag-rb-leizpig","tag-stuttgart","tag-vfb","tag-vfb-abstieg","tag-vfb-bundesliga","tag-vfb-klassenerhalt","tag-vfb-stuttgart"],"read":true,"yoast_head":"<!-- This site is optimized with the Yoast SEO plugin v27.1.1 - https:\/\/yoast.com\/product\/yoast-seo-wordpress\/ -->\n<title>Neue Saison steht in den Startl\u00f6chern: Was ist drin f\u00fcr den VfB Stuttgart? - STUGGI.TV<\/title>\n<meta name=\"robots\" content=\"index, follow, max-snippet:-1, max-image-preview:large, max-video-preview:-1\" \/>\n<link rel=\"canonical\" href=\"http:\/\/stuggitv.com\/?p=79577\" \/>\n<meta property=\"og:locale\" content=\"de_DE\" \/>\n<meta property=\"og:type\" content=\"article\" \/>\n<meta property=\"og:title\" content=\"Neue Saison steht in den Startl\u00f6chern: Was ist drin f\u00fcr den VfB Stuttgart? - STUGGI.TV\" \/>\n<meta property=\"og:description\" content=\"Die neue Saison startet Am kommenden Freitagabend startet die Saison f\u00fcr den VfB. In der ersten Runde des DFB-Pokal m\u00fcssen die Stuttgarter gegen Dynamo Dresden ran (29.7. um 18 Uhr). Am darauffolgenden Wochenende empf\u00e4ngt der VfB in der heimischen Mercedes-Benz-Arena [&hellip;]\" \/>\n<meta property=\"og:url\" content=\"http:\/\/stuggitv.com\/?p=79577\" \/>\n<meta property=\"og:site_name\" content=\"STUGGI.TV\" \/>\n<meta property=\"article:publisher\" content=\"https:\/\/www.facebook.com\/stuggitv\" \/>\n<meta property=\"article:published_time\" content=\"2022-07-22T18:21:48+00:00\" \/>\n<meta property=\"article:modified_time\" content=\"2022-07-26T17:50:59+00:00\" \/>\n<meta property=\"og:image\" content=\"http:\/\/stuggitv.com\/wp-content\/uploads\/VfB_Neue-Saison_BB_Foto_STUGGITV.jpg\" \/>\n\t<meta property=\"og:image:width\" content=\"1500\" \/>\n\t<meta property=\"og:image:height\" content=\"1000\" \/>\n\t<meta property=\"og:image:type\" content=\"image\/jpeg\" \/>\n<meta name=\"author\" content=\"Corinna Schmidt\" \/>\n<meta name=\"twitter:card\" content=\"summary_large_image\" \/>\n<meta name=\"twitter:creator\" content=\"@stuggitv\" \/>\n<meta name=\"twitter:site\" content=\"@stuggitv\" \/>\n<meta name=\"twitter:label1\" content=\"Verfasst von\" \/>\n\t<meta name=\"twitter:data1\" content=\"Corinna Schmidt\" \/>\n\t<meta name=\"twitter:label2\" content=\"Gesch\u00e4tzte Lesezeit\" \/>\n\t<meta name=\"twitter:data2\" content=\"1\u00a0Minute\" \/>\n<script type=\"application\/ld+json\" class=\"yoast-schema-graph\">{\"@context\":\"https:\/\/schema.org\",\"@graph\":[{\"@type\":\"Article\",\"@id\":\"http:\/\/stuggitv.com\/?p=79577#article\",\"isPartOf\":{\"@id\":\"http:\/\/stuggitv.com\/?p=79577\"},\"author\":{\"name\":\"Corinna Schmidt\",\"@id\":\"http:\/\/stuggitv.com\/#\/schema\/person\/4f9c6da020422f6a669367e442fc5407\"},\"headline\":\"Neue Saison steht in den Startl\u00f6chern: Was ist drin f\u00fcr den VfB Stuttgart?\",\"datePublished\":\"2022-07-22T18:21:48+00:00\",\"dateModified\":\"2022-07-26T17:50:59+00:00\",\"mainEntityOfPage\":{\"@id\":\"http:\/\/stuggitv.com\/?p=79577\"},\"wordCount\":184,\"publisher\":{\"@id\":\"http:\/\/stuggitv.com\/#organization\"},\"image\":{\"@id\":\"http:\/\/stuggitv.com\/?p=79577#primaryimage\"},\"thumbnailUrl\":\"http:\/\/stuggitv.com\/wp-content\/uploads\/VfB_Neue-Saison_BB_Foto_STUGGITV.jpg\",\"keywords\":[\"1. Liga\",\"Bad Canstatt\",\"Bundesliga\",\"Dynamo Dresden\",\"Fu\u00dfball\",\"Fu\u00dfball Stuttgart\",\"Pellegrino Matarazzo\",\"RB Leizpig\",\"Stuttgart\",\"VfB\",\"VfB Abstieg\",\"VfB Bundesliga\",\"VfB Klassenerhalt\",\"VfB Stuttgart\"],\"articleSection\":[\"SPORT\"],\"inLanguage\":\"de\"},{\"@type\":\"WebPage\",\"@id\":\"http:\/\/stuggitv.com\/?p=79577\",\"url\":\"http:\/\/stuggitv.com\/?p=79577\",\"name\":\"Neue Saison steht in den Startl\u00f6chern: Was ist drin f\u00fcr den VfB Stuttgart? - STUGGI.TV\",\"isPartOf\":{\"@id\":\"http:\/\/stuggitv.com\/#website\"},\"primaryImageOfPage\":{\"@id\":\"http:\/\/stuggitv.com\/?p=79577#primaryimage\"},\"image\":{\"@id\":\"http:\/\/stuggitv.com\/?p=79577#primaryimage\"},\"thumbnailUrl\":\"http:\/\/stuggitv.com\/wp-content\/uploads\/VfB_Neue-Saison_BB_Foto_STUGGITV.jpg\",\"datePublished\":\"2022-07-22T18:21:48+00:00\",\"dateModified\":\"2022-07-26T17:50:59+00:00\",\"breadcrumb\":{\"@id\":\"http:\/\/stuggitv.com\/?p=79577#breadcrumb\"},\"inLanguage\":\"de\",\"potentialAction\":[{\"@type\":\"ReadAction\",\"target\":[\"http:\/\/stuggitv.com\/?p=79577\"]}]},{\"@type\":\"ImageObject\",\"inLanguage\":\"de\",\"@id\":\"http:\/\/stuggitv.com\/?p=79577#primaryimage\",\"url\":\"http:\/\/stuggitv.com\/wp-content\/uploads\/VfB_Neue-Saison_BB_Foto_STUGGITV.jpg\",\"contentUrl\":\"http:\/\/stuggitv.com\/wp-content\/uploads\/VfB_Neue-Saison_BB_Foto_STUGGITV.jpg\",\"width\":1500,\"height\":1000,\"caption\":\"Neue Saison steht in den Startl\u00f6chern: Was ist drin f\u00fcr den VfB Stuttgart? (Foto: STUGGI.TV)\"},{\"@type\":\"BreadcrumbList\",\"@id\":\"http:\/\/stuggitv.com\/?p=79577#breadcrumb\",\"itemListElement\":[{\"@type\":\"ListItem\",\"position\":1,\"name\":\"STUGGI.TV\",\"item\":\"http:\/\/stuggitv.com\/\"},{\"@type\":\"ListItem\",\"position\":2,\"name\":\"Neue Saison steht in den Startl\u00f6chern: Was ist drin f\u00fcr den VfB Stuttgart?\"}]},{\"@type\":\"WebSite\",\"@id\":\"http:\/\/stuggitv.com\/#website\",\"url\":\"http:\/\/stuggitv.com\/\",\"name\":\"STUGGI.TV\",\"description\":\"Der Onlinesender f\u00fcr Stuttgart\",\"publisher\":{\"@id\":\"http:\/\/stuggitv.com\/#organization\"},\"potentialAction\":[{\"@type\":\"SearchAction\",\"target\":{\"@type\":\"EntryPoint\",\"urlTemplate\":\"http:\/\/stuggitv.com\/?s={search_term_string}\"},\"query-input\":{\"@type\":\"PropertyValueSpecification\",\"valueRequired\":true,\"valueName\":\"search_term_string\"}}],\"inLanguage\":\"de\"},{\"@type\":\"Organization\",\"@id\":\"http:\/\/stuggitv.com\/#organization\",\"name\":\"STUGGI.TV\",\"url\":\"http:\/\/stuggitv.com\/\",\"logo\":{\"@type\":\"ImageObject\",\"inLanguage\":\"de\",\"@id\":\"http:\/\/stuggitv.com\/#\/schema\/logo\/image\/\",\"url\":\"http:\/\/stuggitv.com\/wp-content\/uploads\/stuggitv_logo_rgb.jpg\",\"contentUrl\":\"http:\/\/stuggitv.com\/wp-content\/uploads\/stuggitv_logo_rgb.jpg\",\"width\":320,\"height\":78,\"caption\":\"STUGGI.TV\"},\"image\":{\"@id\":\"http:\/\/stuggitv.com\/#\/schema\/logo\/image\/\"},\"sameAs\":[\"https:\/\/www.facebook.com\/stuggitv\",\"https:\/\/x.com\/stuggitv\"]},{\"@type\":\"Person\",\"@id\":\"http:\/\/stuggitv.com\/#\/schema\/person\/4f9c6da020422f6a669367e442fc5407\",\"name\":\"Corinna Schmidt\",\"image\":{\"@type\":\"ImageObject\",\"inLanguage\":\"de\",\"@id\":\"http:\/\/stuggitv.com\/#\/schema\/person\/image\/\",\"url\":\"https:\/\/secure.gravatar.com\/avatar\/336f03b031c33a56561b9b1ddc149777a2d59c3fc8edb7b593f9ebe7363a2124?s=96&d=mm&r=g\",\"contentUrl\":\"https:\/\/secure.gravatar.com\/avatar\/336f03b031c33a56561b9b1ddc149777a2d59c3fc8edb7b593f9ebe7363a2124?s=96&d=mm&r=g\",\"caption\":\"Corinna Schmidt\"},\"description\":\"...der Mix aus Natur und Stadtleben einfach perfekt ist und jeder mit seinen unterschiedlichsten Interessen in Stuttgart auf seine Kosten kommt.\",\"url\":\"http:\/\/stuggitv.com\/?author=4259\"}]}<\/script>\n<!-- \/ Yoast SEO plugin. -->","yoast_head_json":{"title":"Neue Saison steht in den Startl\u00f6chern: Was ist drin f\u00fcr den VfB Stuttgart? - STUGGI.TV","robots":{"index":"index","follow":"follow","max-snippet":"max-snippet:-1","max-image-preview":"max-image-preview:large","max-video-preview":"max-video-preview:-1"},"canonical":"http:\/\/stuggitv.com\/?p=79577","og_locale":"de_DE","og_type":"article","og_title":"Neue Saison steht in den Startl\u00f6chern: Was ist drin f\u00fcr den VfB Stuttgart? - STUGGI.TV","og_description":"Die neue Saison startet Am kommenden Freitagabend startet die Saison f\u00fcr den VfB. In der ersten Runde des DFB-Pokal m\u00fcssen die Stuttgarter gegen Dynamo Dresden ran (29.7. um 18 Uhr). Am darauffolgenden Wochenende empf\u00e4ngt der VfB in der heimischen Mercedes-Benz-Arena [&hellip;]","og_url":"http:\/\/stuggitv.com\/?p=79577","og_site_name":"STUGGI.TV","article_publisher":"https:\/\/www.facebook.com\/stuggitv","article_published_time":"2022-07-22T18:21:48+00:00","article_modified_time":"2022-07-26T17:50:59+00:00","og_image":[{"width":1500,"height":1000,"url":"http:\/\/stuggitv.com\/wp-content\/uploads\/VfB_Neue-Saison_BB_Foto_STUGGITV.jpg","type":"image\/jpeg"}],"author":"Corinna Schmidt","twitter_card":"summary_large_image","twitter_creator":"@stuggitv","twitter_site":"@stuggitv","twitter_misc":{"Verfasst von":"Corinna Schmidt","Gesch\u00e4tzte Lesezeit":"1\u00a0Minute"},"schema":{"@context":"https:\/\/schema.org","@graph":[{"@type":"Article","@id":"http:\/\/stuggitv.com\/?p=79577#article","isPartOf":{"@id":"http:\/\/stuggitv.com\/?p=79577"},"author":{"name":"Corinna Schmidt","@id":"http:\/\/stuggitv.com\/#\/schema\/person\/4f9c6da020422f6a669367e442fc5407"},"headline":"Neue Saison steht in den Startl\u00f6chern: Was ist drin f\u00fcr den VfB Stuttgart?","datePublished":"2022-07-22T18:21:48+00:00","dateModified":"2022-07-26T17:50:59+00:00","mainEntityOfPage":{"@id":"http:\/\/stuggitv.com\/?p=79577"},"wordCount":184,"publisher":{"@id":"http:\/\/stuggitv.com\/#organization"},"image":{"@id":"http:\/\/stuggitv.com\/?p=79577#primaryimage"},"thumbnailUrl":"http:\/\/stuggitv.com\/wp-content\/uploads\/VfB_Neue-Saison_BB_Foto_STUGGITV.jpg","keywords":["1. Liga","Bad Canstatt","Bundesliga","Dynamo Dresden","Fu\u00dfball","Fu\u00dfball Stuttgart","Pellegrino Matarazzo","RB Leizpig","Stuttgart","VfB","VfB Abstieg","VfB Bundesliga","VfB Klassenerhalt","VfB Stuttgart"],"articleSection":["SPORT"],"inLanguage":"de"},{"@type":"WebPage","@id":"http:\/\/stuggitv.com\/?p=79577","url":"http:\/\/stuggitv.com\/?p=79577","name":"Neue Saison steht in den Startl\u00f6chern: Was ist drin f\u00fcr den VfB Stuttgart? - STUGGI.TV","isPartOf":{"@id":"http:\/\/stuggitv.com\/#website"},"primaryImageOfPage":{"@id":"http:\/\/stuggitv.com\/?p=79577#primaryimage"},"image":{"@id":"http:\/\/stuggitv.com\/?p=79577#primaryimage"},"thumbnailUrl":"http:\/\/stuggitv.com\/wp-content\/uploads\/VfB_Neue-Saison_BB_Foto_STUGGITV.jpg","datePublished":"2022-07-22T18:21:48+00:00","dateModified":"2022-07-26T17:50:59+00:00","breadcrumb":{"@id":"http:\/\/stuggitv.com\/?p=79577#breadcrumb"},"inLanguage":"de","potentialAction":[{"@type":"ReadAction","target":["http:\/\/stuggitv.com\/?p=79577"]}]},{"@type":"ImageObject","inLanguage":"de","@id":"http:\/\/stuggitv.com\/?p=79577#primaryimage","url":"http:\/\/stuggitv.com\/wp-content\/uploads\/VfB_Neue-Saison_BB_Foto_STUGGITV.jpg","contentUrl":"http:\/\/stuggitv.com\/wp-content\/uploads\/VfB_Neue-Saison_BB_Foto_STUGGITV.jpg","width":1500,"height":1000,"caption":"Neue Saison steht in den Startl\u00f6chern: Was ist drin f\u00fcr den VfB Stuttgart? (Foto: STUGGI.TV)"},{"@type":"BreadcrumbList","@id":"http:\/\/stuggitv.com\/?p=79577#breadcrumb","itemListElement":[{"@type":"ListItem","position":1,"name":"STUGGI.TV","item":"http:\/\/stuggitv.com\/"},{"@type":"ListItem","position":2,"name":"Neue Saison steht in den Startl\u00f6chern: Was ist drin f\u00fcr den VfB Stuttgart?"}]},{"@type":"WebSite","@id":"http:\/\/stuggitv.com\/#website","url":"http:\/\/stuggitv.com\/","name":"STUGGI.TV","description":"Der Onlinesender f\u00fcr Stuttgart","publisher":{"@id":"http:\/\/stuggitv.com\/#organization"},"potentialAction":[{"@type":"SearchAction","target":{"@type":"EntryPoint","urlTemplate":"http:\/\/stuggitv.com\/?s={search_term_string}"},"query-input":{"@type":"PropertyValueSpecification","valueRequired":true,"valueName":"search_term_string"}}],"inLanguage":"de"},{"@type":"Organization","@id":"http:\/\/stuggitv.com\/#organization","name":"STUGGI.TV","url":"http:\/\/stuggitv.com\/","logo":{"@type":"ImageObject","inLanguage":"de","@id":"http:\/\/stuggitv.com\/#\/schema\/logo\/image\/","url":"http:\/\/stuggitv.com\/wp-content\/uploads\/stuggitv_logo_rgb.jpg","contentUrl":"http:\/\/stuggitv.com\/wp-content\/uploads\/stuggitv_logo_rgb.jpg","width":320,"height":78,"caption":"STUGGI.TV"},"image":{"@id":"http:\/\/stuggitv.com\/#\/schema\/logo\/image\/"},"sameAs":["https:\/\/www.facebook.com\/stuggitv","https:\/\/x.com\/stuggitv"]},{"@type":"Person","@id":"http:\/\/stuggitv.com\/#\/schema\/person\/4f9c6da020422f6a669367e442fc5407","name":"Corinna Schmidt","image":{"@type":"ImageObject","inLanguage":"de","@id":"http:\/\/stuggitv.com\/#\/schema\/person\/image\/","url":"https:\/\/secure.gravatar.com\/avatar\/336f03b031c33a56561b9b1ddc149777a2d59c3fc8edb7b593f9ebe7363a2124?s=96&d=mm&r=g","contentUrl":"https:\/\/secure.gravatar.com\/avatar\/336f03b031c33a56561b9b1ddc149777a2d59c3fc8edb7b593f9ebe7363a2124?s=96&d=mm&r=g","caption":"Corinna Schmidt"},"description":"...der Mix aus Natur und Stadtleben einfach perfekt ist und jeder mit seinen unterschiedlichsten Interessen in Stuttgart auf seine Kosten kommt.","url":"http:\/\/stuggitv.com\/?author=4259"}]}},"_links":{"self":[{"href":"http:\/\/stuggitv.com\/index.php?rest_route=\/wp\/v2\/posts\/79577","targetHints":{"allow":["GET"]}}],"collection":[{"href":"http:\/\/stuggitv.com\/index.php?rest_route=\/wp\/v2\/posts"}],"about":[{"href":"http:\/\/stuggitv.com\/index.php?rest_route=\/wp\/v2\/types\/post"}],"author":[{"embeddable":true,"href":"http:\/\/stuggitv.com\/index.php?rest_route=\/wp\/v2\/users\/4259"}],"replies":[{"embeddable":true,"href":"http:\/\/stuggitv.com\/index.php?rest_route=%2Fwp%2Fv2%2Fcomments&post=79577"}],"version-history":[{"count":9,"href":"http:\/\/stuggitv.com\/index.php?rest_route=\/wp\/v2\/posts\/79577\/revisions"}],"predecessor-version":[{"id":79795,"href":"http:\/\/stuggitv.com\/index.php?rest_route=\/wp\/v2\/posts\/79577\/revisions\/79795"}],"wp:featuredmedia":[{"embeddable":true,"href":"http:\/\/stuggitv.com\/index.php?rest_route=\/wp\/v2\/media\/79631"}],"wp:attachment":[{"href":"http:\/\/stuggitv.com\/index.php?rest_route=%2Fwp%2Fv2%2Fmedia&parent=79577"}],"wp:term":[{"taxonomy":"category","embeddable":true,"href":"http:\/\/stuggitv.com\/index.php?rest_route=%2Fwp%2Fv2%2Fcategories&post=79577"},{"taxonomy":"post_tag","embeddable":true,"href":"http:\/\/stuggitv.com\/index.php?rest_route=%2Fwp%2Fv2%2Ftags&post=79577"}],"curies":[{"name":"wp","href":"https:\/\/api.w.org\/{rel}","templated":true}]}}