{"id":82568,"date":"2022-09-24T21:52:46","date_gmt":"2022-09-24T19:52:46","guid":{"rendered":"https:\/\/www.stuggi.tv\/?p=82568"},"modified":"2022-10-09T17:19:09","modified_gmt":"2022-10-09T15:19:09","slug":"wasen-studio-mit-sonja-merz-meine-tochter-steht-in-den-startloechern","status":"publish","type":"post","link":"http:\/\/stuggitv.com\/?p=82568","title":{"rendered":"Wasen-Studio mit Sonja Merz: &#8222;Meine Tochter steht in den Startl\u00f6chern&#8220;"},"content":{"rendered":"<h4>Premiere f\u00fcr Festwirt Michael Schm\u00fccker<\/h4>\n<p>Bis zum 3. Oktober gastiert das &#8222;Historische Volksfest&#8220; im Herzen der Landeshauptstadt auf dem Schlossplatz. Highlights sind die \u00fcber 100 Jahre alte Hutwurfbude oder die traditionelle Geisterbahn. Auf die Besucher wartet zudem die russische Luftschaukel oder die &#8222;Raupenbahn&#8220;. Eine Premiere feiert der Festwirt Michael Schm\u00fccker im historischen Festzelt. Zu essen gibt es Klassiker wie Linsen, Wurstsalat oder K\u00e4sesp\u00e4tzle. Wer sich traut, kann gegrillten Ochse probieren, f\u00fcr den Schm\u00fccker auch vom Stuttgarter Weindorf her bekannt ist.<\/p>\n<h4>&#8222;Das Fest aller Schwaben&#8220;<\/h4>\n<p>Einen Tag nach seiner erfolgreichen Volksfest-Premiere hat Stuttgarts Oberb\u00fcrgermeister Frank Nopper (CDU) auch das &#8222;Historische Volksfest&#8220; er\u00f6ffnet. In seiner Rede bezeichnete Nopper das Cannstatter Volksfest als das&#8220;Fest aller Schwaben&#8220;. Der Vergleich zur bayerischen Wiesn sei &#8222;fehl am Platz&#8220;, da man gegen\u00fcber den Bayern einen zivilisatorischen Vorsprung habe, sagte Nopper augenzwinkernd. Die allgemeine Schulpflicht habe in W\u00fcrttemberg schon im Jahr 1649 existiert, in Bayern dagegen erst im Jahr 1802.<\/p>\n<h4>Beim zweiten Fassanstich ben\u00f6tigt Nopper nur einen Schlag<\/h4>\n<p>Das Volksfest sei ein &#8222;Hort der Freude, der Fr\u00f6hlichkeit, aber auch ein Ort des Trostes&#8220;. Beim Fassanstich verbesserte sich der OB im Vergleich zur Wasen-Er\u00f6ffnung. Im Festzelt von Michael Schm\u00fccker ben\u00f6tigte Nopper nur einen Schlag.<\/p>\n<h4>Alle Folgen des Wasen-Studio in der \u00dcbersicht<\/h4>\n<ul>\n<li><em><a href=\"http:\/\/stuggitv.com\/2022\/09\/erste-folge-des-wasen-studio-das-175-cannstatter-volksfest-ist-eroeffnet\/\">Folge 1<\/a>\u00a0zur Er\u00f6ffnung des Cannstatter Volksfest mit Volksfest-Experte Wulf Wager\u00a0<\/em><\/li>\n<li><em><a href=\"http:\/\/stuggitv.com\/2022\/09\/wasen-studio-mit-sonja-merz-meine-tochter-steht-in-den-startloechern\/\">Folge 2<\/a>\u00a0zur Er\u00f6ffnung des Historischen Volksfest und Talk mit Festwirtin Sonja Merz<\/em><\/li>\n<li><em><a href=\"http:\/\/stuggitv.com\/2022\/09\/wasen-studio-rueckblick-auf-die-wasenpirsch-und-talk-mit-nina-renoldi\/\">Folge 3<\/a>\u00a0zum Promi-Event \u201eWasenpirsch\u201c und Talk mit Festwirtin Nina Renoldi \u00fcber ihre neue K\u00f6nigsalm<\/em><\/li>\n<li><em><a href=\"http:\/\/stuggitv.com\/2022\/09\/wasen-studio-mit-karl-maier-ein-leben-lang-wulle-bier-im-goeckelesmaier\/\">Folge 4<\/a>\u00a0zum Wechsel vom G\u00f6ckelesmaier zu Wulle mit Festwirt Karl Maier<\/em><\/li>\n<li><em><a href=\"http:\/\/stuggitv.com\/2022\/09\/die-fussstapfen-sind-riesig-wasen-studio-mit-grandls-nachfolger-marcel-benz\/\">Folge 5<\/a>\u00a0mit Grandls-Nachfolger Marcel Benz und der Frage, was auf dem Wasen am besten schmeckt<\/em><\/li>\n<li><em><a href=\"http:\/\/stuggitv.com\/2022\/09\/wasen-studio-braucht-es-einen-fahrrad-parkservice-auf-dem-cannstatter-wasen\/\">Folge 6<\/a>\u00a0mit Stadtrat Florian Pitschel zur Forderung eines bewachten Fahrrad-Parkservices im Neckarpark<\/em><\/li>\n<li><em><a href=\"http:\/\/stuggitv.com\/2022\/10\/wasen-studio-historisches-volksfest-lockt-auf-den-schlossplatz\/\">Folge 7<\/a>\u00a0zum Historischen Volksfest und mit Talkgast Michael Schm\u00fccker<\/em><\/li>\n<li><em><a href=\"http:\/\/stuggitv.com\/2022\/10\/wasen-studio-mit-michael-wilhelmer-braucht-es-champagner-fuer-39-000-euro\/\">Folge 8<\/a> mit Michael Wilhelmer: Braucht es Champagner f\u00fcr 39.000 Euro?<\/em><\/li>\n<li><em><a href=\"http:\/\/stuggitv.com\/2022\/10\/dj-robin-kuert-beste-cover-version-von-layla-im-wasen-studio\/\">Folge 9<\/a> mit DJ Robin, der die beste Cover-Version von &#8222;Layla&#8220; der Volksfest-Besucher k\u00fcrt<\/em><\/li>\n<li><em><a href=\"http:\/\/stuggitv.com\/2022\/10\/wasen-studio-mit-ob-frank-nopper-passt-das-volksfest-in-die-aktuelle-krisenzeit\/\">Folge 10<\/a> mit Stuttgarts Oberb\u00fcrgermeister Frank Nopper\u00a0<\/em><\/li>\n<li><em><a href=\"http:\/\/stuggitv.com\/2022\/10\/wasen-studio-mit-tobee-der-malle-star-der-eigentlich-zahnarzt-ist\/\">Folge 11<\/a> mit Tobee, dem Malle-Star, der eigentlich Zahnarzt ist sowie einer Dirndl-Umfrage<\/em><\/li>\n<li><em><a href=\"http:\/\/stuggitv.com\/2022\/10\/wasen-studio-wie-sicher-war-das-cannstatter-volksfest-2022\/\">Folge 12<\/a> mit der Frage, wie sicher das Cannstatter Volksfest ist sowie den Schausteller-Chefs Linda Brandl und Mark Roschmann<\/em><\/li>\n<li><em><a href=\"http:\/\/stuggitv.com\/2022\/10\/wasen-studio-mit-isabel-ramsch-17-tage-nonstop-auf-dem-volksfest\/\">Folge 13<\/a> mit Isabel Ramsch, die 17 Tage nonstop auf dem Volksfest verbracht hat sowie den beliebtesten Fahrgesch\u00e4ften<\/em><\/li>\n<li><em><a href=\"http:\/\/stuggitv.com\/2022\/10\/wasen-studio-die-grosse-sendung-zum-finale-des-cannstatter-volksfest-2022\/\">Folge 14<\/a> &#8211; die gro\u00dfe Abschluss-Sendung mit Volksfest-Chef Andreas Kroll, den Festwirtinnen Sonja Merz und Katharina Renz\u00a0<\/em><\/li>\n<\/ul>\n","protected":false},"excerpt":{"rendered":"<p>Premiere f\u00fcr Festwirt Michael Schm\u00fccker Bis zum 3. Oktober gastiert das &#8222;Historische Volksfest&#8220; im Herzen der Landeshauptstadt auf dem Schlossplatz. Highlights sind die \u00fcber 100 Jahre alte Hutwurfbude oder die traditionelle Geisterbahn. Auf die Besucher wartet zudem die russische Luftschaukel [&hellip;]<\/p>\n","protected":false},"author":7,"featured_media":82583,"comment_status":"closed","ping_status":"closed","sticky":false,"template":"","format":"standard","meta":{"footnotes":""},"categories":[5078],"tags":[138,141,77,1469,2534,471,1187,2111,947,140,5079],"class_list":["post-82568","post","type-post","status-publish","format-standard","has-post-thumbnail","hentry","category-wasen-studio","tag-cannstatter-volksfest","tag-cannstatter-wasen","tag-frank-nopper","tag-historisches-volksfest","tag-michael-schmuecker","tag-ob-frank-nopper","tag-schlossplatz","tag-sonja-merz","tag-stuttgart-mitte","tag-wasen","tag-wasen-studio"],"read":true,"yoast_head":"<!-- This site is optimized with the Yoast SEO plugin v27.1.1 - https:\/\/yoast.com\/product\/yoast-seo-wordpress\/ -->\n<title>Wasen-Studio mit Sonja Merz: &quot;Meine Tochter steht in den Startl\u00f6chern&quot; - STUGGI.TV<\/title>\n<meta name=\"robots\" content=\"index, follow, max-snippet:-1, max-image-preview:large, max-video-preview:-1\" \/>\n<link rel=\"canonical\" href=\"http:\/\/stuggitv.com\/?p=82568\" \/>\n<meta property=\"og:locale\" content=\"de_DE\" \/>\n<meta property=\"og:type\" content=\"article\" \/>\n<meta property=\"og:title\" content=\"Wasen-Studio mit Sonja Merz: &quot;Meine Tochter steht in den Startl\u00f6chern&quot; - STUGGI.TV\" \/>\n<meta property=\"og:description\" content=\"Premiere f\u00fcr Festwirt Michael Schm\u00fccker Bis zum 3. Oktober gastiert das &#8222;Historische Volksfest&#8220; im Herzen der Landeshauptstadt auf dem Schlossplatz. Highlights sind die \u00fcber 100 Jahre alte Hutwurfbude oder die traditionelle Geisterbahn. Auf die Besucher wartet zudem die russische Luftschaukel [&hellip;]\" \/>\n<meta property=\"og:url\" content=\"http:\/\/stuggitv.com\/?p=82568\" \/>\n<meta property=\"og:site_name\" content=\"STUGGI.TV\" \/>\n<meta property=\"article:publisher\" content=\"https:\/\/www.facebook.com\/stuggitv\" \/>\n<meta property=\"article:published_time\" content=\"2022-09-24T19:52:46+00:00\" \/>\n<meta property=\"article:modified_time\" content=\"2022-10-09T15:19:09+00:00\" \/>\n<meta property=\"og:image\" content=\"http:\/\/stuggitv.com\/wp-content\/uploads\/WasenStudio_Cannstatter-Volksfest_Sonja-Merz_BB_Foto_STUGGITV-1.jpg\" \/>\n\t<meta property=\"og:image:width\" content=\"1500\" \/>\n\t<meta property=\"og:image:height\" content=\"1000\" \/>\n\t<meta property=\"og:image:type\" content=\"image\/jpeg\" \/>\n<meta name=\"author\" content=\"David Luis Rau\" \/>\n<meta name=\"twitter:card\" content=\"summary_large_image\" \/>\n<meta name=\"twitter:creator\" content=\"@http:\/\/www.twitter.com\/davidluis\" \/>\n<meta name=\"twitter:site\" content=\"@stuggitv\" \/>\n<meta name=\"twitter:label1\" content=\"Verfasst von\" \/>\n\t<meta name=\"twitter:data1\" content=\"David Luis Rau\" \/>\n\t<meta name=\"twitter:label2\" content=\"Gesch\u00e4tzte Lesezeit\" \/>\n\t<meta name=\"twitter:data2\" content=\"2\u00a0Minuten\" \/>\n<script type=\"application\/ld+json\" class=\"yoast-schema-graph\">{\"@context\":\"https:\/\/schema.org\",\"@graph\":[{\"@type\":\"Article\",\"@id\":\"http:\/\/stuggitv.com\/?p=82568#article\",\"isPartOf\":{\"@id\":\"http:\/\/stuggitv.com\/?p=82568\"},\"author\":{\"name\":\"David Luis Rau\",\"@id\":\"http:\/\/stuggitv.com\/#\/schema\/person\/3fb7e7bcb15b87c04fb94f653cc4327b\"},\"headline\":\"Wasen-Studio mit Sonja Merz: &#8222;Meine Tochter steht in den Startl\u00f6chern&#8220;\",\"datePublished\":\"2022-09-24T19:52:46+00:00\",\"dateModified\":\"2022-10-09T15:19:09+00:00\",\"mainEntityOfPage\":{\"@id\":\"http:\/\/stuggitv.com\/?p=82568\"},\"wordCount\":409,\"publisher\":{\"@id\":\"http:\/\/stuggitv.com\/#organization\"},\"image\":{\"@id\":\"http:\/\/stuggitv.com\/?p=82568#primaryimage\"},\"thumbnailUrl\":\"http:\/\/stuggitv.com\/wp-content\/uploads\/WasenStudio_Cannstatter-Volksfest_Sonja-Merz_BB_Foto_STUGGITV-1.jpg\",\"keywords\":[\"Cannstatter Volksfest\",\"Cannstatter Wasen\",\"Frank Nopper\",\"Historisches Volksfest\",\"Michael Schm\u00fccker\",\"OB Frank Nopper\",\"Schlossplatz\",\"Sonja Merz\",\"Stuttgart-Mitte\",\"Wasen\",\"Wasen-Studio\"],\"articleSection\":[\"Wasen-Studio\"],\"inLanguage\":\"de\"},{\"@type\":\"WebPage\",\"@id\":\"http:\/\/stuggitv.com\/?p=82568\",\"url\":\"http:\/\/stuggitv.com\/?p=82568\",\"name\":\"Wasen-Studio mit Sonja Merz: \\\"Meine Tochter steht in den Startl\u00f6chern\\\" - STUGGI.TV\",\"isPartOf\":{\"@id\":\"http:\/\/stuggitv.com\/#website\"},\"primaryImageOfPage\":{\"@id\":\"http:\/\/stuggitv.com\/?p=82568#primaryimage\"},\"image\":{\"@id\":\"http:\/\/stuggitv.com\/?p=82568#primaryimage\"},\"thumbnailUrl\":\"http:\/\/stuggitv.com\/wp-content\/uploads\/WasenStudio_Cannstatter-Volksfest_Sonja-Merz_BB_Foto_STUGGITV-1.jpg\",\"datePublished\":\"2022-09-24T19:52:46+00:00\",\"dateModified\":\"2022-10-09T15:19:09+00:00\",\"breadcrumb\":{\"@id\":\"http:\/\/stuggitv.com\/?p=82568#breadcrumb\"},\"inLanguage\":\"de\",\"potentialAction\":[{\"@type\":\"ReadAction\",\"target\":[\"http:\/\/stuggitv.com\/?p=82568\"]}]},{\"@type\":\"ImageObject\",\"inLanguage\":\"de\",\"@id\":\"http:\/\/stuggitv.com\/?p=82568#primaryimage\",\"url\":\"http:\/\/stuggitv.com\/wp-content\/uploads\/WasenStudio_Cannstatter-Volksfest_Sonja-Merz_BB_Foto_STUGGITV-1.jpg\",\"contentUrl\":\"http:\/\/stuggitv.com\/wp-content\/uploads\/WasenStudio_Cannstatter-Volksfest_Sonja-Merz_BB_Foto_STUGGITV-1.jpg\",\"width\":1500,\"height\":1000,\"caption\":\"Festwirtin Sonja Merz und STUGGI.TV Chefredakteur David Luis Rau im Wasen-Studio (Foto: STUGGI.TV)\"},{\"@type\":\"BreadcrumbList\",\"@id\":\"http:\/\/stuggitv.com\/?p=82568#breadcrumb\",\"itemListElement\":[{\"@type\":\"ListItem\",\"position\":1,\"name\":\"STUGGI.TV\",\"item\":\"http:\/\/stuggitv.com\/\"},{\"@type\":\"ListItem\",\"position\":2,\"name\":\"Wasen-Studio mit Sonja Merz: &#8222;Meine Tochter steht in den Startl\u00f6chern&#8220;\"}]},{\"@type\":\"WebSite\",\"@id\":\"http:\/\/stuggitv.com\/#website\",\"url\":\"http:\/\/stuggitv.com\/\",\"name\":\"STUGGI.TV\",\"description\":\"Der Onlinesender f\u00fcr Stuttgart\",\"publisher\":{\"@id\":\"http:\/\/stuggitv.com\/#organization\"},\"potentialAction\":[{\"@type\":\"SearchAction\",\"target\":{\"@type\":\"EntryPoint\",\"urlTemplate\":\"http:\/\/stuggitv.com\/?s={search_term_string}\"},\"query-input\":{\"@type\":\"PropertyValueSpecification\",\"valueRequired\":true,\"valueName\":\"search_term_string\"}}],\"inLanguage\":\"de\"},{\"@type\":\"Organization\",\"@id\":\"http:\/\/stuggitv.com\/#organization\",\"name\":\"STUGGI.TV\",\"url\":\"http:\/\/stuggitv.com\/\",\"logo\":{\"@type\":\"ImageObject\",\"inLanguage\":\"de\",\"@id\":\"http:\/\/stuggitv.com\/#\/schema\/logo\/image\/\",\"url\":\"http:\/\/stuggitv.com\/wp-content\/uploads\/stuggitv_logo_rgb.jpg\",\"contentUrl\":\"http:\/\/stuggitv.com\/wp-content\/uploads\/stuggitv_logo_rgb.jpg\",\"width\":320,\"height\":78,\"caption\":\"STUGGI.TV\"},\"image\":{\"@id\":\"http:\/\/stuggitv.com\/#\/schema\/logo\/image\/\"},\"sameAs\":[\"https:\/\/www.facebook.com\/stuggitv\",\"https:\/\/x.com\/stuggitv\"]},{\"@type\":\"Person\",\"@id\":\"http:\/\/stuggitv.com\/#\/schema\/person\/3fb7e7bcb15b87c04fb94f653cc4327b\",\"name\":\"David Luis Rau\",\"image\":{\"@type\":\"ImageObject\",\"inLanguage\":\"de\",\"@id\":\"http:\/\/stuggitv.com\/#\/schema\/person\/image\/\",\"url\":\"https:\/\/secure.gravatar.com\/avatar\/ed233418ae33f97764f76dfcd0645a138f4ad0f161322b19147a19a217cd8c2e?s=96&d=mm&r=g\",\"contentUrl\":\"https:\/\/secure.gravatar.com\/avatar\/ed233418ae33f97764f76dfcd0645a138f4ad0f161322b19147a19a217cd8c2e?s=96&d=mm&r=g\",\"caption\":\"David Luis Rau\"},\"description\":\"\u2026weil du immer eine neue Ecke entdeckst, wenn du denkst, du hast in 0711 schon alles gesehen.\",\"sameAs\":[\"https:\/\/x.com\/http:\/\/www.twitter.com\/davidluis\"],\"url\":\"http:\/\/stuggitv.com\/?author=7\"}]}<\/script>\n<!-- \/ Yoast SEO plugin. -->","yoast_head_json":{"title":"Wasen-Studio mit Sonja Merz: \"Meine Tochter steht in den Startl\u00f6chern\" - STUGGI.TV","robots":{"index":"index","follow":"follow","max-snippet":"max-snippet:-1","max-image-preview":"max-image-preview:large","max-video-preview":"max-video-preview:-1"},"canonical":"http:\/\/stuggitv.com\/?p=82568","og_locale":"de_DE","og_type":"article","og_title":"Wasen-Studio mit Sonja Merz: \"Meine Tochter steht in den Startl\u00f6chern\" - STUGGI.TV","og_description":"Premiere f\u00fcr Festwirt Michael Schm\u00fccker Bis zum 3. Oktober gastiert das &#8222;Historische Volksfest&#8220; im Herzen der Landeshauptstadt auf dem Schlossplatz. Highlights sind die \u00fcber 100 Jahre alte Hutwurfbude oder die traditionelle Geisterbahn. Auf die Besucher wartet zudem die russische Luftschaukel [&hellip;]","og_url":"http:\/\/stuggitv.com\/?p=82568","og_site_name":"STUGGI.TV","article_publisher":"https:\/\/www.facebook.com\/stuggitv","article_published_time":"2022-09-24T19:52:46+00:00","article_modified_time":"2022-10-09T15:19:09+00:00","og_image":[{"width":1500,"height":1000,"url":"http:\/\/stuggitv.com\/wp-content\/uploads\/WasenStudio_Cannstatter-Volksfest_Sonja-Merz_BB_Foto_STUGGITV-1.jpg","type":"image\/jpeg"}],"author":"David Luis Rau","twitter_card":"summary_large_image","twitter_creator":"@http:\/\/www.twitter.com\/davidluis","twitter_site":"@stuggitv","twitter_misc":{"Verfasst von":"David Luis Rau","Gesch\u00e4tzte Lesezeit":"2\u00a0Minuten"},"schema":{"@context":"https:\/\/schema.org","@graph":[{"@type":"Article","@id":"http:\/\/stuggitv.com\/?p=82568#article","isPartOf":{"@id":"http:\/\/stuggitv.com\/?p=82568"},"author":{"name":"David Luis Rau","@id":"http:\/\/stuggitv.com\/#\/schema\/person\/3fb7e7bcb15b87c04fb94f653cc4327b"},"headline":"Wasen-Studio mit Sonja Merz: &#8222;Meine Tochter steht in den Startl\u00f6chern&#8220;","datePublished":"2022-09-24T19:52:46+00:00","dateModified":"2022-10-09T15:19:09+00:00","mainEntityOfPage":{"@id":"http:\/\/stuggitv.com\/?p=82568"},"wordCount":409,"publisher":{"@id":"http:\/\/stuggitv.com\/#organization"},"image":{"@id":"http:\/\/stuggitv.com\/?p=82568#primaryimage"},"thumbnailUrl":"http:\/\/stuggitv.com\/wp-content\/uploads\/WasenStudio_Cannstatter-Volksfest_Sonja-Merz_BB_Foto_STUGGITV-1.jpg","keywords":["Cannstatter Volksfest","Cannstatter Wasen","Frank Nopper","Historisches Volksfest","Michael Schm\u00fccker","OB Frank Nopper","Schlossplatz","Sonja Merz","Stuttgart-Mitte","Wasen","Wasen-Studio"],"articleSection":["Wasen-Studio"],"inLanguage":"de"},{"@type":"WebPage","@id":"http:\/\/stuggitv.com\/?p=82568","url":"http:\/\/stuggitv.com\/?p=82568","name":"Wasen-Studio mit Sonja Merz: \"Meine Tochter steht in den Startl\u00f6chern\" - STUGGI.TV","isPartOf":{"@id":"http:\/\/stuggitv.com\/#website"},"primaryImageOfPage":{"@id":"http:\/\/stuggitv.com\/?p=82568#primaryimage"},"image":{"@id":"http:\/\/stuggitv.com\/?p=82568#primaryimage"},"thumbnailUrl":"http:\/\/stuggitv.com\/wp-content\/uploads\/WasenStudio_Cannstatter-Volksfest_Sonja-Merz_BB_Foto_STUGGITV-1.jpg","datePublished":"2022-09-24T19:52:46+00:00","dateModified":"2022-10-09T15:19:09+00:00","breadcrumb":{"@id":"http:\/\/stuggitv.com\/?p=82568#breadcrumb"},"inLanguage":"de","potentialAction":[{"@type":"ReadAction","target":["http:\/\/stuggitv.com\/?p=82568"]}]},{"@type":"ImageObject","inLanguage":"de","@id":"http:\/\/stuggitv.com\/?p=82568#primaryimage","url":"http:\/\/stuggitv.com\/wp-content\/uploads\/WasenStudio_Cannstatter-Volksfest_Sonja-Merz_BB_Foto_STUGGITV-1.jpg","contentUrl":"http:\/\/stuggitv.com\/wp-content\/uploads\/WasenStudio_Cannstatter-Volksfest_Sonja-Merz_BB_Foto_STUGGITV-1.jpg","width":1500,"height":1000,"caption":"Festwirtin Sonja Merz und STUGGI.TV Chefredakteur David Luis Rau im Wasen-Studio (Foto: STUGGI.TV)"},{"@type":"BreadcrumbList","@id":"http:\/\/stuggitv.com\/?p=82568#breadcrumb","itemListElement":[{"@type":"ListItem","position":1,"name":"STUGGI.TV","item":"http:\/\/stuggitv.com\/"},{"@type":"ListItem","position":2,"name":"Wasen-Studio mit Sonja Merz: &#8222;Meine Tochter steht in den Startl\u00f6chern&#8220;"}]},{"@type":"WebSite","@id":"http:\/\/stuggitv.com\/#website","url":"http:\/\/stuggitv.com\/","name":"STUGGI.TV","description":"Der Onlinesender f\u00fcr Stuttgart","publisher":{"@id":"http:\/\/stuggitv.com\/#organization"},"potentialAction":[{"@type":"SearchAction","target":{"@type":"EntryPoint","urlTemplate":"http:\/\/stuggitv.com\/?s={search_term_string}"},"query-input":{"@type":"PropertyValueSpecification","valueRequired":true,"valueName":"search_term_string"}}],"inLanguage":"de"},{"@type":"Organization","@id":"http:\/\/stuggitv.com\/#organization","name":"STUGGI.TV","url":"http:\/\/stuggitv.com\/","logo":{"@type":"ImageObject","inLanguage":"de","@id":"http:\/\/stuggitv.com\/#\/schema\/logo\/image\/","url":"http:\/\/stuggitv.com\/wp-content\/uploads\/stuggitv_logo_rgb.jpg","contentUrl":"http:\/\/stuggitv.com\/wp-content\/uploads\/stuggitv_logo_rgb.jpg","width":320,"height":78,"caption":"STUGGI.TV"},"image":{"@id":"http:\/\/stuggitv.com\/#\/schema\/logo\/image\/"},"sameAs":["https:\/\/www.facebook.com\/stuggitv","https:\/\/x.com\/stuggitv"]},{"@type":"Person","@id":"http:\/\/stuggitv.com\/#\/schema\/person\/3fb7e7bcb15b87c04fb94f653cc4327b","name":"David Luis Rau","image":{"@type":"ImageObject","inLanguage":"de","@id":"http:\/\/stuggitv.com\/#\/schema\/person\/image\/","url":"https:\/\/secure.gravatar.com\/avatar\/ed233418ae33f97764f76dfcd0645a138f4ad0f161322b19147a19a217cd8c2e?s=96&d=mm&r=g","contentUrl":"https:\/\/secure.gravatar.com\/avatar\/ed233418ae33f97764f76dfcd0645a138f4ad0f161322b19147a19a217cd8c2e?s=96&d=mm&r=g","caption":"David Luis Rau"},"description":"\u2026weil du immer eine neue Ecke entdeckst, wenn du denkst, du hast in 0711 schon alles gesehen.","sameAs":["https:\/\/x.com\/http:\/\/www.twitter.com\/davidluis"],"url":"http:\/\/stuggitv.com\/?author=7"}]}},"_links":{"self":[{"href":"http:\/\/stuggitv.com\/index.php?rest_route=\/wp\/v2\/posts\/82568","targetHints":{"allow":["GET"]}}],"collection":[{"href":"http:\/\/stuggitv.com\/index.php?rest_route=\/wp\/v2\/posts"}],"about":[{"href":"http:\/\/stuggitv.com\/index.php?rest_route=\/wp\/v2\/types\/post"}],"author":[{"embeddable":true,"href":"http:\/\/stuggitv.com\/index.php?rest_route=\/wp\/v2\/users\/7"}],"replies":[{"embeddable":true,"href":"http:\/\/stuggitv.com\/index.php?rest_route=%2Fwp%2Fv2%2Fcomments&post=82568"}],"version-history":[{"count":23,"href":"http:\/\/stuggitv.com\/index.php?rest_route=\/wp\/v2\/posts\/82568\/revisions"}],"predecessor-version":[{"id":82947,"href":"http:\/\/stuggitv.com\/index.php?rest_route=\/wp\/v2\/posts\/82568\/revisions\/82947"}],"wp:featuredmedia":[{"embeddable":true,"href":"http:\/\/stuggitv.com\/index.php?rest_route=\/wp\/v2\/media\/82583"}],"wp:attachment":[{"href":"http:\/\/stuggitv.com\/index.php?rest_route=%2Fwp%2Fv2%2Fmedia&parent=82568"}],"wp:term":[{"taxonomy":"category","embeddable":true,"href":"http:\/\/stuggitv.com\/index.php?rest_route=%2Fwp%2Fv2%2Fcategories&post=82568"},{"taxonomy":"post_tag","embeddable":true,"href":"http:\/\/stuggitv.com\/index.php?rest_route=%2Fwp%2Fv2%2Ftags&post=82568"}],"curies":[{"name":"wp","href":"https:\/\/api.w.org\/{rel}","templated":true}]}}