{"id":84366,"date":"2022-12-18T10:56:54","date_gmt":"2022-12-18T09:56:54","guid":{"rendered":"https:\/\/www.stuggi.tv\/?p=84366"},"modified":"2022-12-25T15:16:18","modified_gmt":"2022-12-25T14:16:18","slug":"neue-ausstellung-zur-stuttgarter-wirtshaus-tradition-gestartet","status":"publish","type":"post","link":"http:\/\/stuggitv.com\/?p=84366","title":{"rendered":"Neue Ausstellung zur Stuttgarter Wirtshaus-Tradition gestartet"},"content":{"rendered":"<h4>Jedes Jahr ein neues Ausstellungs-Thema<\/h4>\n<p>Eine Gruppe im B\u00fcrgerverein Plieningen hat es sich zur Aufgabe gemacht, die Geschichte des Ortes zu ergr\u00fcnden. Dabei wird ein Thema pro Jahr beleuchtet. Nach den Brunnen 2020 und den Denkm\u00e4lern 2021 sind in diesem Jahr die Wirtsh\u00e4user im Ort das ausgesuchte Thema. Zur Wiederer\u00f6ffnung des Heimatmuseums Plieningen gibt es nun eine Ausstellung zum &#8222;Wirtshausleben&#8220;. So gab es rund 30 Wirtsh\u00e4user in der Zeit vor dem 2. Weltkrieg. &#8222;Das ist eine beachtliche Dichte an Wirtsh\u00e4usern gemessen an der Bev\u00f6lkerung&#8220;, sagt Ulrich Fellmeth, der Leiter der Ausstellung. Plieningen liegt am Einschnitt der K\u00f6rsch. Viele Pferdefuhrwerke passierten daher den Ort und mussten oftmals Hilfe in Anspruch nehmen, um die Anstiege zu bew\u00e4ltigen. Viele B\u00fcrger haben daher Pferde gehalten, die zus\u00e4tzlich vorgespannt werden konnten. Dabei wurde direkt Essen und Trinken oder bei Bedarf ein Nachtlager angeboten. So sind entlang der Albstra\u00dfe im 18. und 19. Jahrhundert viele Wirtsh\u00e4user entstanden.<\/p>\n<h4>&#8222;Kaum Nachfahren, die berichten k\u00f6nnen&#8220;<\/h4>\n<p>Zwar gibt es Hinweise auf Wirtsh\u00e4user im 17. Jahrhundert, davon ist aber nichts mehr \u00fcbrig geblieben. &#8222;Es gibt kaum noch Nachfahren, die uns berichten k\u00f6nnen&#8220;, so Fellmeth. Von einigen wenigen Wirtsh\u00e4usern gibt es aber noch Berichte. So konnte sich beispielsweise ein B\u00fcrger erinnern, dass er als kleiner Junge im Wirtshaus regelm\u00e4\u00dfig unter den Tisch gekrochen sei und zugeh\u00f6rt habe, was die Erwachsenen reden. Manchmal sei er dabei einfach eingeschlafen. Aber er war immer bestens \u00fcber den Dorfklatsch informiert. Ein anderer erinnert sich, dass es eine Binokel-Runde (schw\u00e4bisches Kartenspiel) gab, die immer weiter spielen wollte. Irgendwann habe die Wirtin gesagt: &#8222;Hier ist der Zapfhahn&#8220; und sei ins Bett gegangen. So dienten die Wirtsh\u00e4user fr\u00fcher im Dorf vor allem der Unterhaltung. Viele andere M\u00f6glichkeiten hat es nicht gegeben. Nach der Arbeit ging es eben in die Kneipe, wo es gesellig war, getrunken wurde und gute Laune war.<\/p>\n<h4>Plieninger Geschichte im Heimatmuseum<\/h4>\n<p>Die Ausstellung &#8222;Wirtshausleben&#8220; im Heimatmuseum Plieningen ist noch bis 23. Juli 2023 zu sehen. Ge\u00f6ffnet hat das Heimatmuseum Plieningen regelm\u00e4\u00dfig an Sonn- und Feiertagen von 14 bis 17 Uhr. Der Eintritt ist frei. Das Heimatmuseum Plieningen ist gemeinsam mit f\u00fcnf weiteren Museen Teil der Museumsfamilie des Stadtpalais Stuttgart. Hierzu geh\u00f6ren das Heimatmuseum M\u00f6hringen, das Stadtmuseum Bad Cannstatt, das St\u00e4dtische Lapidarium und das Museum Hegel-Haus. In der historischen Zehntscheuer erz\u00e4hlt das Heimatmuseum Plieningen die Geschichte der Stuttgarter Bezirke Plieningen und Birkach.<\/p>\n<h4>Hier findet ihr das Heimatmuseum Plieningen:<\/h4>\n<p><iframe loading=\"lazy\" style=\"border: 0;\" src=\"https:\/\/www.google.com\/maps\/embed?pb=!1m18!1m12!1m3!1d2633.2276574877233!2d9.213892315668812!3d48.701129479272346!2m3!1f0!2f0!3f0!3m2!1i1024!2i768!4f13.1!3m3!1m2!1s0x4799c2598bf58af3%3A0xa00a8367955a8b35!2sHeimatmuseum%20Plieningen!5e0!3m2!1sde!2sde!4v1669287963296!5m2!1sde!2sde\" width=\"600\" height=\"450\" allowfullscreen=\"allowfullscreen\"><\/iframe><\/p>\n<h4>VIDEO: Ab in die 40er Jahre in Hollywood &#8211; &#8222;Dream Factory&#8220; im Fried\u00adrichs\u00adbau Va\u00adriet\u00e9<\/h4>\n<p><iframe loading=\"lazy\" title=\"&quot;Dream Factory&quot; feiert Premiere im Fried\u00adrichs\u00adbau Va\u00adriet\u00e9 | STUGGI.TV\" width=\"500\" height=\"281\" src=\"https:\/\/www.youtube.com\/embed\/aFcIs1fsO5U?feature=oembed\" frameborder=\"0\" allow=\"accelerometer; autoplay; clipboard-write; encrypted-media; gyroscope; picture-in-picture; web-share\" referrerpolicy=\"strict-origin-when-cross-origin\" allowfullscreen><\/iframe><\/p>\n<p><em>Video wird nicht angezeigt? <a href=\"https:\/\/youtu.be\/aFcIs1fsO5U\">Hier klicken<\/a>.<\/em><\/p>\n","protected":false},"excerpt":{"rendered":"<p>Jedes Jahr ein neues Ausstellungs-Thema Eine Gruppe im B\u00fcrgerverein Plieningen hat es sich zur Aufgabe gemacht, die Geschichte des Ortes zu ergr\u00fcnden. Dabei wird ein Thema pro Jahr beleuchtet. Nach den Brunnen 2020 und den Denkm\u00e4lern 2021 sind in diesem [&hellip;]<\/p>\n","protected":false},"author":21184,"featured_media":84413,"comment_status":"closed","ping_status":"closed","sticky":false,"template":"","format":"standard","meta":{"footnotes":""},"categories":[626],"tags":[5296,82,54,5307,5295,5299,5297],"class_list":["post-84366","post","type-post","status-publish","format-standard","has-post-thumbnail","hentry","category-stuttgart-heute","tag-ausstellung-wirtshausleben","tag-plieningen","tag-stuttgart","tag-ulrich-fellmeth","tag-wirtshaeuser","tag-wirtshaeuser-stuttgart","tag-wirtshausleben"],"read":true,"yoast_head":"<!-- This site is optimized with the Yoast SEO plugin v27.1.1 - https:\/\/yoast.com\/product\/yoast-seo-wordpress\/ -->\n<title>Neue Ausstellung zur Stuttgarter Wirtshaus-Tradition gestartet - STUGGI.TV<\/title>\n<meta name=\"robots\" content=\"index, follow, max-snippet:-1, max-image-preview:large, max-video-preview:-1\" \/>\n<link rel=\"canonical\" href=\"http:\/\/stuggitv.com\/?p=84366\" \/>\n<meta property=\"og:locale\" content=\"de_DE\" \/>\n<meta property=\"og:type\" content=\"article\" \/>\n<meta property=\"og:title\" content=\"Neue Ausstellung zur Stuttgarter Wirtshaus-Tradition gestartet - STUGGI.TV\" \/>\n<meta property=\"og:description\" content=\"Jedes Jahr ein neues Ausstellungs-Thema Eine Gruppe im B\u00fcrgerverein Plieningen hat es sich zur Aufgabe gemacht, die Geschichte des Ortes zu ergr\u00fcnden. Dabei wird ein Thema pro Jahr beleuchtet. Nach den Brunnen 2020 und den Denkm\u00e4lern 2021 sind in diesem [&hellip;]\" \/>\n<meta property=\"og:url\" content=\"http:\/\/stuggitv.com\/?p=84366\" \/>\n<meta property=\"og:site_name\" content=\"STUGGI.TV\" \/>\n<meta property=\"article:publisher\" content=\"https:\/\/www.facebook.com\/stuggitv\" \/>\n<meta property=\"article:published_time\" content=\"2022-12-18T09:56:54+00:00\" \/>\n<meta property=\"article:modified_time\" content=\"2022-12-25T14:16:18+00:00\" \/>\n<meta property=\"og:image\" content=\"http:\/\/stuggitv.com\/wp-content\/uploads\/Heimatmuseum-Plieningen_BB_Foto_ex.jpg\" \/>\n\t<meta property=\"og:image:width\" content=\"1500\" \/>\n\t<meta property=\"og:image:height\" content=\"1000\" \/>\n\t<meta property=\"og:image:type\" content=\"image\/jpeg\" \/>\n<meta name=\"author\" content=\"Die Redaktion\" \/>\n<meta name=\"twitter:card\" content=\"summary_large_image\" \/>\n<meta name=\"twitter:creator\" content=\"@stuggitv\" \/>\n<meta name=\"twitter:site\" content=\"@stuggitv\" \/>\n<meta name=\"twitter:label1\" content=\"Verfasst von\" \/>\n\t<meta name=\"twitter:data1\" content=\"Die Redaktion\" \/>\n\t<meta name=\"twitter:label2\" content=\"Gesch\u00e4tzte Lesezeit\" \/>\n\t<meta name=\"twitter:data2\" content=\"3\u00a0Minuten\" \/>\n<script type=\"application\/ld+json\" class=\"yoast-schema-graph\">{\"@context\":\"https:\/\/schema.org\",\"@graph\":[{\"@type\":\"Article\",\"@id\":\"http:\/\/stuggitv.com\/?p=84366#article\",\"isPartOf\":{\"@id\":\"http:\/\/stuggitv.com\/?p=84366\"},\"author\":{\"name\":\"Die Redaktion\",\"@id\":\"http:\/\/stuggitv.com\/#\/schema\/person\/ccfe4ad9e2f1da7cfa695a3707e7a6dd\"},\"headline\":\"Neue Ausstellung zur Stuttgarter Wirtshaus-Tradition gestartet\",\"datePublished\":\"2022-12-18T09:56:54+00:00\",\"dateModified\":\"2022-12-25T14:16:18+00:00\",\"mainEntityOfPage\":{\"@id\":\"http:\/\/stuggitv.com\/?p=84366\"},\"wordCount\":447,\"publisher\":{\"@id\":\"http:\/\/stuggitv.com\/#organization\"},\"image\":{\"@id\":\"http:\/\/stuggitv.com\/?p=84366#primaryimage\"},\"thumbnailUrl\":\"http:\/\/stuggitv.com\/wp-content\/uploads\/Heimatmuseum-Plieningen_BB_Foto_ex.jpg\",\"keywords\":[\"Ausstellung Wirtshausleben\",\"Plieningen\",\"Stuttgart\",\"Ulrich Fellmeth\",\"Wirtsh\u00e4user\",\"Wirtsh\u00e4user Stuttgart\",\"Wirtshausleben\"],\"articleSection\":[\"Stuttgart heute\"],\"inLanguage\":\"de\"},{\"@type\":\"WebPage\",\"@id\":\"http:\/\/stuggitv.com\/?p=84366\",\"url\":\"http:\/\/stuggitv.com\/?p=84366\",\"name\":\"Neue Ausstellung zur Stuttgarter Wirtshaus-Tradition gestartet - STUGGI.TV\",\"isPartOf\":{\"@id\":\"http:\/\/stuggitv.com\/#website\"},\"primaryImageOfPage\":{\"@id\":\"http:\/\/stuggitv.com\/?p=84366#primaryimage\"},\"image\":{\"@id\":\"http:\/\/stuggitv.com\/?p=84366#primaryimage\"},\"thumbnailUrl\":\"http:\/\/stuggitv.com\/wp-content\/uploads\/Heimatmuseum-Plieningen_BB_Foto_ex.jpg\",\"datePublished\":\"2022-12-18T09:56:54+00:00\",\"dateModified\":\"2022-12-25T14:16:18+00:00\",\"breadcrumb\":{\"@id\":\"http:\/\/stuggitv.com\/?p=84366#breadcrumb\"},\"inLanguage\":\"de\",\"potentialAction\":[{\"@type\":\"ReadAction\",\"target\":[\"http:\/\/stuggitv.com\/?p=84366\"]}]},{\"@type\":\"ImageObject\",\"inLanguage\":\"de\",\"@id\":\"http:\/\/stuggitv.com\/?p=84366#primaryimage\",\"url\":\"http:\/\/stuggitv.com\/wp-content\/uploads\/Heimatmuseum-Plieningen_BB_Foto_ex.jpg\",\"contentUrl\":\"http:\/\/stuggitv.com\/wp-content\/uploads\/Heimatmuseum-Plieningen_BB_Foto_ex.jpg\",\"width\":1500,\"height\":1000,\"caption\":\"Neue Ausstellung zur Stuttgarter Wirtshaus-Tradition gestartet (Foto: Heimatmuseum Plieningen, arge lola)\"},{\"@type\":\"BreadcrumbList\",\"@id\":\"http:\/\/stuggitv.com\/?p=84366#breadcrumb\",\"itemListElement\":[{\"@type\":\"ListItem\",\"position\":1,\"name\":\"STUGGI.TV\",\"item\":\"http:\/\/stuggitv.com\/\"},{\"@type\":\"ListItem\",\"position\":2,\"name\":\"Neue Ausstellung zur Stuttgarter Wirtshaus-Tradition gestartet\"}]},{\"@type\":\"WebSite\",\"@id\":\"http:\/\/stuggitv.com\/#website\",\"url\":\"http:\/\/stuggitv.com\/\",\"name\":\"STUGGI.TV\",\"description\":\"Der Onlinesender f\u00fcr Stuttgart\",\"publisher\":{\"@id\":\"http:\/\/stuggitv.com\/#organization\"},\"potentialAction\":[{\"@type\":\"SearchAction\",\"target\":{\"@type\":\"EntryPoint\",\"urlTemplate\":\"http:\/\/stuggitv.com\/?s={search_term_string}\"},\"query-input\":{\"@type\":\"PropertyValueSpecification\",\"valueRequired\":true,\"valueName\":\"search_term_string\"}}],\"inLanguage\":\"de\"},{\"@type\":\"Organization\",\"@id\":\"http:\/\/stuggitv.com\/#organization\",\"name\":\"STUGGI.TV\",\"url\":\"http:\/\/stuggitv.com\/\",\"logo\":{\"@type\":\"ImageObject\",\"inLanguage\":\"de\",\"@id\":\"http:\/\/stuggitv.com\/#\/schema\/logo\/image\/\",\"url\":\"http:\/\/stuggitv.com\/wp-content\/uploads\/stuggitv_logo_rgb.jpg\",\"contentUrl\":\"http:\/\/stuggitv.com\/wp-content\/uploads\/stuggitv_logo_rgb.jpg\",\"width\":320,\"height\":78,\"caption\":\"STUGGI.TV\"},\"image\":{\"@id\":\"http:\/\/stuggitv.com\/#\/schema\/logo\/image\/\"},\"sameAs\":[\"https:\/\/www.facebook.com\/stuggitv\",\"https:\/\/x.com\/stuggitv\"]},{\"@type\":\"Person\",\"@id\":\"http:\/\/stuggitv.com\/#\/schema\/person\/ccfe4ad9e2f1da7cfa695a3707e7a6dd\",\"name\":\"Die Redaktion\",\"image\":{\"@type\":\"ImageObject\",\"inLanguage\":\"de\",\"@id\":\"http:\/\/stuggitv.com\/#\/schema\/person\/image\/\",\"url\":\"https:\/\/secure.gravatar.com\/avatar\/9561eb11281b79b3c0ec405fc218049f03a3f20cad887ec1c65eb55079db83d2?s=96&d=mm&r=g\",\"contentUrl\":\"https:\/\/secure.gravatar.com\/avatar\/9561eb11281b79b3c0ec405fc218049f03a3f20cad887ec1c65eb55079db83d2?s=96&d=mm&r=g\",\"caption\":\"Die Redaktion\"},\"description\":\"Hier schreiben unterschiedliche Mitglieder aus der Redaktion von STUGGI.TV.\",\"url\":\"http:\/\/stuggitv.com\/?author=21184\"}]}<\/script>\n<!-- \/ Yoast SEO plugin. -->","yoast_head_json":{"title":"Neue Ausstellung zur Stuttgarter Wirtshaus-Tradition gestartet - STUGGI.TV","robots":{"index":"index","follow":"follow","max-snippet":"max-snippet:-1","max-image-preview":"max-image-preview:large","max-video-preview":"max-video-preview:-1"},"canonical":"http:\/\/stuggitv.com\/?p=84366","og_locale":"de_DE","og_type":"article","og_title":"Neue Ausstellung zur Stuttgarter Wirtshaus-Tradition gestartet - STUGGI.TV","og_description":"Jedes Jahr ein neues Ausstellungs-Thema Eine Gruppe im B\u00fcrgerverein Plieningen hat es sich zur Aufgabe gemacht, die Geschichte des Ortes zu ergr\u00fcnden. Dabei wird ein Thema pro Jahr beleuchtet. Nach den Brunnen 2020 und den Denkm\u00e4lern 2021 sind in diesem [&hellip;]","og_url":"http:\/\/stuggitv.com\/?p=84366","og_site_name":"STUGGI.TV","article_publisher":"https:\/\/www.facebook.com\/stuggitv","article_published_time":"2022-12-18T09:56:54+00:00","article_modified_time":"2022-12-25T14:16:18+00:00","og_image":[{"width":1500,"height":1000,"url":"http:\/\/stuggitv.com\/wp-content\/uploads\/Heimatmuseum-Plieningen_BB_Foto_ex.jpg","type":"image\/jpeg"}],"author":"Die Redaktion","twitter_card":"summary_large_image","twitter_creator":"@stuggitv","twitter_site":"@stuggitv","twitter_misc":{"Verfasst von":"Die Redaktion","Gesch\u00e4tzte Lesezeit":"3\u00a0Minuten"},"schema":{"@context":"https:\/\/schema.org","@graph":[{"@type":"Article","@id":"http:\/\/stuggitv.com\/?p=84366#article","isPartOf":{"@id":"http:\/\/stuggitv.com\/?p=84366"},"author":{"name":"Die Redaktion","@id":"http:\/\/stuggitv.com\/#\/schema\/person\/ccfe4ad9e2f1da7cfa695a3707e7a6dd"},"headline":"Neue Ausstellung zur Stuttgarter Wirtshaus-Tradition gestartet","datePublished":"2022-12-18T09:56:54+00:00","dateModified":"2022-12-25T14:16:18+00:00","mainEntityOfPage":{"@id":"http:\/\/stuggitv.com\/?p=84366"},"wordCount":447,"publisher":{"@id":"http:\/\/stuggitv.com\/#organization"},"image":{"@id":"http:\/\/stuggitv.com\/?p=84366#primaryimage"},"thumbnailUrl":"http:\/\/stuggitv.com\/wp-content\/uploads\/Heimatmuseum-Plieningen_BB_Foto_ex.jpg","keywords":["Ausstellung Wirtshausleben","Plieningen","Stuttgart","Ulrich Fellmeth","Wirtsh\u00e4user","Wirtsh\u00e4user Stuttgart","Wirtshausleben"],"articleSection":["Stuttgart heute"],"inLanguage":"de"},{"@type":"WebPage","@id":"http:\/\/stuggitv.com\/?p=84366","url":"http:\/\/stuggitv.com\/?p=84366","name":"Neue Ausstellung zur Stuttgarter Wirtshaus-Tradition gestartet - STUGGI.TV","isPartOf":{"@id":"http:\/\/stuggitv.com\/#website"},"primaryImageOfPage":{"@id":"http:\/\/stuggitv.com\/?p=84366#primaryimage"},"image":{"@id":"http:\/\/stuggitv.com\/?p=84366#primaryimage"},"thumbnailUrl":"http:\/\/stuggitv.com\/wp-content\/uploads\/Heimatmuseum-Plieningen_BB_Foto_ex.jpg","datePublished":"2022-12-18T09:56:54+00:00","dateModified":"2022-12-25T14:16:18+00:00","breadcrumb":{"@id":"http:\/\/stuggitv.com\/?p=84366#breadcrumb"},"inLanguage":"de","potentialAction":[{"@type":"ReadAction","target":["http:\/\/stuggitv.com\/?p=84366"]}]},{"@type":"ImageObject","inLanguage":"de","@id":"http:\/\/stuggitv.com\/?p=84366#primaryimage","url":"http:\/\/stuggitv.com\/wp-content\/uploads\/Heimatmuseum-Plieningen_BB_Foto_ex.jpg","contentUrl":"http:\/\/stuggitv.com\/wp-content\/uploads\/Heimatmuseum-Plieningen_BB_Foto_ex.jpg","width":1500,"height":1000,"caption":"Neue Ausstellung zur Stuttgarter Wirtshaus-Tradition gestartet (Foto: Heimatmuseum Plieningen, arge lola)"},{"@type":"BreadcrumbList","@id":"http:\/\/stuggitv.com\/?p=84366#breadcrumb","itemListElement":[{"@type":"ListItem","position":1,"name":"STUGGI.TV","item":"http:\/\/stuggitv.com\/"},{"@type":"ListItem","position":2,"name":"Neue Ausstellung zur Stuttgarter Wirtshaus-Tradition gestartet"}]},{"@type":"WebSite","@id":"http:\/\/stuggitv.com\/#website","url":"http:\/\/stuggitv.com\/","name":"STUGGI.TV","description":"Der Onlinesender f\u00fcr Stuttgart","publisher":{"@id":"http:\/\/stuggitv.com\/#organization"},"potentialAction":[{"@type":"SearchAction","target":{"@type":"EntryPoint","urlTemplate":"http:\/\/stuggitv.com\/?s={search_term_string}"},"query-input":{"@type":"PropertyValueSpecification","valueRequired":true,"valueName":"search_term_string"}}],"inLanguage":"de"},{"@type":"Organization","@id":"http:\/\/stuggitv.com\/#organization","name":"STUGGI.TV","url":"http:\/\/stuggitv.com\/","logo":{"@type":"ImageObject","inLanguage":"de","@id":"http:\/\/stuggitv.com\/#\/schema\/logo\/image\/","url":"http:\/\/stuggitv.com\/wp-content\/uploads\/stuggitv_logo_rgb.jpg","contentUrl":"http:\/\/stuggitv.com\/wp-content\/uploads\/stuggitv_logo_rgb.jpg","width":320,"height":78,"caption":"STUGGI.TV"},"image":{"@id":"http:\/\/stuggitv.com\/#\/schema\/logo\/image\/"},"sameAs":["https:\/\/www.facebook.com\/stuggitv","https:\/\/x.com\/stuggitv"]},{"@type":"Person","@id":"http:\/\/stuggitv.com\/#\/schema\/person\/ccfe4ad9e2f1da7cfa695a3707e7a6dd","name":"Die Redaktion","image":{"@type":"ImageObject","inLanguage":"de","@id":"http:\/\/stuggitv.com\/#\/schema\/person\/image\/","url":"https:\/\/secure.gravatar.com\/avatar\/9561eb11281b79b3c0ec405fc218049f03a3f20cad887ec1c65eb55079db83d2?s=96&d=mm&r=g","contentUrl":"https:\/\/secure.gravatar.com\/avatar\/9561eb11281b79b3c0ec405fc218049f03a3f20cad887ec1c65eb55079db83d2?s=96&d=mm&r=g","caption":"Die Redaktion"},"description":"Hier schreiben unterschiedliche Mitglieder aus der Redaktion von STUGGI.TV.","url":"http:\/\/stuggitv.com\/?author=21184"}]}},"_links":{"self":[{"href":"http:\/\/stuggitv.com\/index.php?rest_route=\/wp\/v2\/posts\/84366","targetHints":{"allow":["GET"]}}],"collection":[{"href":"http:\/\/stuggitv.com\/index.php?rest_route=\/wp\/v2\/posts"}],"about":[{"href":"http:\/\/stuggitv.com\/index.php?rest_route=\/wp\/v2\/types\/post"}],"author":[{"embeddable":true,"href":"http:\/\/stuggitv.com\/index.php?rest_route=\/wp\/v2\/users\/21184"}],"replies":[{"embeddable":true,"href":"http:\/\/stuggitv.com\/index.php?rest_route=%2Fwp%2Fv2%2Fcomments&post=84366"}],"version-history":[{"count":14,"href":"http:\/\/stuggitv.com\/index.php?rest_route=\/wp\/v2\/posts\/84366\/revisions"}],"predecessor-version":[{"id":85330,"href":"http:\/\/stuggitv.com\/index.php?rest_route=\/wp\/v2\/posts\/84366\/revisions\/85330"}],"wp:featuredmedia":[{"embeddable":true,"href":"http:\/\/stuggitv.com\/index.php?rest_route=\/wp\/v2\/media\/84413"}],"wp:attachment":[{"href":"http:\/\/stuggitv.com\/index.php?rest_route=%2Fwp%2Fv2%2Fmedia&parent=84366"}],"wp:term":[{"taxonomy":"category","embeddable":true,"href":"http:\/\/stuggitv.com\/index.php?rest_route=%2Fwp%2Fv2%2Fcategories&post=84366"},{"taxonomy":"post_tag","embeddable":true,"href":"http:\/\/stuggitv.com\/index.php?rest_route=%2Fwp%2Fv2%2Ftags&post=84366"}],"curies":[{"name":"wp","href":"https:\/\/api.w.org\/{rel}","templated":true}]}}