{"id":84407,"date":"2023-01-04T10:55:15","date_gmt":"2023-01-04T09:55:15","guid":{"rendered":"https:\/\/www.stuggi.tv\/?p=84407"},"modified":"2023-01-04T12:13:31","modified_gmt":"2023-01-04T11:13:31","slug":"hitzewellen-und-starkregen-stadt-stuttgart-bereitet-sich-auf-klimaextreme-vor","status":"publish","type":"post","link":"http:\/\/stuggitv.com\/?p=84407","title":{"rendered":"Starkregen und Hitzewellen: Stadt Stuttgart bereitet sich auf Klimaextreme vor"},"content":{"rendered":"<h4>Wird die Hitze bald unertr\u00e4glich?<\/h4>\n<p>Der Klimawandel ist auch in Stuttgart deutlich zu sp\u00fcren. Mehrfach hat der letzte Sommer gezeigt, wie hei\u00df es in der Stadt werden kann. Laut Experten k\u00f6nnten Temperaturen weit \u00fcber 30 Grad in Zukunft keine Seltenheit mehr in Gro\u00dfst\u00e4dten sein (<a href=\"http:\/\/stuggitv.com\/2021\/06\/mega-hitze-im-sommer-wetterexperte-sven-ploeger-warnt-vor-folgen-des-klimawandels-in-stuttgart\/\">Zum Interview mit Sven Pl\u00f6ger<\/a>). Gerade die dicht bebaute Innenstadt und der viele Beton heizt sich besonders auf. Das \u00f6ko-soziale Lager fordert schon l\u00e4ngst, dass der Klimaschutz st\u00e4rker angepackt wird und dass vor allem Oberb\u00fcrgermeister Frank Nopper sich mehr daf\u00fcr einsetzt.<\/p>\n<h4>200 Millionen Euro f\u00fcr den Klimaschutz<\/h4>\n<div class=\"page\" title=\"Page 2\">\n<div class=\"layoutArea\">\n<div class=\"column\">\n<p>Die andere klimatische Extreme ist der zunehmende Starkregen. Dieser hat sich vor allem im letzten Jahr mehrfach gezeigt. Die Stadt selbst hat vor zwei Jahren eine Stabsstelle Klimaschutz eingerichtet, die alle Aktionsprogramme zum Thema Klimaschutz koordiniert und steuert. Au\u00dferdem hatte der Gemeinderat Ende 2019 ein 200 Millionen Euro schweres Klimaschutz-Paket beschlossen. Die Stadt macht nun einen neuen Vorsto\u00df, um sich auf die Klimaextreme vorzubereiten.<\/p>\n<h4>Zwei Projekte sollen Erkenntnisse liefern<\/h4>\n<\/div>\n<\/div>\n<\/div>\n<p>So nimmt die Stadt aktuell am F\u00f6rderprojekt ISAP (Integrative stadt-regionale Anpassungsstrategien in einer polyzentrischen Wachstumsregion: Modellregion Stuttgart) des Bundesministeriums f\u00fcr Bildung und Forschung teil, das aufzeigen soll, welche konkreten Klimaver\u00e4nderungen in der Region Stuttgart zu erwarten sind und welche notwendigen Anpassungsma\u00dfnahmen sich daraus ergeben. Das Projekt \u201eurbisphere\u201c (coupling dynamic cities and climate) der Universit\u00e4t Stuttgart verfolgt einen ganzheitlichen Ansatz und bezieht modellhaft auch menschliche Aktivit\u00e4ten und deren Folgen und Beeinflussbarkeit mit ein.<\/p>\n<h4>Tausende B\u00fcrger nehmen an Umfrage teil<\/h4>\n<p>In beiden Projekten laufen aktuell Befragungen von mehreren tausend Haushalten in Stuttgart, die wichtige Erkenntnisse liefern sollen. Insgesamt werden 12.000 zuf\u00e4llig ausgew\u00e4hlte B\u00fcrger in der Landeshauptstadt an der Online-Umfrage beteiligt. &#8222;Die Ergebnisse der Umfragen sollen uns bei der Erfassung von Klimarisiken helfen und wichtige Hinweise f\u00fcr die Stadtentwicklung liefern&#8220;, sagt Stadtklimatologe Rainer Kapp. Auch die Frage, welche Klimaextremen f\u00fcr die Einwohner von Stuttgart besonders relevant sind, k\u00f6nne so erhoben werden.<\/p>\n<h4>Gibt es bald genauere Prognosen?<\/h4>\n<p>Insgesamt zielt das ISAP-Projekt auf die Verbesserung der Planungsgrundlagen sowie deren Anwendung in Entscheidungsprozessen ab, um den Einsatz von Klimaanpassungsma\u00dfnahmen als selbstverst\u00e4ndlichen und integrativen Teil der r\u00e4umlichen Entwicklungsplanung zu etablieren. Das urbisphere-Projekt soll dagegen die urbane Zukunft und das Klima in einem dynamischen Rahmen prognostizieren und projizieren, der Wetter, Luftqualit\u00e4t und den Einfluss der Menschen ber\u00fccksichtigt. Die Ergebnisse werden verwendet, um M\u00f6glichkeiten zur Bew\u00e4ltigung von Hitzestress zu erfassen.<\/p>\n<h4>VIDEO: Macht Stuttgart genug f\u00fcr den Klimaschutz?<\/h4>\n<p><iframe loading=\"lazy\" title=\"Macht Stuttgart genug f\u00fcr den Klimaschutz? | STUGGI.TV\" width=\"500\" height=\"281\" src=\"https:\/\/www.youtube.com\/embed\/tqgIzwBVVpI?feature=oembed\" frameborder=\"0\" allow=\"accelerometer; autoplay; clipboard-write; encrypted-media; gyroscope; picture-in-picture; web-share\" referrerpolicy=\"strict-origin-when-cross-origin\" allowfullscreen><\/iframe><\/p>\n<p><em>Video wird nicht angezeigt? <a href=\"https:\/\/youtu.be\/tqgIzwBVVpI\">Hier klicken<\/a>.<\/em><\/p>\n","protected":false},"excerpt":{"rendered":"<p>Wird die Hitze bald unertr\u00e4glich? Der Klimawandel ist auch in Stuttgart deutlich zu sp\u00fcren. Mehrfach hat der letzte Sommer gezeigt, wie hei\u00df es in der Stadt werden kann. Laut Experten k\u00f6nnten Temperaturen weit \u00fcber 30 Grad in Zukunft keine Seltenheit [&hellip;]<\/p>\n","protected":false},"author":14,"featured_media":65277,"comment_status":"closed","ping_status":"closed","sticky":false,"template":"","format":"standard","meta":{"footnotes":""},"categories":[626],"tags":[5305,1610,1570,1609,5306,5304,54],"class_list":["post-84407","post","type-post","status-publish","format-standard","has-post-thumbnail","hentry","category-stuttgart-heute","tag-hitzewellen","tag-klima-in-stuttgart","tag-klimaschutz","tag-klimawandel","tag-rainer-kapp","tag-starkregen","tag-stuttgart"],"read":true,"yoast_head":"<!-- This site is optimized with the Yoast SEO plugin v27.1.1 - https:\/\/yoast.com\/product\/yoast-seo-wordpress\/ -->\n<title>Starkregen und Hitzewellen: Stadt Stuttgart bereitet sich auf Klimaextreme vor - STUGGI.TV<\/title>\n<meta name=\"robots\" content=\"index, follow, max-snippet:-1, max-image-preview:large, max-video-preview:-1\" \/>\n<link rel=\"canonical\" href=\"http:\/\/stuggitv.com\/?p=84407\" \/>\n<meta property=\"og:locale\" content=\"de_DE\" \/>\n<meta property=\"og:type\" content=\"article\" \/>\n<meta property=\"og:title\" content=\"Starkregen und Hitzewellen: Stadt Stuttgart bereitet sich auf Klimaextreme vor - STUGGI.TV\" \/>\n<meta property=\"og:description\" content=\"Wird die Hitze bald unertr\u00e4glich? Der Klimawandel ist auch in Stuttgart deutlich zu sp\u00fcren. Mehrfach hat der letzte Sommer gezeigt, wie hei\u00df es in der Stadt werden kann. Laut Experten k\u00f6nnten Temperaturen weit \u00fcber 30 Grad in Zukunft keine Seltenheit [&hellip;]\" \/>\n<meta property=\"og:url\" content=\"http:\/\/stuggitv.com\/?p=84407\" \/>\n<meta property=\"og:site_name\" content=\"STUGGI.TV\" \/>\n<meta property=\"article:publisher\" content=\"https:\/\/www.facebook.com\/stuggitv\" \/>\n<meta property=\"article:published_time\" content=\"2023-01-04T09:55:15+00:00\" \/>\n<meta property=\"article:modified_time\" content=\"2023-01-04T11:13:31+00:00\" \/>\n<meta property=\"og:image\" content=\"http:\/\/stuggitv.com\/wp-content\/uploads\/Unwetter-Gewitter-Stuttgart-Regen-Flut_BB_Foto_Andreas-Rosar-11.jpg\" \/>\n\t<meta property=\"og:image:width\" content=\"1500\" \/>\n\t<meta property=\"og:image:height\" content=\"1000\" \/>\n\t<meta property=\"og:image:type\" content=\"image\/jpeg\" \/>\n<meta name=\"author\" content=\"Johannes Frank\" \/>\n<meta name=\"twitter:card\" content=\"summary_large_image\" \/>\n<meta name=\"twitter:creator\" content=\"@stuggitv\" \/>\n<meta name=\"twitter:site\" content=\"@stuggitv\" \/>\n<meta name=\"twitter:label1\" content=\"Verfasst von\" \/>\n\t<meta name=\"twitter:data1\" content=\"Johannes Frank\" \/>\n\t<meta name=\"twitter:label2\" content=\"Gesch\u00e4tzte Lesezeit\" \/>\n\t<meta name=\"twitter:data2\" content=\"2\u00a0Minuten\" \/>\n<script type=\"application\/ld+json\" class=\"yoast-schema-graph\">{\"@context\":\"https:\/\/schema.org\",\"@graph\":[{\"@type\":\"Article\",\"@id\":\"http:\/\/stuggitv.com\/?p=84407#article\",\"isPartOf\":{\"@id\":\"http:\/\/stuggitv.com\/?p=84407\"},\"author\":{\"name\":\"Johannes Frank\",\"@id\":\"http:\/\/stuggitv.com\/#\/schema\/person\/46d868c673a78d677a41aa95821c66ec\"},\"headline\":\"Starkregen und Hitzewellen: Stadt Stuttgart bereitet sich auf Klimaextreme vor\",\"datePublished\":\"2023-01-04T09:55:15+00:00\",\"dateModified\":\"2023-01-04T11:13:31+00:00\",\"mainEntityOfPage\":{\"@id\":\"http:\/\/stuggitv.com\/?p=84407\"},\"wordCount\":436,\"publisher\":{\"@id\":\"http:\/\/stuggitv.com\/#organization\"},\"image\":{\"@id\":\"http:\/\/stuggitv.com\/?p=84407#primaryimage\"},\"thumbnailUrl\":\"http:\/\/stuggitv.com\/wp-content\/uploads\/Unwetter-Gewitter-Stuttgart-Regen-Flut_BB_Foto_Andreas-Rosar-11.jpg\",\"keywords\":[\"Hitzewellen\",\"Klima in Stuttgart\",\"Klimaschutz\",\"Klimawandel\",\"Rainer Kapp\",\"Starkregen\",\"Stuttgart\"],\"articleSection\":[\"Stuttgart heute\"],\"inLanguage\":\"de\"},{\"@type\":\"WebPage\",\"@id\":\"http:\/\/stuggitv.com\/?p=84407\",\"url\":\"http:\/\/stuggitv.com\/?p=84407\",\"name\":\"Starkregen und Hitzewellen: Stadt Stuttgart bereitet sich auf Klimaextreme vor - STUGGI.TV\",\"isPartOf\":{\"@id\":\"http:\/\/stuggitv.com\/#website\"},\"primaryImageOfPage\":{\"@id\":\"http:\/\/stuggitv.com\/?p=84407#primaryimage\"},\"image\":{\"@id\":\"http:\/\/stuggitv.com\/?p=84407#primaryimage\"},\"thumbnailUrl\":\"http:\/\/stuggitv.com\/wp-content\/uploads\/Unwetter-Gewitter-Stuttgart-Regen-Flut_BB_Foto_Andreas-Rosar-11.jpg\",\"datePublished\":\"2023-01-04T09:55:15+00:00\",\"dateModified\":\"2023-01-04T11:13:31+00:00\",\"breadcrumb\":{\"@id\":\"http:\/\/stuggitv.com\/?p=84407#breadcrumb\"},\"inLanguage\":\"de\",\"potentialAction\":[{\"@type\":\"ReadAction\",\"target\":[\"http:\/\/stuggitv.com\/?p=84407\"]}]},{\"@type\":\"ImageObject\",\"inLanguage\":\"de\",\"@id\":\"http:\/\/stuggitv.com\/?p=84407#primaryimage\",\"url\":\"http:\/\/stuggitv.com\/wp-content\/uploads\/Unwetter-Gewitter-Stuttgart-Regen-Flut_BB_Foto_Andreas-Rosar-11.jpg\",\"contentUrl\":\"http:\/\/stuggitv.com\/wp-content\/uploads\/Unwetter-Gewitter-Stuttgart-Regen-Flut_BB_Foto_Andreas-Rosar-11.jpg\",\"width\":1500,\"height\":1000,\"caption\":\"Der Starkregen sorgte f\u00fcr zahlreiche Eins\u00e4tze der Feuerwehr und Polizei. Der Notruf 112 war zeitweise \u00fcberlastet.\"},{\"@type\":\"BreadcrumbList\",\"@id\":\"http:\/\/stuggitv.com\/?p=84407#breadcrumb\",\"itemListElement\":[{\"@type\":\"ListItem\",\"position\":1,\"name\":\"STUGGI.TV\",\"item\":\"http:\/\/stuggitv.com\/\"},{\"@type\":\"ListItem\",\"position\":2,\"name\":\"Starkregen und Hitzewellen: Stadt Stuttgart bereitet sich auf Klimaextreme vor\"}]},{\"@type\":\"WebSite\",\"@id\":\"http:\/\/stuggitv.com\/#website\",\"url\":\"http:\/\/stuggitv.com\/\",\"name\":\"STUGGI.TV\",\"description\":\"Der Onlinesender f\u00fcr Stuttgart\",\"publisher\":{\"@id\":\"http:\/\/stuggitv.com\/#organization\"},\"potentialAction\":[{\"@type\":\"SearchAction\",\"target\":{\"@type\":\"EntryPoint\",\"urlTemplate\":\"http:\/\/stuggitv.com\/?s={search_term_string}\"},\"query-input\":{\"@type\":\"PropertyValueSpecification\",\"valueRequired\":true,\"valueName\":\"search_term_string\"}}],\"inLanguage\":\"de\"},{\"@type\":\"Organization\",\"@id\":\"http:\/\/stuggitv.com\/#organization\",\"name\":\"STUGGI.TV\",\"url\":\"http:\/\/stuggitv.com\/\",\"logo\":{\"@type\":\"ImageObject\",\"inLanguage\":\"de\",\"@id\":\"http:\/\/stuggitv.com\/#\/schema\/logo\/image\/\",\"url\":\"http:\/\/stuggitv.com\/wp-content\/uploads\/stuggitv_logo_rgb.jpg\",\"contentUrl\":\"http:\/\/stuggitv.com\/wp-content\/uploads\/stuggitv_logo_rgb.jpg\",\"width\":320,\"height\":78,\"caption\":\"STUGGI.TV\"},\"image\":{\"@id\":\"http:\/\/stuggitv.com\/#\/schema\/logo\/image\/\"},\"sameAs\":[\"https:\/\/www.facebook.com\/stuggitv\",\"https:\/\/x.com\/stuggitv\"]},{\"@type\":\"Person\",\"@id\":\"http:\/\/stuggitv.com\/#\/schema\/person\/46d868c673a78d677a41aa95821c66ec\",\"name\":\"Johannes Frank\",\"image\":{\"@type\":\"ImageObject\",\"inLanguage\":\"de\",\"@id\":\"http:\/\/stuggitv.com\/#\/schema\/person\/image\/\",\"url\":\"https:\/\/secure.gravatar.com\/avatar\/47ed3c010fd35e7aa6f92f9a11c0a605fddea06ac0ef5c2217a407ee29b31bc2?s=96&d=mm&r=g\",\"contentUrl\":\"https:\/\/secure.gravatar.com\/avatar\/47ed3c010fd35e7aa6f92f9a11c0a605fddea06ac0ef5c2217a407ee29b31bc2?s=96&d=mm&r=g\",\"caption\":\"Johannes Frank\"},\"description\":\"\u2026weils do oifach schee isch ond emmr ebbes zom Entdecka gibt.\",\"url\":\"http:\/\/stuggitv.com\/?author=14\"}]}<\/script>\n<!-- \/ Yoast SEO plugin. -->","yoast_head_json":{"title":"Starkregen und Hitzewellen: Stadt Stuttgart bereitet sich auf Klimaextreme vor - STUGGI.TV","robots":{"index":"index","follow":"follow","max-snippet":"max-snippet:-1","max-image-preview":"max-image-preview:large","max-video-preview":"max-video-preview:-1"},"canonical":"http:\/\/stuggitv.com\/?p=84407","og_locale":"de_DE","og_type":"article","og_title":"Starkregen und Hitzewellen: Stadt Stuttgart bereitet sich auf Klimaextreme vor - STUGGI.TV","og_description":"Wird die Hitze bald unertr\u00e4glich? Der Klimawandel ist auch in Stuttgart deutlich zu sp\u00fcren. Mehrfach hat der letzte Sommer gezeigt, wie hei\u00df es in der Stadt werden kann. Laut Experten k\u00f6nnten Temperaturen weit \u00fcber 30 Grad in Zukunft keine Seltenheit [&hellip;]","og_url":"http:\/\/stuggitv.com\/?p=84407","og_site_name":"STUGGI.TV","article_publisher":"https:\/\/www.facebook.com\/stuggitv","article_published_time":"2023-01-04T09:55:15+00:00","article_modified_time":"2023-01-04T11:13:31+00:00","og_image":[{"width":1500,"height":1000,"url":"http:\/\/stuggitv.com\/wp-content\/uploads\/Unwetter-Gewitter-Stuttgart-Regen-Flut_BB_Foto_Andreas-Rosar-11.jpg","type":"image\/jpeg"}],"author":"Johannes Frank","twitter_card":"summary_large_image","twitter_creator":"@stuggitv","twitter_site":"@stuggitv","twitter_misc":{"Verfasst von":"Johannes Frank","Gesch\u00e4tzte Lesezeit":"2\u00a0Minuten"},"schema":{"@context":"https:\/\/schema.org","@graph":[{"@type":"Article","@id":"http:\/\/stuggitv.com\/?p=84407#article","isPartOf":{"@id":"http:\/\/stuggitv.com\/?p=84407"},"author":{"name":"Johannes Frank","@id":"http:\/\/stuggitv.com\/#\/schema\/person\/46d868c673a78d677a41aa95821c66ec"},"headline":"Starkregen und Hitzewellen: Stadt Stuttgart bereitet sich auf Klimaextreme vor","datePublished":"2023-01-04T09:55:15+00:00","dateModified":"2023-01-04T11:13:31+00:00","mainEntityOfPage":{"@id":"http:\/\/stuggitv.com\/?p=84407"},"wordCount":436,"publisher":{"@id":"http:\/\/stuggitv.com\/#organization"},"image":{"@id":"http:\/\/stuggitv.com\/?p=84407#primaryimage"},"thumbnailUrl":"http:\/\/stuggitv.com\/wp-content\/uploads\/Unwetter-Gewitter-Stuttgart-Regen-Flut_BB_Foto_Andreas-Rosar-11.jpg","keywords":["Hitzewellen","Klima in Stuttgart","Klimaschutz","Klimawandel","Rainer Kapp","Starkregen","Stuttgart"],"articleSection":["Stuttgart heute"],"inLanguage":"de"},{"@type":"WebPage","@id":"http:\/\/stuggitv.com\/?p=84407","url":"http:\/\/stuggitv.com\/?p=84407","name":"Starkregen und Hitzewellen: Stadt Stuttgart bereitet sich auf Klimaextreme vor - STUGGI.TV","isPartOf":{"@id":"http:\/\/stuggitv.com\/#website"},"primaryImageOfPage":{"@id":"http:\/\/stuggitv.com\/?p=84407#primaryimage"},"image":{"@id":"http:\/\/stuggitv.com\/?p=84407#primaryimage"},"thumbnailUrl":"http:\/\/stuggitv.com\/wp-content\/uploads\/Unwetter-Gewitter-Stuttgart-Regen-Flut_BB_Foto_Andreas-Rosar-11.jpg","datePublished":"2023-01-04T09:55:15+00:00","dateModified":"2023-01-04T11:13:31+00:00","breadcrumb":{"@id":"http:\/\/stuggitv.com\/?p=84407#breadcrumb"},"inLanguage":"de","potentialAction":[{"@type":"ReadAction","target":["http:\/\/stuggitv.com\/?p=84407"]}]},{"@type":"ImageObject","inLanguage":"de","@id":"http:\/\/stuggitv.com\/?p=84407#primaryimage","url":"http:\/\/stuggitv.com\/wp-content\/uploads\/Unwetter-Gewitter-Stuttgart-Regen-Flut_BB_Foto_Andreas-Rosar-11.jpg","contentUrl":"http:\/\/stuggitv.com\/wp-content\/uploads\/Unwetter-Gewitter-Stuttgart-Regen-Flut_BB_Foto_Andreas-Rosar-11.jpg","width":1500,"height":1000,"caption":"Der Starkregen sorgte f\u00fcr zahlreiche Eins\u00e4tze der Feuerwehr und Polizei. Der Notruf 112 war zeitweise \u00fcberlastet."},{"@type":"BreadcrumbList","@id":"http:\/\/stuggitv.com\/?p=84407#breadcrumb","itemListElement":[{"@type":"ListItem","position":1,"name":"STUGGI.TV","item":"http:\/\/stuggitv.com\/"},{"@type":"ListItem","position":2,"name":"Starkregen und Hitzewellen: Stadt Stuttgart bereitet sich auf Klimaextreme vor"}]},{"@type":"WebSite","@id":"http:\/\/stuggitv.com\/#website","url":"http:\/\/stuggitv.com\/","name":"STUGGI.TV","description":"Der Onlinesender f\u00fcr Stuttgart","publisher":{"@id":"http:\/\/stuggitv.com\/#organization"},"potentialAction":[{"@type":"SearchAction","target":{"@type":"EntryPoint","urlTemplate":"http:\/\/stuggitv.com\/?s={search_term_string}"},"query-input":{"@type":"PropertyValueSpecification","valueRequired":true,"valueName":"search_term_string"}}],"inLanguage":"de"},{"@type":"Organization","@id":"http:\/\/stuggitv.com\/#organization","name":"STUGGI.TV","url":"http:\/\/stuggitv.com\/","logo":{"@type":"ImageObject","inLanguage":"de","@id":"http:\/\/stuggitv.com\/#\/schema\/logo\/image\/","url":"http:\/\/stuggitv.com\/wp-content\/uploads\/stuggitv_logo_rgb.jpg","contentUrl":"http:\/\/stuggitv.com\/wp-content\/uploads\/stuggitv_logo_rgb.jpg","width":320,"height":78,"caption":"STUGGI.TV"},"image":{"@id":"http:\/\/stuggitv.com\/#\/schema\/logo\/image\/"},"sameAs":["https:\/\/www.facebook.com\/stuggitv","https:\/\/x.com\/stuggitv"]},{"@type":"Person","@id":"http:\/\/stuggitv.com\/#\/schema\/person\/46d868c673a78d677a41aa95821c66ec","name":"Johannes Frank","image":{"@type":"ImageObject","inLanguage":"de","@id":"http:\/\/stuggitv.com\/#\/schema\/person\/image\/","url":"https:\/\/secure.gravatar.com\/avatar\/47ed3c010fd35e7aa6f92f9a11c0a605fddea06ac0ef5c2217a407ee29b31bc2?s=96&d=mm&r=g","contentUrl":"https:\/\/secure.gravatar.com\/avatar\/47ed3c010fd35e7aa6f92f9a11c0a605fddea06ac0ef5c2217a407ee29b31bc2?s=96&d=mm&r=g","caption":"Johannes Frank"},"description":"\u2026weils do oifach schee isch ond emmr ebbes zom Entdecka gibt.","url":"http:\/\/stuggitv.com\/?author=14"}]}},"_links":{"self":[{"href":"http:\/\/stuggitv.com\/index.php?rest_route=\/wp\/v2\/posts\/84407","targetHints":{"allow":["GET"]}}],"collection":[{"href":"http:\/\/stuggitv.com\/index.php?rest_route=\/wp\/v2\/posts"}],"about":[{"href":"http:\/\/stuggitv.com\/index.php?rest_route=\/wp\/v2\/types\/post"}],"author":[{"embeddable":true,"href":"http:\/\/stuggitv.com\/index.php?rest_route=\/wp\/v2\/users\/14"}],"replies":[{"embeddable":true,"href":"http:\/\/stuggitv.com\/index.php?rest_route=%2Fwp%2Fv2%2Fcomments&post=84407"}],"version-history":[{"count":11,"href":"http:\/\/stuggitv.com\/index.php?rest_route=\/wp\/v2\/posts\/84407\/revisions"}],"predecessor-version":[{"id":85692,"href":"http:\/\/stuggitv.com\/index.php?rest_route=\/wp\/v2\/posts\/84407\/revisions\/85692"}],"wp:featuredmedia":[{"embeddable":true,"href":"http:\/\/stuggitv.com\/index.php?rest_route=\/wp\/v2\/media\/65277"}],"wp:attachment":[{"href":"http:\/\/stuggitv.com\/index.php?rest_route=%2Fwp%2Fv2%2Fmedia&parent=84407"}],"wp:term":[{"taxonomy":"category","embeddable":true,"href":"http:\/\/stuggitv.com\/index.php?rest_route=%2Fwp%2Fv2%2Fcategories&post=84407"},{"taxonomy":"post_tag","embeddable":true,"href":"http:\/\/stuggitv.com\/index.php?rest_route=%2Fwp%2Fv2%2Ftags&post=84407"}],"curies":[{"name":"wp","href":"https:\/\/api.w.org\/{rel}","templated":true}]}}