{"id":84518,"date":"2022-12-13T09:29:35","date_gmt":"2022-12-13T08:29:35","guid":{"rendered":"https:\/\/www.stuggi.tv\/?p=84518"},"modified":"2022-12-14T15:11:55","modified_gmt":"2022-12-14T14:11:55","slug":"bericht-der-stadt-stuttgart-luft-in-der-stadt-verbessert-sich","status":"publish","type":"post","link":"http:\/\/stuggitv.com\/?p=84518","title":{"rendered":"Bericht der Stadt Stuttgart: Luft in der Stadt verbessert sich"},"content":{"rendered":"<h4>Die Luft in Stuttgart wird besser<\/h4>\n<p>In Stuttgart ist eine deutliche und kontinuierliche Abnahme der st\u00e4dtischen Feinstaub- und Stickstoffdioxid-Konzentrationen zu beobachten. Die Grenzwerte f\u00fcr Stickstoffdioxid wurden 2021 in Stuttgart an allen relevanten Messstellen eingehalten, ebenso die Grenzwerte f\u00fcr Feinstaub. Allerdings k\u00f6nnte es bald neue Grenzwerte geben: Die EU-Kommission diskutiert aktuell ihre Luftqualit\u00e4tsstandards f\u00fcr das Zieljahr 2030. Dabei orientiert sie sich an den neuen WHO-Leitlinien aus dem vergangenen Jahr.<\/p>\n<h4>Der Sommer wird immer hei\u00dfer<\/h4>\n<p>Trotz der besseren Luft in Stuttgart sind verst\u00e4rkt hei\u00dfe Sommer aufgefallen. Die Universit\u00e4t Hohenheim hat die Wetterbedingungen an ihrer Messstation beobachtet. Dabei konnte die Uni feststellen, dass der gesamte Zeitraum von 2015 bis 2021 im Mittel rund zwei Kelvin w\u00e4rmer war als der klimatologische Referenzzeitraum. Au\u00dferdem gab es von 2015 bis 2021 weniger Regen, mehr Sonne und insgesamt mildere Temperaturen. Das bisher w\u00e4rmste Jahr war an der Messstation der Uni Hohenheim das Jahr 2018 mit einer Jahresmitteltemperatur von 11,5 Grad.<\/p>\n<h4>\u201eDer Klimawandel ist dauerhaft in Stuttgart angekommen&#8220;<\/h4>\n<p>Die Messergebnisse der letzten Jahre verdeutlichen die Auswirkungen des Klimawandels. Dazu betont Umweltb\u00fcrgermeister Peter P\u00e4tzold: \u201eEs steht fest, dass der Klimawandel dauerhaft in Stuttgart angekommen ist&#8220;. Man m\u00fcsse verst\u00e4rkt die Bem\u00fchungen zum Klimaschutz und zur Anpassung an den Klimawandel umsetzen.<\/p>\n<h4>VIDEO: Ist der Stuttgarter Wald zukunftsf\u00e4hig aufgestellt?<\/h4>\n<p><iframe loading=\"lazy\" title=\"Wie geht es dem Wald in Stuttgart? | STUGGI.TV\" width=\"500\" height=\"281\" src=\"https:\/\/www.youtube.com\/embed\/PEiQXgzRQJU?feature=oembed\" frameborder=\"0\" allow=\"accelerometer; autoplay; clipboard-write; encrypted-media; gyroscope; picture-in-picture; web-share\" referrerpolicy=\"strict-origin-when-cross-origin\" allowfullscreen><\/iframe><\/p>\n<p><em>Video wird nicht angezeigt? <a href=\"https:\/\/youtu.be\/PEiQXgzRQJU\">Hier klicken<\/a>.<\/em><\/p>\n","protected":false},"excerpt":{"rendered":"<p>Die Luft in Stuttgart wird besser In Stuttgart ist eine deutliche und kontinuierliche Abnahme der st\u00e4dtischen Feinstaub- und Stickstoffdioxid-Konzentrationen zu beobachten. Die Grenzwerte f\u00fcr Stickstoffdioxid wurden 2021 in Stuttgart an allen relevanten Messstellen eingehalten, ebenso die Grenzwerte f\u00fcr Feinstaub. Allerdings [&hellip;]<\/p>\n","protected":false},"author":22654,"featured_media":84572,"comment_status":"closed","ping_status":"closed","sticky":false,"template":"","format":"standard","meta":{"footnotes":""},"categories":[626],"tags":[711,5332,704,5330,2610,755,54,2633,1685],"class_list":["post-84518","post","type-post","status-publish","format-standard","has-post-thumbnail","hentry","category-stuttgart-heute","tag-luft","tag-luft-in-stuttgart","tag-luftqualitaet","tag-luftqualitaet-in-stuttgart","tag-peter-paetzold","tag-stadt-stuttgart","tag-stuttgart","tag-uni-hohenheim","tag-universitaet-hohenheim"],"read":true,"yoast_head":"<!-- This site is optimized with the Yoast SEO plugin v27.1.1 - https:\/\/yoast.com\/product\/yoast-seo-wordpress\/ -->\n<title>Bericht der Stadt Stuttgart: Luft in der Stadt verbessert sich - STUGGI.TV<\/title>\n<meta name=\"robots\" content=\"index, follow, max-snippet:-1, max-image-preview:large, max-video-preview:-1\" \/>\n<link rel=\"canonical\" href=\"http:\/\/stuggitv.com\/?p=84518\" \/>\n<meta property=\"og:locale\" content=\"de_DE\" \/>\n<meta property=\"og:type\" content=\"article\" \/>\n<meta property=\"og:title\" content=\"Bericht der Stadt Stuttgart: Luft in der Stadt verbessert sich - STUGGI.TV\" \/>\n<meta property=\"og:description\" content=\"Die Luft in Stuttgart wird besser In Stuttgart ist eine deutliche und kontinuierliche Abnahme der st\u00e4dtischen Feinstaub- und Stickstoffdioxid-Konzentrationen zu beobachten. Die Grenzwerte f\u00fcr Stickstoffdioxid wurden 2021 in Stuttgart an allen relevanten Messstellen eingehalten, ebenso die Grenzwerte f\u00fcr Feinstaub. Allerdings [&hellip;]\" \/>\n<meta property=\"og:url\" content=\"http:\/\/stuggitv.com\/?p=84518\" \/>\n<meta property=\"og:site_name\" content=\"STUGGI.TV\" \/>\n<meta property=\"article:publisher\" content=\"https:\/\/www.facebook.com\/stuggitv\" \/>\n<meta property=\"article:published_time\" content=\"2022-12-13T08:29:35+00:00\" \/>\n<meta property=\"article:modified_time\" content=\"2022-12-14T14:11:55+00:00\" \/>\n<meta property=\"og:image\" content=\"http:\/\/stuggitv.com\/wp-content\/uploads\/Feinstaubalarm_Luft_Stuttgart_BB_Fotoarchiv_STUGGITV-1-1.jpg\" \/>\n\t<meta property=\"og:image:width\" content=\"1500\" \/>\n\t<meta property=\"og:image:height\" content=\"1000\" \/>\n\t<meta property=\"og:image:type\" content=\"image\/jpeg\" \/>\n<meta name=\"author\" content=\"Alina Klass\" \/>\n<meta name=\"twitter:card\" content=\"summary_large_image\" \/>\n<meta name=\"twitter:creator\" content=\"@stuggitv\" \/>\n<meta name=\"twitter:site\" content=\"@stuggitv\" \/>\n<meta name=\"twitter:label1\" content=\"Verfasst von\" \/>\n\t<meta name=\"twitter:data1\" content=\"Alina Klass\" \/>\n\t<meta name=\"twitter:label2\" content=\"Gesch\u00e4tzte Lesezeit\" \/>\n\t<meta name=\"twitter:data2\" content=\"1\u00a0Minute\" \/>\n<script type=\"application\/ld+json\" class=\"yoast-schema-graph\">{\"@context\":\"https:\/\/schema.org\",\"@graph\":[{\"@type\":\"Article\",\"@id\":\"http:\/\/stuggitv.com\/?p=84518#article\",\"isPartOf\":{\"@id\":\"http:\/\/stuggitv.com\/?p=84518\"},\"author\":{\"name\":\"Alina Klass\",\"@id\":\"http:\/\/stuggitv.com\/#\/schema\/person\/65bb95c6a21fcc5d71710aca3725e86d\"},\"headline\":\"Bericht der Stadt Stuttgart: Luft in der Stadt verbessert sich\",\"datePublished\":\"2022-12-13T08:29:35+00:00\",\"dateModified\":\"2022-12-14T14:11:55+00:00\",\"mainEntityOfPage\":{\"@id\":\"http:\/\/stuggitv.com\/?p=84518\"},\"wordCount\":238,\"publisher\":{\"@id\":\"http:\/\/stuggitv.com\/#organization\"},\"image\":{\"@id\":\"http:\/\/stuggitv.com\/?p=84518#primaryimage\"},\"thumbnailUrl\":\"http:\/\/stuggitv.com\/wp-content\/uploads\/Feinstaubalarm_Luft_Stuttgart_BB_Fotoarchiv_STUGGITV-1-1.jpg\",\"keywords\":[\"Luft\",\"Luft in Stuttgart\",\"Luftqualit\u00e4t\",\"Luftqualit\u00e4t in Stuttgart\",\"Peter P\u00e4tzold\",\"Stadt Stuttgart\",\"Stuttgart\",\"Uni Hohenheim\",\"Universit\u00e4t Hohenheim\"],\"articleSection\":[\"Stuttgart heute\"],\"inLanguage\":\"de\"},{\"@type\":\"WebPage\",\"@id\":\"http:\/\/stuggitv.com\/?p=84518\",\"url\":\"http:\/\/stuggitv.com\/?p=84518\",\"name\":\"Bericht der Stadt Stuttgart: Luft in der Stadt verbessert sich - STUGGI.TV\",\"isPartOf\":{\"@id\":\"http:\/\/stuggitv.com\/#website\"},\"primaryImageOfPage\":{\"@id\":\"http:\/\/stuggitv.com\/?p=84518#primaryimage\"},\"image\":{\"@id\":\"http:\/\/stuggitv.com\/?p=84518#primaryimage\"},\"thumbnailUrl\":\"http:\/\/stuggitv.com\/wp-content\/uploads\/Feinstaubalarm_Luft_Stuttgart_BB_Fotoarchiv_STUGGITV-1-1.jpg\",\"datePublished\":\"2022-12-13T08:29:35+00:00\",\"dateModified\":\"2022-12-14T14:11:55+00:00\",\"breadcrumb\":{\"@id\":\"http:\/\/stuggitv.com\/?p=84518#breadcrumb\"},\"inLanguage\":\"de\",\"potentialAction\":[{\"@type\":\"ReadAction\",\"target\":[\"http:\/\/stuggitv.com\/?p=84518\"]}]},{\"@type\":\"ImageObject\",\"inLanguage\":\"de\",\"@id\":\"http:\/\/stuggitv.com\/?p=84518#primaryimage\",\"url\":\"http:\/\/stuggitv.com\/wp-content\/uploads\/Feinstaubalarm_Luft_Stuttgart_BB_Fotoarchiv_STUGGITV-1-1.jpg\",\"contentUrl\":\"http:\/\/stuggitv.com\/wp-content\/uploads\/Feinstaubalarm_Luft_Stuttgart_BB_Fotoarchiv_STUGGITV-1-1.jpg\",\"width\":1500,\"height\":1000,\"caption\":\"Bericht der Stadt Stuttgart: Luft in der Stadt verbessert sich (Fotoarchiv: STUGGI.TV)\"},{\"@type\":\"BreadcrumbList\",\"@id\":\"http:\/\/stuggitv.com\/?p=84518#breadcrumb\",\"itemListElement\":[{\"@type\":\"ListItem\",\"position\":1,\"name\":\"STUGGI.TV\",\"item\":\"http:\/\/stuggitv.com\/\"},{\"@type\":\"ListItem\",\"position\":2,\"name\":\"Bericht der Stadt Stuttgart: Luft in der Stadt verbessert sich\"}]},{\"@type\":\"WebSite\",\"@id\":\"http:\/\/stuggitv.com\/#website\",\"url\":\"http:\/\/stuggitv.com\/\",\"name\":\"STUGGI.TV\",\"description\":\"Der Onlinesender f\u00fcr Stuttgart\",\"publisher\":{\"@id\":\"http:\/\/stuggitv.com\/#organization\"},\"potentialAction\":[{\"@type\":\"SearchAction\",\"target\":{\"@type\":\"EntryPoint\",\"urlTemplate\":\"http:\/\/stuggitv.com\/?s={search_term_string}\"},\"query-input\":{\"@type\":\"PropertyValueSpecification\",\"valueRequired\":true,\"valueName\":\"search_term_string\"}}],\"inLanguage\":\"de\"},{\"@type\":\"Organization\",\"@id\":\"http:\/\/stuggitv.com\/#organization\",\"name\":\"STUGGI.TV\",\"url\":\"http:\/\/stuggitv.com\/\",\"logo\":{\"@type\":\"ImageObject\",\"inLanguage\":\"de\",\"@id\":\"http:\/\/stuggitv.com\/#\/schema\/logo\/image\/\",\"url\":\"http:\/\/stuggitv.com\/wp-content\/uploads\/stuggitv_logo_rgb.jpg\",\"contentUrl\":\"http:\/\/stuggitv.com\/wp-content\/uploads\/stuggitv_logo_rgb.jpg\",\"width\":320,\"height\":78,\"caption\":\"STUGGI.TV\"},\"image\":{\"@id\":\"http:\/\/stuggitv.com\/#\/schema\/logo\/image\/\"},\"sameAs\":[\"https:\/\/www.facebook.com\/stuggitv\",\"https:\/\/x.com\/stuggitv\"]},{\"@type\":\"Person\",\"@id\":\"http:\/\/stuggitv.com\/#\/schema\/person\/65bb95c6a21fcc5d71710aca3725e86d\",\"name\":\"Alina Klass\",\"image\":{\"@type\":\"ImageObject\",\"inLanguage\":\"de\",\"@id\":\"http:\/\/stuggitv.com\/#\/schema\/person\/image\/\",\"url\":\"https:\/\/secure.gravatar.com\/avatar\/932c385bbbaac5e6baefb7e8e25fc85dea339ba8a933451dafaeeea7a6db830e?s=96&d=mm&r=g\",\"contentUrl\":\"https:\/\/secure.gravatar.com\/avatar\/932c385bbbaac5e6baefb7e8e25fc85dea339ba8a933451dafaeeea7a6db830e?s=96&d=mm&r=g\",\"caption\":\"Alina Klass\"},\"description\":\"...ob in der Natur oder mitten in der Stadt, es gibt immer etwas neues zu entdecken.\",\"url\":\"http:\/\/stuggitv.com\/?author=22654\"}]}<\/script>\n<!-- \/ Yoast SEO plugin. -->","yoast_head_json":{"title":"Bericht der Stadt Stuttgart: Luft in der Stadt verbessert sich - STUGGI.TV","robots":{"index":"index","follow":"follow","max-snippet":"max-snippet:-1","max-image-preview":"max-image-preview:large","max-video-preview":"max-video-preview:-1"},"canonical":"http:\/\/stuggitv.com\/?p=84518","og_locale":"de_DE","og_type":"article","og_title":"Bericht der Stadt Stuttgart: Luft in der Stadt verbessert sich - STUGGI.TV","og_description":"Die Luft in Stuttgart wird besser In Stuttgart ist eine deutliche und kontinuierliche Abnahme der st\u00e4dtischen Feinstaub- und Stickstoffdioxid-Konzentrationen zu beobachten. Die Grenzwerte f\u00fcr Stickstoffdioxid wurden 2021 in Stuttgart an allen relevanten Messstellen eingehalten, ebenso die Grenzwerte f\u00fcr Feinstaub. Allerdings [&hellip;]","og_url":"http:\/\/stuggitv.com\/?p=84518","og_site_name":"STUGGI.TV","article_publisher":"https:\/\/www.facebook.com\/stuggitv","article_published_time":"2022-12-13T08:29:35+00:00","article_modified_time":"2022-12-14T14:11:55+00:00","og_image":[{"width":1500,"height":1000,"url":"http:\/\/stuggitv.com\/wp-content\/uploads\/Feinstaubalarm_Luft_Stuttgart_BB_Fotoarchiv_STUGGITV-1-1.jpg","type":"image\/jpeg"}],"author":"Alina Klass","twitter_card":"summary_large_image","twitter_creator":"@stuggitv","twitter_site":"@stuggitv","twitter_misc":{"Verfasst von":"Alina Klass","Gesch\u00e4tzte Lesezeit":"1\u00a0Minute"},"schema":{"@context":"https:\/\/schema.org","@graph":[{"@type":"Article","@id":"http:\/\/stuggitv.com\/?p=84518#article","isPartOf":{"@id":"http:\/\/stuggitv.com\/?p=84518"},"author":{"name":"Alina Klass","@id":"http:\/\/stuggitv.com\/#\/schema\/person\/65bb95c6a21fcc5d71710aca3725e86d"},"headline":"Bericht der Stadt Stuttgart: Luft in der Stadt verbessert sich","datePublished":"2022-12-13T08:29:35+00:00","dateModified":"2022-12-14T14:11:55+00:00","mainEntityOfPage":{"@id":"http:\/\/stuggitv.com\/?p=84518"},"wordCount":238,"publisher":{"@id":"http:\/\/stuggitv.com\/#organization"},"image":{"@id":"http:\/\/stuggitv.com\/?p=84518#primaryimage"},"thumbnailUrl":"http:\/\/stuggitv.com\/wp-content\/uploads\/Feinstaubalarm_Luft_Stuttgart_BB_Fotoarchiv_STUGGITV-1-1.jpg","keywords":["Luft","Luft in Stuttgart","Luftqualit\u00e4t","Luftqualit\u00e4t in Stuttgart","Peter P\u00e4tzold","Stadt Stuttgart","Stuttgart","Uni Hohenheim","Universit\u00e4t Hohenheim"],"articleSection":["Stuttgart heute"],"inLanguage":"de"},{"@type":"WebPage","@id":"http:\/\/stuggitv.com\/?p=84518","url":"http:\/\/stuggitv.com\/?p=84518","name":"Bericht der Stadt Stuttgart: Luft in der Stadt verbessert sich - STUGGI.TV","isPartOf":{"@id":"http:\/\/stuggitv.com\/#website"},"primaryImageOfPage":{"@id":"http:\/\/stuggitv.com\/?p=84518#primaryimage"},"image":{"@id":"http:\/\/stuggitv.com\/?p=84518#primaryimage"},"thumbnailUrl":"http:\/\/stuggitv.com\/wp-content\/uploads\/Feinstaubalarm_Luft_Stuttgart_BB_Fotoarchiv_STUGGITV-1-1.jpg","datePublished":"2022-12-13T08:29:35+00:00","dateModified":"2022-12-14T14:11:55+00:00","breadcrumb":{"@id":"http:\/\/stuggitv.com\/?p=84518#breadcrumb"},"inLanguage":"de","potentialAction":[{"@type":"ReadAction","target":["http:\/\/stuggitv.com\/?p=84518"]}]},{"@type":"ImageObject","inLanguage":"de","@id":"http:\/\/stuggitv.com\/?p=84518#primaryimage","url":"http:\/\/stuggitv.com\/wp-content\/uploads\/Feinstaubalarm_Luft_Stuttgart_BB_Fotoarchiv_STUGGITV-1-1.jpg","contentUrl":"http:\/\/stuggitv.com\/wp-content\/uploads\/Feinstaubalarm_Luft_Stuttgart_BB_Fotoarchiv_STUGGITV-1-1.jpg","width":1500,"height":1000,"caption":"Bericht der Stadt Stuttgart: Luft in der Stadt verbessert sich (Fotoarchiv: STUGGI.TV)"},{"@type":"BreadcrumbList","@id":"http:\/\/stuggitv.com\/?p=84518#breadcrumb","itemListElement":[{"@type":"ListItem","position":1,"name":"STUGGI.TV","item":"http:\/\/stuggitv.com\/"},{"@type":"ListItem","position":2,"name":"Bericht der Stadt Stuttgart: Luft in der Stadt verbessert sich"}]},{"@type":"WebSite","@id":"http:\/\/stuggitv.com\/#website","url":"http:\/\/stuggitv.com\/","name":"STUGGI.TV","description":"Der Onlinesender f\u00fcr Stuttgart","publisher":{"@id":"http:\/\/stuggitv.com\/#organization"},"potentialAction":[{"@type":"SearchAction","target":{"@type":"EntryPoint","urlTemplate":"http:\/\/stuggitv.com\/?s={search_term_string}"},"query-input":{"@type":"PropertyValueSpecification","valueRequired":true,"valueName":"search_term_string"}}],"inLanguage":"de"},{"@type":"Organization","@id":"http:\/\/stuggitv.com\/#organization","name":"STUGGI.TV","url":"http:\/\/stuggitv.com\/","logo":{"@type":"ImageObject","inLanguage":"de","@id":"http:\/\/stuggitv.com\/#\/schema\/logo\/image\/","url":"http:\/\/stuggitv.com\/wp-content\/uploads\/stuggitv_logo_rgb.jpg","contentUrl":"http:\/\/stuggitv.com\/wp-content\/uploads\/stuggitv_logo_rgb.jpg","width":320,"height":78,"caption":"STUGGI.TV"},"image":{"@id":"http:\/\/stuggitv.com\/#\/schema\/logo\/image\/"},"sameAs":["https:\/\/www.facebook.com\/stuggitv","https:\/\/x.com\/stuggitv"]},{"@type":"Person","@id":"http:\/\/stuggitv.com\/#\/schema\/person\/65bb95c6a21fcc5d71710aca3725e86d","name":"Alina Klass","image":{"@type":"ImageObject","inLanguage":"de","@id":"http:\/\/stuggitv.com\/#\/schema\/person\/image\/","url":"https:\/\/secure.gravatar.com\/avatar\/932c385bbbaac5e6baefb7e8e25fc85dea339ba8a933451dafaeeea7a6db830e?s=96&d=mm&r=g","contentUrl":"https:\/\/secure.gravatar.com\/avatar\/932c385bbbaac5e6baefb7e8e25fc85dea339ba8a933451dafaeeea7a6db830e?s=96&d=mm&r=g","caption":"Alina Klass"},"description":"...ob in der Natur oder mitten in der Stadt, es gibt immer etwas neues zu entdecken.","url":"http:\/\/stuggitv.com\/?author=22654"}]}},"_links":{"self":[{"href":"http:\/\/stuggitv.com\/index.php?rest_route=\/wp\/v2\/posts\/84518","targetHints":{"allow":["GET"]}}],"collection":[{"href":"http:\/\/stuggitv.com\/index.php?rest_route=\/wp\/v2\/posts"}],"about":[{"href":"http:\/\/stuggitv.com\/index.php?rest_route=\/wp\/v2\/types\/post"}],"author":[{"embeddable":true,"href":"http:\/\/stuggitv.com\/index.php?rest_route=\/wp\/v2\/users\/22654"}],"replies":[{"embeddable":true,"href":"http:\/\/stuggitv.com\/index.php?rest_route=%2Fwp%2Fv2%2Fcomments&post=84518"}],"version-history":[{"count":11,"href":"http:\/\/stuggitv.com\/index.php?rest_route=\/wp\/v2\/posts\/84518\/revisions"}],"predecessor-version":[{"id":85192,"href":"http:\/\/stuggitv.com\/index.php?rest_route=\/wp\/v2\/posts\/84518\/revisions\/85192"}],"wp:featuredmedia":[{"embeddable":true,"href":"http:\/\/stuggitv.com\/index.php?rest_route=\/wp\/v2\/media\/84572"}],"wp:attachment":[{"href":"http:\/\/stuggitv.com\/index.php?rest_route=%2Fwp%2Fv2%2Fmedia&parent=84518"}],"wp:term":[{"taxonomy":"category","embeddable":true,"href":"http:\/\/stuggitv.com\/index.php?rest_route=%2Fwp%2Fv2%2Fcategories&post=84518"},{"taxonomy":"post_tag","embeddable":true,"href":"http:\/\/stuggitv.com\/index.php?rest_route=%2Fwp%2Fv2%2Ftags&post=84518"}],"curies":[{"name":"wp","href":"https:\/\/api.w.org\/{rel}","templated":true}]}}