{"id":86121,"date":"2023-01-21T19:28:48","date_gmt":"2023-01-21T18:28:48","guid":{"rendered":"https:\/\/www.stuggi.tv\/?p=86121"},"modified":"2023-01-25T12:49:15","modified_gmt":"2023-01-25T11:49:15","slug":"remis-gegen-mainz-haelt-der-vfb-stuttgart-mit-dem-labbadia-fussball-die-klasse","status":"publish","type":"post","link":"http:\/\/stuggitv.com\/?p=86121","title":{"rendered":"H\u00e4lt der VfB Stuttgart mit dem Labbadia-Fu\u00dfball die Klasse?"},"content":{"rendered":"<h4>Aufstellungen<\/h4>\n<p><strong>VfB Stuttgart:<\/strong> M\u00fcller &#8211; Nartey (Vagnoman ab 77. Min.), Ito, Mavropanos, Anton &#8211; Ahamada, Karazor, Endo &#8211; Tomas (F\u00fchrich ab 77. Min.), Guirassy, Silas (Kastanaras ab 90. Min.)<\/p>\n<p><strong>Mainz 05:<\/strong> Dahmen &#8211; Caci, Hack, Fernandes &#8211; Aaron Martin, Barreiro (Fulgini ab 87. Min.), Kohr, Widmer &#8211; Onisiwo, Ingvartsen (Lee ab 65. Min.), Barkok (Stach ab 78. Min.)<\/p>\n<h4>Tore<\/h4>\n<p><strong>1:0<\/strong> Serhou Guirassy (36. Minute)<\/p>\n<p><strong>1:1<\/strong> Marcus Ingvartsen (40. Minute, Foulelfmeter)<\/p>\n<h4>Zuschauerzahl:<\/h4>\n<p>45.903 Zuschauer in der <a href=\"https:\/\/www.mercedes-benz-arena-stuttgart.de\/\" target=\"_blank\" rel=\"noopener noreferrer\">Mercedes-Benz Arena in Stuttgart.<\/a><\/p>\n","protected":false},"excerpt":{"rendered":"<p>Aufstellungen VfB Stuttgart: M\u00fcller &#8211; Nartey (Vagnoman ab 77. Min.), Ito, Mavropanos, Anton &#8211; Ahamada, Karazor, Endo &#8211; Tomas (F\u00fchrich ab 77. Min.), Guirassy, Silas (Kastanaras ab 90. Min.) Mainz 05: Dahmen &#8211; Caci, Hack, Fernandes &#8211; Aaron Martin, Barreiro [&hellip;]<\/p>\n","protected":false},"author":14,"featured_media":86127,"comment_status":"closed","ping_status":"closed","sticky":false,"template":"","format":"standard","meta":{"footnotes":""},"categories":[30],"tags":[4829,1030,1031,54,280,279],"class_list":["post-86121","post","type-post","status-publish","format-standard","has-post-thumbnail","hentry","category-sport","tag-bundesliga-saison-2022-2023","tag-mainz","tag-mainz-05","tag-stuttgart","tag-vfb","tag-vfb-stuttgart"],"read":true,"yoast_head":"<!-- This site is optimized with the Yoast SEO plugin v27.1.1 - https:\/\/yoast.com\/product\/yoast-seo-wordpress\/ -->\n<title>H\u00e4lt der VfB Stuttgart mit dem Labbadia-Fu\u00dfball die Klasse? - STUGGI.TV<\/title>\n<meta name=\"robots\" content=\"index, follow, max-snippet:-1, max-image-preview:large, max-video-preview:-1\" \/>\n<link rel=\"canonical\" href=\"http:\/\/stuggitv.com\/?p=86121\" \/>\n<meta property=\"og:locale\" content=\"de_DE\" \/>\n<meta property=\"og:type\" content=\"article\" \/>\n<meta property=\"og:title\" content=\"H\u00e4lt der VfB Stuttgart mit dem Labbadia-Fu\u00dfball die Klasse? - STUGGI.TV\" \/>\n<meta property=\"og:description\" content=\"Aufstellungen VfB Stuttgart: M\u00fcller &#8211; Nartey (Vagnoman ab 77. Min.), Ito, Mavropanos, Anton &#8211; Ahamada, Karazor, Endo &#8211; Tomas (F\u00fchrich ab 77. Min.), Guirassy, Silas (Kastanaras ab 90. Min.) Mainz 05: Dahmen &#8211; Caci, Hack, Fernandes &#8211; Aaron Martin, Barreiro [&hellip;]\" \/>\n<meta property=\"og:url\" content=\"http:\/\/stuggitv.com\/?p=86121\" \/>\n<meta property=\"og:site_name\" content=\"STUGGI.TV\" \/>\n<meta property=\"article:publisher\" content=\"https:\/\/www.facebook.com\/stuggitv\" \/>\n<meta property=\"article:published_time\" content=\"2023-01-21T18:28:48+00:00\" \/>\n<meta property=\"article:modified_time\" content=\"2023-01-25T11:49:15+00:00\" \/>\n<meta property=\"og:image\" content=\"http:\/\/stuggitv.com\/wp-content\/uploads\/Umfrage_VfB-Mainz_BB_Foto_STUGGITV.jpg\" \/>\n\t<meta property=\"og:image:width\" content=\"1500\" \/>\n\t<meta property=\"og:image:height\" content=\"1000\" \/>\n\t<meta property=\"og:image:type\" content=\"image\/jpeg\" \/>\n<meta name=\"author\" content=\"Johannes Frank\" \/>\n<meta name=\"twitter:card\" content=\"summary_large_image\" \/>\n<meta name=\"twitter:creator\" content=\"@stuggitv\" \/>\n<meta name=\"twitter:site\" content=\"@stuggitv\" \/>\n<meta name=\"twitter:label1\" content=\"Verfasst von\" \/>\n\t<meta name=\"twitter:data1\" content=\"Johannes Frank\" \/>\n\t<meta name=\"twitter:label2\" content=\"Gesch\u00e4tzte Lesezeit\" \/>\n\t<meta name=\"twitter:data2\" content=\"1\u00a0Minute\" \/>\n<script type=\"application\/ld+json\" class=\"yoast-schema-graph\">{\"@context\":\"https:\/\/schema.org\",\"@graph\":[{\"@type\":\"Article\",\"@id\":\"http:\/\/stuggitv.com\/?p=86121#article\",\"isPartOf\":{\"@id\":\"http:\/\/stuggitv.com\/?p=86121\"},\"author\":{\"name\":\"Johannes Frank\",\"@id\":\"http:\/\/stuggitv.com\/#\/schema\/person\/46d868c673a78d677a41aa95821c66ec\"},\"headline\":\"H\u00e4lt der VfB Stuttgart mit dem Labbadia-Fu\u00dfball die Klasse?\",\"datePublished\":\"2023-01-21T18:28:48+00:00\",\"dateModified\":\"2023-01-25T11:49:15+00:00\",\"mainEntityOfPage\":{\"@id\":\"http:\/\/stuggitv.com\/?p=86121\"},\"wordCount\":80,\"publisher\":{\"@id\":\"http:\/\/stuggitv.com\/#organization\"},\"image\":{\"@id\":\"http:\/\/stuggitv.com\/?p=86121#primaryimage\"},\"thumbnailUrl\":\"http:\/\/stuggitv.com\/wp-content\/uploads\/Umfrage_VfB-Mainz_BB_Foto_STUGGITV.jpg\",\"keywords\":[\"Bundesliga-Saison 2022\/2023\",\"Mainz\",\"Mainz 05\",\"Stuttgart\",\"VfB\",\"VfB Stuttgart\"],\"articleSection\":[\"SPORT\"],\"inLanguage\":\"de\"},{\"@type\":\"WebPage\",\"@id\":\"http:\/\/stuggitv.com\/?p=86121\",\"url\":\"http:\/\/stuggitv.com\/?p=86121\",\"name\":\"H\u00e4lt der VfB Stuttgart mit dem Labbadia-Fu\u00dfball die Klasse? - STUGGI.TV\",\"isPartOf\":{\"@id\":\"http:\/\/stuggitv.com\/#website\"},\"primaryImageOfPage\":{\"@id\":\"http:\/\/stuggitv.com\/?p=86121#primaryimage\"},\"image\":{\"@id\":\"http:\/\/stuggitv.com\/?p=86121#primaryimage\"},\"thumbnailUrl\":\"http:\/\/stuggitv.com\/wp-content\/uploads\/Umfrage_VfB-Mainz_BB_Foto_STUGGITV.jpg\",\"datePublished\":\"2023-01-21T18:28:48+00:00\",\"dateModified\":\"2023-01-25T11:49:15+00:00\",\"breadcrumb\":{\"@id\":\"http:\/\/stuggitv.com\/?p=86121#breadcrumb\"},\"inLanguage\":\"de\",\"potentialAction\":[{\"@type\":\"ReadAction\",\"target\":[\"http:\/\/stuggitv.com\/?p=86121\"]}]},{\"@type\":\"ImageObject\",\"inLanguage\":\"de\",\"@id\":\"http:\/\/stuggitv.com\/?p=86121#primaryimage\",\"url\":\"http:\/\/stuggitv.com\/wp-content\/uploads\/Umfrage_VfB-Mainz_BB_Foto_STUGGITV.jpg\",\"contentUrl\":\"http:\/\/stuggitv.com\/wp-content\/uploads\/Umfrage_VfB-Mainz_BB_Foto_STUGGITV.jpg\",\"width\":1500,\"height\":1000,\"caption\":\"Remis gegen Mainz: H\u00e4lt der VfB Stuttgart mit dem Labbadia-Fu\u00dfball die Klasse? (Foto: STUGGI.TV)\"},{\"@type\":\"BreadcrumbList\",\"@id\":\"http:\/\/stuggitv.com\/?p=86121#breadcrumb\",\"itemListElement\":[{\"@type\":\"ListItem\",\"position\":1,\"name\":\"STUGGI.TV\",\"item\":\"http:\/\/stuggitv.com\/\"},{\"@type\":\"ListItem\",\"position\":2,\"name\":\"H\u00e4lt der VfB Stuttgart mit dem Labbadia-Fu\u00dfball die Klasse?\"}]},{\"@type\":\"WebSite\",\"@id\":\"http:\/\/stuggitv.com\/#website\",\"url\":\"http:\/\/stuggitv.com\/\",\"name\":\"STUGGI.TV\",\"description\":\"Der Onlinesender f\u00fcr Stuttgart\",\"publisher\":{\"@id\":\"http:\/\/stuggitv.com\/#organization\"},\"potentialAction\":[{\"@type\":\"SearchAction\",\"target\":{\"@type\":\"EntryPoint\",\"urlTemplate\":\"http:\/\/stuggitv.com\/?s={search_term_string}\"},\"query-input\":{\"@type\":\"PropertyValueSpecification\",\"valueRequired\":true,\"valueName\":\"search_term_string\"}}],\"inLanguage\":\"de\"},{\"@type\":\"Organization\",\"@id\":\"http:\/\/stuggitv.com\/#organization\",\"name\":\"STUGGI.TV\",\"url\":\"http:\/\/stuggitv.com\/\",\"logo\":{\"@type\":\"ImageObject\",\"inLanguage\":\"de\",\"@id\":\"http:\/\/stuggitv.com\/#\/schema\/logo\/image\/\",\"url\":\"http:\/\/stuggitv.com\/wp-content\/uploads\/stuggitv_logo_rgb.jpg\",\"contentUrl\":\"http:\/\/stuggitv.com\/wp-content\/uploads\/stuggitv_logo_rgb.jpg\",\"width\":320,\"height\":78,\"caption\":\"STUGGI.TV\"},\"image\":{\"@id\":\"http:\/\/stuggitv.com\/#\/schema\/logo\/image\/\"},\"sameAs\":[\"https:\/\/www.facebook.com\/stuggitv\",\"https:\/\/x.com\/stuggitv\"]},{\"@type\":\"Person\",\"@id\":\"http:\/\/stuggitv.com\/#\/schema\/person\/46d868c673a78d677a41aa95821c66ec\",\"name\":\"Johannes Frank\",\"image\":{\"@type\":\"ImageObject\",\"inLanguage\":\"de\",\"@id\":\"http:\/\/stuggitv.com\/#\/schema\/person\/image\/\",\"url\":\"https:\/\/secure.gravatar.com\/avatar\/47ed3c010fd35e7aa6f92f9a11c0a605fddea06ac0ef5c2217a407ee29b31bc2?s=96&d=mm&r=g\",\"contentUrl\":\"https:\/\/secure.gravatar.com\/avatar\/47ed3c010fd35e7aa6f92f9a11c0a605fddea06ac0ef5c2217a407ee29b31bc2?s=96&d=mm&r=g\",\"caption\":\"Johannes Frank\"},\"description\":\"\u2026weils do oifach schee isch ond emmr ebbes zom Entdecka gibt.\",\"url\":\"http:\/\/stuggitv.com\/?author=14\"}]}<\/script>\n<!-- \/ Yoast SEO plugin. -->","yoast_head_json":{"title":"H\u00e4lt der VfB Stuttgart mit dem Labbadia-Fu\u00dfball die Klasse? - STUGGI.TV","robots":{"index":"index","follow":"follow","max-snippet":"max-snippet:-1","max-image-preview":"max-image-preview:large","max-video-preview":"max-video-preview:-1"},"canonical":"http:\/\/stuggitv.com\/?p=86121","og_locale":"de_DE","og_type":"article","og_title":"H\u00e4lt der VfB Stuttgart mit dem Labbadia-Fu\u00dfball die Klasse? - STUGGI.TV","og_description":"Aufstellungen VfB Stuttgart: M\u00fcller &#8211; Nartey (Vagnoman ab 77. Min.), Ito, Mavropanos, Anton &#8211; Ahamada, Karazor, Endo &#8211; Tomas (F\u00fchrich ab 77. Min.), Guirassy, Silas (Kastanaras ab 90. Min.) Mainz 05: Dahmen &#8211; Caci, Hack, Fernandes &#8211; Aaron Martin, Barreiro [&hellip;]","og_url":"http:\/\/stuggitv.com\/?p=86121","og_site_name":"STUGGI.TV","article_publisher":"https:\/\/www.facebook.com\/stuggitv","article_published_time":"2023-01-21T18:28:48+00:00","article_modified_time":"2023-01-25T11:49:15+00:00","og_image":[{"width":1500,"height":1000,"url":"http:\/\/stuggitv.com\/wp-content\/uploads\/Umfrage_VfB-Mainz_BB_Foto_STUGGITV.jpg","type":"image\/jpeg"}],"author":"Johannes Frank","twitter_card":"summary_large_image","twitter_creator":"@stuggitv","twitter_site":"@stuggitv","twitter_misc":{"Verfasst von":"Johannes Frank","Gesch\u00e4tzte Lesezeit":"1\u00a0Minute"},"schema":{"@context":"https:\/\/schema.org","@graph":[{"@type":"Article","@id":"http:\/\/stuggitv.com\/?p=86121#article","isPartOf":{"@id":"http:\/\/stuggitv.com\/?p=86121"},"author":{"name":"Johannes Frank","@id":"http:\/\/stuggitv.com\/#\/schema\/person\/46d868c673a78d677a41aa95821c66ec"},"headline":"H\u00e4lt der VfB Stuttgart mit dem Labbadia-Fu\u00dfball die Klasse?","datePublished":"2023-01-21T18:28:48+00:00","dateModified":"2023-01-25T11:49:15+00:00","mainEntityOfPage":{"@id":"http:\/\/stuggitv.com\/?p=86121"},"wordCount":80,"publisher":{"@id":"http:\/\/stuggitv.com\/#organization"},"image":{"@id":"http:\/\/stuggitv.com\/?p=86121#primaryimage"},"thumbnailUrl":"http:\/\/stuggitv.com\/wp-content\/uploads\/Umfrage_VfB-Mainz_BB_Foto_STUGGITV.jpg","keywords":["Bundesliga-Saison 2022\/2023","Mainz","Mainz 05","Stuttgart","VfB","VfB Stuttgart"],"articleSection":["SPORT"],"inLanguage":"de"},{"@type":"WebPage","@id":"http:\/\/stuggitv.com\/?p=86121","url":"http:\/\/stuggitv.com\/?p=86121","name":"H\u00e4lt der VfB Stuttgart mit dem Labbadia-Fu\u00dfball die Klasse? - STUGGI.TV","isPartOf":{"@id":"http:\/\/stuggitv.com\/#website"},"primaryImageOfPage":{"@id":"http:\/\/stuggitv.com\/?p=86121#primaryimage"},"image":{"@id":"http:\/\/stuggitv.com\/?p=86121#primaryimage"},"thumbnailUrl":"http:\/\/stuggitv.com\/wp-content\/uploads\/Umfrage_VfB-Mainz_BB_Foto_STUGGITV.jpg","datePublished":"2023-01-21T18:28:48+00:00","dateModified":"2023-01-25T11:49:15+00:00","breadcrumb":{"@id":"http:\/\/stuggitv.com\/?p=86121#breadcrumb"},"inLanguage":"de","potentialAction":[{"@type":"ReadAction","target":["http:\/\/stuggitv.com\/?p=86121"]}]},{"@type":"ImageObject","inLanguage":"de","@id":"http:\/\/stuggitv.com\/?p=86121#primaryimage","url":"http:\/\/stuggitv.com\/wp-content\/uploads\/Umfrage_VfB-Mainz_BB_Foto_STUGGITV.jpg","contentUrl":"http:\/\/stuggitv.com\/wp-content\/uploads\/Umfrage_VfB-Mainz_BB_Foto_STUGGITV.jpg","width":1500,"height":1000,"caption":"Remis gegen Mainz: H\u00e4lt der VfB Stuttgart mit dem Labbadia-Fu\u00dfball die Klasse? (Foto: STUGGI.TV)"},{"@type":"BreadcrumbList","@id":"http:\/\/stuggitv.com\/?p=86121#breadcrumb","itemListElement":[{"@type":"ListItem","position":1,"name":"STUGGI.TV","item":"http:\/\/stuggitv.com\/"},{"@type":"ListItem","position":2,"name":"H\u00e4lt der VfB Stuttgart mit dem Labbadia-Fu\u00dfball die Klasse?"}]},{"@type":"WebSite","@id":"http:\/\/stuggitv.com\/#website","url":"http:\/\/stuggitv.com\/","name":"STUGGI.TV","description":"Der Onlinesender f\u00fcr Stuttgart","publisher":{"@id":"http:\/\/stuggitv.com\/#organization"},"potentialAction":[{"@type":"SearchAction","target":{"@type":"EntryPoint","urlTemplate":"http:\/\/stuggitv.com\/?s={search_term_string}"},"query-input":{"@type":"PropertyValueSpecification","valueRequired":true,"valueName":"search_term_string"}}],"inLanguage":"de"},{"@type":"Organization","@id":"http:\/\/stuggitv.com\/#organization","name":"STUGGI.TV","url":"http:\/\/stuggitv.com\/","logo":{"@type":"ImageObject","inLanguage":"de","@id":"http:\/\/stuggitv.com\/#\/schema\/logo\/image\/","url":"http:\/\/stuggitv.com\/wp-content\/uploads\/stuggitv_logo_rgb.jpg","contentUrl":"http:\/\/stuggitv.com\/wp-content\/uploads\/stuggitv_logo_rgb.jpg","width":320,"height":78,"caption":"STUGGI.TV"},"image":{"@id":"http:\/\/stuggitv.com\/#\/schema\/logo\/image\/"},"sameAs":["https:\/\/www.facebook.com\/stuggitv","https:\/\/x.com\/stuggitv"]},{"@type":"Person","@id":"http:\/\/stuggitv.com\/#\/schema\/person\/46d868c673a78d677a41aa95821c66ec","name":"Johannes Frank","image":{"@type":"ImageObject","inLanguage":"de","@id":"http:\/\/stuggitv.com\/#\/schema\/person\/image\/","url":"https:\/\/secure.gravatar.com\/avatar\/47ed3c010fd35e7aa6f92f9a11c0a605fddea06ac0ef5c2217a407ee29b31bc2?s=96&d=mm&r=g","contentUrl":"https:\/\/secure.gravatar.com\/avatar\/47ed3c010fd35e7aa6f92f9a11c0a605fddea06ac0ef5c2217a407ee29b31bc2?s=96&d=mm&r=g","caption":"Johannes Frank"},"description":"\u2026weils do oifach schee isch ond emmr ebbes zom Entdecka gibt.","url":"http:\/\/stuggitv.com\/?author=14"}]}},"_links":{"self":[{"href":"http:\/\/stuggitv.com\/index.php?rest_route=\/wp\/v2\/posts\/86121","targetHints":{"allow":["GET"]}}],"collection":[{"href":"http:\/\/stuggitv.com\/index.php?rest_route=\/wp\/v2\/posts"}],"about":[{"href":"http:\/\/stuggitv.com\/index.php?rest_route=\/wp\/v2\/types\/post"}],"author":[{"embeddable":true,"href":"http:\/\/stuggitv.com\/index.php?rest_route=\/wp\/v2\/users\/14"}],"replies":[{"embeddable":true,"href":"http:\/\/stuggitv.com\/index.php?rest_route=%2Fwp%2Fv2%2Fcomments&post=86121"}],"version-history":[{"count":7,"href":"http:\/\/stuggitv.com\/index.php?rest_route=\/wp\/v2\/posts\/86121\/revisions"}],"predecessor-version":[{"id":86217,"href":"http:\/\/stuggitv.com\/index.php?rest_route=\/wp\/v2\/posts\/86121\/revisions\/86217"}],"wp:featuredmedia":[{"embeddable":true,"href":"http:\/\/stuggitv.com\/index.php?rest_route=\/wp\/v2\/media\/86127"}],"wp:attachment":[{"href":"http:\/\/stuggitv.com\/index.php?rest_route=%2Fwp%2Fv2%2Fmedia&parent=86121"}],"wp:term":[{"taxonomy":"category","embeddable":true,"href":"http:\/\/stuggitv.com\/index.php?rest_route=%2Fwp%2Fv2%2Fcategories&post=86121"},{"taxonomy":"post_tag","embeddable":true,"href":"http:\/\/stuggitv.com\/index.php?rest_route=%2Fwp%2Fv2%2Ftags&post=86121"}],"curies":[{"name":"wp","href":"https:\/\/api.w.org\/{rel}","templated":true}]}}