{"id":86820,"date":"2023-02-20T17:31:32","date_gmt":"2023-02-20T16:31:32","guid":{"rendered":"https:\/\/www.stuggi.tv\/?p=86820"},"modified":"2023-02-22T14:11:49","modified_gmt":"2023-02-22T13:11:49","slug":"nopper-im-faschings-fieber-der-ob-feiert-mit-den-narren-im-rathaus","status":"publish","type":"post","link":"http:\/\/stuggitv.com\/?p=86820","title":{"rendered":"Nopper im Faschings-Fieber: Der OB feiert mit den Narren im Rathaus"},"content":{"rendered":"<h4>Narren st\u00fcrmen das Stuttgarter Rathaus<\/h4>\n<p>Oberbu\u0308rgermeister Frank Nopper hat am heutigen Rosenmontag das Fest-Komitee des Stuttgarter Karnevals im Rathaus begr\u00fc\u00dft. P\u00fcnktlich um 11:11 Uhr \u00fcbernahmen die Narren das Regiment. Traurig sah man Nopper deswegen nicht. Im Gegenteil: Das Stadtoberhaupt verspr\u00fchte gute Laune und feierte kr\u00e4ftig mit. Was er selbst zu dem bunten Treiben sagt, zeigen wir euch im Video.<\/p>\n<h4>Guggenmusik spielt am Abend<\/h4>\n<p>Alle Freunde der Guggenmusik kommen am heutigen Montagabend auf ihre Kosten, wenn auf dem Marktplatz laut und fetzig gefeiert wird. Guggenmusiken aus der ganzen Region spielen auf der Rathaustreppe und auch das Stuttgarter Stadtprinzenpaar feiert mit. Los geht es um 19 Uhr auf dem Marktplatz.<\/p>\n<h4>Gro\u00dfer Faschingsumzug durch die Innenstadt<\/h4>\n<p>Der H\u00f6hepunkt der Fasnetszeit in der schw\u00e4bischen Metropole schl\u00e4ngelt sich am Dienstagnachmittag durch die City. Ein Spa\u00df, den sich auch Oberb\u00fcrgermeister Frank Nopper auf einem der Wagen nicht entgehen l\u00e4sst. Um 14 Uhr startet der Faschingsumzug durch die T\u00fcbinger Stra\u00dfe \u00fcber den Marktplatz in Richtung Schlossplatz und weiter zum Karlsplatz, wo die anschlie\u00dfende Faschingsparty steigt.<\/p>\n","protected":false},"excerpt":{"rendered":"<p>Narren st\u00fcrmen das Stuttgarter Rathaus Oberbu\u0308rgermeister Frank Nopper hat am heutigen Rosenmontag das Fest-Komitee des Stuttgarter Karnevals im Rathaus begr\u00fc\u00dft. P\u00fcnktlich um 11:11 Uhr \u00fcbernahmen die Narren das Regiment. Traurig sah man Nopper deswegen nicht. Im Gegenteil: Das Stadtoberhaupt verspr\u00fchte [&hellip;]<\/p>\n","protected":false},"author":22105,"featured_media":86915,"comment_status":"closed","ping_status":"closed","sticky":false,"template":"","format":"standard","meta":{"footnotes":""},"categories":[21],"tags":[5774,57,5578,3664,5763,77,5732,471,346,5764,5775,54,5581],"class_list":["post-86820","post","type-post","status-publish","format-standard","has-post-thumbnail","hentry","category-news","tag-anita-roesslein","tag-fasching","tag-fasching-in-stuttgart","tag-fasnet","tag-fasnet-in-stuttgart","tag-frank-nopper","tag-narren-in-stuttgart","tag-ob-frank-nopper","tag-rathaus-stuttgart","tag-rosenmontag","tag-stadtprinz-stuttgart","tag-stuttgart","tag-thomas-klingenberg"],"read":true,"yoast_head":"<!-- This site is optimized with the Yoast SEO plugin v27.1.1 - https:\/\/yoast.com\/product\/yoast-seo-wordpress\/ -->\n<title>Nopper im Faschings-Fieber: Der OB feiert mit den Narren im Rathaus - STUGGI.TV<\/title>\n<meta name=\"robots\" content=\"index, follow, max-snippet:-1, max-image-preview:large, max-video-preview:-1\" \/>\n<link rel=\"canonical\" href=\"http:\/\/stuggitv.com\/?p=86820\" \/>\n<meta property=\"og:locale\" content=\"de_DE\" \/>\n<meta property=\"og:type\" content=\"article\" \/>\n<meta property=\"og:title\" content=\"Nopper im Faschings-Fieber: Der OB feiert mit den Narren im Rathaus - STUGGI.TV\" \/>\n<meta property=\"og:description\" content=\"Narren st\u00fcrmen das Stuttgarter Rathaus Oberbu\u0308rgermeister Frank Nopper hat am heutigen Rosenmontag das Fest-Komitee des Stuttgarter Karnevals im Rathaus begr\u00fc\u00dft. P\u00fcnktlich um 11:11 Uhr \u00fcbernahmen die Narren das Regiment. Traurig sah man Nopper deswegen nicht. Im Gegenteil: Das Stadtoberhaupt verspr\u00fchte [&hellip;]\" \/>\n<meta property=\"og:url\" content=\"http:\/\/stuggitv.com\/?p=86820\" \/>\n<meta property=\"og:site_name\" content=\"STUGGI.TV\" \/>\n<meta property=\"article:publisher\" content=\"https:\/\/www.facebook.com\/stuggitv\" \/>\n<meta property=\"article:published_time\" content=\"2023-02-20T16:31:32+00:00\" \/>\n<meta property=\"article:modified_time\" content=\"2023-02-22T13:11:49+00:00\" \/>\n<meta property=\"og:image\" content=\"http:\/\/stuggitv.com\/wp-content\/uploads\/Fasching-Rathaus-Nopper_BB_Foto_STUGGITV.jpg\" \/>\n\t<meta property=\"og:image:width\" content=\"1500\" \/>\n\t<meta property=\"og:image:height\" content=\"1000\" \/>\n\t<meta property=\"og:image:type\" content=\"image\/jpeg\" \/>\n<meta name=\"author\" content=\"Cosima Boenke\" \/>\n<meta name=\"twitter:card\" content=\"summary_large_image\" \/>\n<meta name=\"twitter:creator\" content=\"@stuggitv\" \/>\n<meta name=\"twitter:site\" content=\"@stuggitv\" \/>\n<meta name=\"twitter:label1\" content=\"Verfasst von\" \/>\n\t<meta name=\"twitter:data1\" content=\"Cosima Boenke\" \/>\n\t<meta name=\"twitter:label2\" content=\"Gesch\u00e4tzte Lesezeit\" \/>\n\t<meta name=\"twitter:data2\" content=\"1\u00a0Minute\" \/>\n<script type=\"application\/ld+json\" class=\"yoast-schema-graph\">{\"@context\":\"https:\/\/schema.org\",\"@graph\":[{\"@type\":\"Article\",\"@id\":\"http:\/\/stuggitv.com\/?p=86820#article\",\"isPartOf\":{\"@id\":\"http:\/\/stuggitv.com\/?p=86820\"},\"author\":{\"name\":\"Cosima Boenke\",\"@id\":\"http:\/\/stuggitv.com\/#\/schema\/person\/3a72bf74882dbe4162d8f0518454d829\"},\"headline\":\"Nopper im Faschings-Fieber: Der OB feiert mit den Narren im Rathaus\",\"datePublished\":\"2023-02-20T16:31:32+00:00\",\"dateModified\":\"2023-02-22T13:11:49+00:00\",\"mainEntityOfPage\":{\"@id\":\"http:\/\/stuggitv.com\/?p=86820\"},\"wordCount\":191,\"publisher\":{\"@id\":\"http:\/\/stuggitv.com\/#organization\"},\"image\":{\"@id\":\"http:\/\/stuggitv.com\/?p=86820#primaryimage\"},\"thumbnailUrl\":\"http:\/\/stuggitv.com\/wp-content\/uploads\/Fasching-Rathaus-Nopper_BB_Foto_STUGGITV.jpg\",\"keywords\":[\"Anita R\u00f6sslein\",\"Fasching\",\"Fasching in Stuttgart\",\"Fasnet\",\"Fasnet in Stuttgart\",\"Frank Nopper\",\"Narren in Stuttgart\",\"OB Frank Nopper\",\"Rathaus Stuttgart\",\"Rosenmontag\",\"Stadtprinz Stuttgart\",\"Stuttgart\",\"Thomas Klingenberg\"],\"articleSection\":[\"NEWS\"],\"inLanguage\":\"de\"},{\"@type\":\"WebPage\",\"@id\":\"http:\/\/stuggitv.com\/?p=86820\",\"url\":\"http:\/\/stuggitv.com\/?p=86820\",\"name\":\"Nopper im Faschings-Fieber: Der OB feiert mit den Narren im Rathaus - STUGGI.TV\",\"isPartOf\":{\"@id\":\"http:\/\/stuggitv.com\/#website\"},\"primaryImageOfPage\":{\"@id\":\"http:\/\/stuggitv.com\/?p=86820#primaryimage\"},\"image\":{\"@id\":\"http:\/\/stuggitv.com\/?p=86820#primaryimage\"},\"thumbnailUrl\":\"http:\/\/stuggitv.com\/wp-content\/uploads\/Fasching-Rathaus-Nopper_BB_Foto_STUGGITV.jpg\",\"datePublished\":\"2023-02-20T16:31:32+00:00\",\"dateModified\":\"2023-02-22T13:11:49+00:00\",\"breadcrumb\":{\"@id\":\"http:\/\/stuggitv.com\/?p=86820#breadcrumb\"},\"inLanguage\":\"de\",\"potentialAction\":[{\"@type\":\"ReadAction\",\"target\":[\"http:\/\/stuggitv.com\/?p=86820\"]}]},{\"@type\":\"ImageObject\",\"inLanguage\":\"de\",\"@id\":\"http:\/\/stuggitv.com\/?p=86820#primaryimage\",\"url\":\"http:\/\/stuggitv.com\/wp-content\/uploads\/Fasching-Rathaus-Nopper_BB_Foto_STUGGITV.jpg\",\"contentUrl\":\"http:\/\/stuggitv.com\/wp-content\/uploads\/Fasching-Rathaus-Nopper_BB_Foto_STUGGITV.jpg\",\"width\":1500,\"height\":1000,\"caption\":\"Nopper im Faschings-Fieber: Der OB feiert mit den Narren im Rathaus (Foto: STUGGI.TV)\"},{\"@type\":\"BreadcrumbList\",\"@id\":\"http:\/\/stuggitv.com\/?p=86820#breadcrumb\",\"itemListElement\":[{\"@type\":\"ListItem\",\"position\":1,\"name\":\"STUGGI.TV\",\"item\":\"http:\/\/stuggitv.com\/\"},{\"@type\":\"ListItem\",\"position\":2,\"name\":\"Nopper im Faschings-Fieber: Der OB feiert mit den Narren im Rathaus\"}]},{\"@type\":\"WebSite\",\"@id\":\"http:\/\/stuggitv.com\/#website\",\"url\":\"http:\/\/stuggitv.com\/\",\"name\":\"STUGGI.TV\",\"description\":\"Der Onlinesender f\u00fcr Stuttgart\",\"publisher\":{\"@id\":\"http:\/\/stuggitv.com\/#organization\"},\"potentialAction\":[{\"@type\":\"SearchAction\",\"target\":{\"@type\":\"EntryPoint\",\"urlTemplate\":\"http:\/\/stuggitv.com\/?s={search_term_string}\"},\"query-input\":{\"@type\":\"PropertyValueSpecification\",\"valueRequired\":true,\"valueName\":\"search_term_string\"}}],\"inLanguage\":\"de\"},{\"@type\":\"Organization\",\"@id\":\"http:\/\/stuggitv.com\/#organization\",\"name\":\"STUGGI.TV\",\"url\":\"http:\/\/stuggitv.com\/\",\"logo\":{\"@type\":\"ImageObject\",\"inLanguage\":\"de\",\"@id\":\"http:\/\/stuggitv.com\/#\/schema\/logo\/image\/\",\"url\":\"http:\/\/stuggitv.com\/wp-content\/uploads\/stuggitv_logo_rgb.jpg\",\"contentUrl\":\"http:\/\/stuggitv.com\/wp-content\/uploads\/stuggitv_logo_rgb.jpg\",\"width\":320,\"height\":78,\"caption\":\"STUGGI.TV\"},\"image\":{\"@id\":\"http:\/\/stuggitv.com\/#\/schema\/logo\/image\/\"},\"sameAs\":[\"https:\/\/www.facebook.com\/stuggitv\",\"https:\/\/x.com\/stuggitv\"]},{\"@type\":\"Person\",\"@id\":\"http:\/\/stuggitv.com\/#\/schema\/person\/3a72bf74882dbe4162d8f0518454d829\",\"name\":\"Cosima Boenke\",\"image\":{\"@type\":\"ImageObject\",\"inLanguage\":\"de\",\"@id\":\"http:\/\/stuggitv.com\/#\/schema\/person\/image\/\",\"url\":\"https:\/\/secure.gravatar.com\/avatar\/1be38108ab47df2002011680da1996e6bdfe3e808d75adbc6037b9bb82ed5093?s=96&d=mm&r=g\",\"contentUrl\":\"https:\/\/secure.gravatar.com\/avatar\/1be38108ab47df2002011680da1996e6bdfe3e808d75adbc6037b9bb82ed5093?s=96&d=mm&r=g\",\"caption\":\"Cosima Boenke\"},\"description\":\"...ich liebe die vielen Aussichtspunkte mit Blick auf den Kessel und der schnelle Weg in die sch\u00f6nen Weinberge.\",\"url\":\"http:\/\/stuggitv.com\/?author=22105\"}]}<\/script>\n<!-- \/ Yoast SEO plugin. -->","yoast_head_json":{"title":"Nopper im Faschings-Fieber: Der OB feiert mit den Narren im Rathaus - STUGGI.TV","robots":{"index":"index","follow":"follow","max-snippet":"max-snippet:-1","max-image-preview":"max-image-preview:large","max-video-preview":"max-video-preview:-1"},"canonical":"http:\/\/stuggitv.com\/?p=86820","og_locale":"de_DE","og_type":"article","og_title":"Nopper im Faschings-Fieber: Der OB feiert mit den Narren im Rathaus - STUGGI.TV","og_description":"Narren st\u00fcrmen das Stuttgarter Rathaus Oberbu\u0308rgermeister Frank Nopper hat am heutigen Rosenmontag das Fest-Komitee des Stuttgarter Karnevals im Rathaus begr\u00fc\u00dft. P\u00fcnktlich um 11:11 Uhr \u00fcbernahmen die Narren das Regiment. Traurig sah man Nopper deswegen nicht. Im Gegenteil: Das Stadtoberhaupt verspr\u00fchte [&hellip;]","og_url":"http:\/\/stuggitv.com\/?p=86820","og_site_name":"STUGGI.TV","article_publisher":"https:\/\/www.facebook.com\/stuggitv","article_published_time":"2023-02-20T16:31:32+00:00","article_modified_time":"2023-02-22T13:11:49+00:00","og_image":[{"width":1500,"height":1000,"url":"http:\/\/stuggitv.com\/wp-content\/uploads\/Fasching-Rathaus-Nopper_BB_Foto_STUGGITV.jpg","type":"image\/jpeg"}],"author":"Cosima Boenke","twitter_card":"summary_large_image","twitter_creator":"@stuggitv","twitter_site":"@stuggitv","twitter_misc":{"Verfasst von":"Cosima Boenke","Gesch\u00e4tzte Lesezeit":"1\u00a0Minute"},"schema":{"@context":"https:\/\/schema.org","@graph":[{"@type":"Article","@id":"http:\/\/stuggitv.com\/?p=86820#article","isPartOf":{"@id":"http:\/\/stuggitv.com\/?p=86820"},"author":{"name":"Cosima Boenke","@id":"http:\/\/stuggitv.com\/#\/schema\/person\/3a72bf74882dbe4162d8f0518454d829"},"headline":"Nopper im Faschings-Fieber: Der OB feiert mit den Narren im Rathaus","datePublished":"2023-02-20T16:31:32+00:00","dateModified":"2023-02-22T13:11:49+00:00","mainEntityOfPage":{"@id":"http:\/\/stuggitv.com\/?p=86820"},"wordCount":191,"publisher":{"@id":"http:\/\/stuggitv.com\/#organization"},"image":{"@id":"http:\/\/stuggitv.com\/?p=86820#primaryimage"},"thumbnailUrl":"http:\/\/stuggitv.com\/wp-content\/uploads\/Fasching-Rathaus-Nopper_BB_Foto_STUGGITV.jpg","keywords":["Anita R\u00f6sslein","Fasching","Fasching in Stuttgart","Fasnet","Fasnet in Stuttgart","Frank Nopper","Narren in Stuttgart","OB Frank Nopper","Rathaus Stuttgart","Rosenmontag","Stadtprinz Stuttgart","Stuttgart","Thomas Klingenberg"],"articleSection":["NEWS"],"inLanguage":"de"},{"@type":"WebPage","@id":"http:\/\/stuggitv.com\/?p=86820","url":"http:\/\/stuggitv.com\/?p=86820","name":"Nopper im Faschings-Fieber: Der OB feiert mit den Narren im Rathaus - STUGGI.TV","isPartOf":{"@id":"http:\/\/stuggitv.com\/#website"},"primaryImageOfPage":{"@id":"http:\/\/stuggitv.com\/?p=86820#primaryimage"},"image":{"@id":"http:\/\/stuggitv.com\/?p=86820#primaryimage"},"thumbnailUrl":"http:\/\/stuggitv.com\/wp-content\/uploads\/Fasching-Rathaus-Nopper_BB_Foto_STUGGITV.jpg","datePublished":"2023-02-20T16:31:32+00:00","dateModified":"2023-02-22T13:11:49+00:00","breadcrumb":{"@id":"http:\/\/stuggitv.com\/?p=86820#breadcrumb"},"inLanguage":"de","potentialAction":[{"@type":"ReadAction","target":["http:\/\/stuggitv.com\/?p=86820"]}]},{"@type":"ImageObject","inLanguage":"de","@id":"http:\/\/stuggitv.com\/?p=86820#primaryimage","url":"http:\/\/stuggitv.com\/wp-content\/uploads\/Fasching-Rathaus-Nopper_BB_Foto_STUGGITV.jpg","contentUrl":"http:\/\/stuggitv.com\/wp-content\/uploads\/Fasching-Rathaus-Nopper_BB_Foto_STUGGITV.jpg","width":1500,"height":1000,"caption":"Nopper im Faschings-Fieber: Der OB feiert mit den Narren im Rathaus (Foto: STUGGI.TV)"},{"@type":"BreadcrumbList","@id":"http:\/\/stuggitv.com\/?p=86820#breadcrumb","itemListElement":[{"@type":"ListItem","position":1,"name":"STUGGI.TV","item":"http:\/\/stuggitv.com\/"},{"@type":"ListItem","position":2,"name":"Nopper im Faschings-Fieber: Der OB feiert mit den Narren im Rathaus"}]},{"@type":"WebSite","@id":"http:\/\/stuggitv.com\/#website","url":"http:\/\/stuggitv.com\/","name":"STUGGI.TV","description":"Der Onlinesender f\u00fcr Stuttgart","publisher":{"@id":"http:\/\/stuggitv.com\/#organization"},"potentialAction":[{"@type":"SearchAction","target":{"@type":"EntryPoint","urlTemplate":"http:\/\/stuggitv.com\/?s={search_term_string}"},"query-input":{"@type":"PropertyValueSpecification","valueRequired":true,"valueName":"search_term_string"}}],"inLanguage":"de"},{"@type":"Organization","@id":"http:\/\/stuggitv.com\/#organization","name":"STUGGI.TV","url":"http:\/\/stuggitv.com\/","logo":{"@type":"ImageObject","inLanguage":"de","@id":"http:\/\/stuggitv.com\/#\/schema\/logo\/image\/","url":"http:\/\/stuggitv.com\/wp-content\/uploads\/stuggitv_logo_rgb.jpg","contentUrl":"http:\/\/stuggitv.com\/wp-content\/uploads\/stuggitv_logo_rgb.jpg","width":320,"height":78,"caption":"STUGGI.TV"},"image":{"@id":"http:\/\/stuggitv.com\/#\/schema\/logo\/image\/"},"sameAs":["https:\/\/www.facebook.com\/stuggitv","https:\/\/x.com\/stuggitv"]},{"@type":"Person","@id":"http:\/\/stuggitv.com\/#\/schema\/person\/3a72bf74882dbe4162d8f0518454d829","name":"Cosima Boenke","image":{"@type":"ImageObject","inLanguage":"de","@id":"http:\/\/stuggitv.com\/#\/schema\/person\/image\/","url":"https:\/\/secure.gravatar.com\/avatar\/1be38108ab47df2002011680da1996e6bdfe3e808d75adbc6037b9bb82ed5093?s=96&d=mm&r=g","contentUrl":"https:\/\/secure.gravatar.com\/avatar\/1be38108ab47df2002011680da1996e6bdfe3e808d75adbc6037b9bb82ed5093?s=96&d=mm&r=g","caption":"Cosima Boenke"},"description":"...ich liebe die vielen Aussichtspunkte mit Blick auf den Kessel und der schnelle Weg in die sch\u00f6nen Weinberge.","url":"http:\/\/stuggitv.com\/?author=22105"}]}},"_links":{"self":[{"href":"http:\/\/stuggitv.com\/index.php?rest_route=\/wp\/v2\/posts\/86820","targetHints":{"allow":["GET"]}}],"collection":[{"href":"http:\/\/stuggitv.com\/index.php?rest_route=\/wp\/v2\/posts"}],"about":[{"href":"http:\/\/stuggitv.com\/index.php?rest_route=\/wp\/v2\/types\/post"}],"author":[{"embeddable":true,"href":"http:\/\/stuggitv.com\/index.php?rest_route=\/wp\/v2\/users\/22105"}],"replies":[{"embeddable":true,"href":"http:\/\/stuggitv.com\/index.php?rest_route=%2Fwp%2Fv2%2Fcomments&post=86820"}],"version-history":[{"count":7,"href":"http:\/\/stuggitv.com\/index.php?rest_route=\/wp\/v2\/posts\/86820\/revisions"}],"predecessor-version":[{"id":87003,"href":"http:\/\/stuggitv.com\/index.php?rest_route=\/wp\/v2\/posts\/86820\/revisions\/87003"}],"wp:featuredmedia":[{"embeddable":true,"href":"http:\/\/stuggitv.com\/index.php?rest_route=\/wp\/v2\/media\/86915"}],"wp:attachment":[{"href":"http:\/\/stuggitv.com\/index.php?rest_route=%2Fwp%2Fv2%2Fmedia&parent=86820"}],"wp:term":[{"taxonomy":"category","embeddable":true,"href":"http:\/\/stuggitv.com\/index.php?rest_route=%2Fwp%2Fv2%2Fcategories&post=86820"},{"taxonomy":"post_tag","embeddable":true,"href":"http:\/\/stuggitv.com\/index.php?rest_route=%2Fwp%2Fv2%2Ftags&post=86820"}],"curies":[{"name":"wp","href":"https:\/\/api.w.org\/{rel}","templated":true}]}}