{"id":87877,"date":"2023-03-21T14:37:07","date_gmt":"2023-03-21T13:37:07","guid":{"rendered":"https:\/\/www.stuggi.tv\/?p=87877"},"modified":"2023-03-21T14:43:31","modified_gmt":"2023-03-21T13:43:31","slug":"freche-ssb-kampagne-soll-fuer-auto-abschaffung-werben","status":"publish","type":"post","link":"http:\/\/stuggitv.com\/?p=87877","title":{"rendered":"Freche SSB-Kampagne soll f\u00fcr Auto-Abschaffung werben"},"content":{"rendered":"<h4>In gelbe Planen eingepackte Autos<\/h4>\n<p>Etliche Autos quer durch Stuttgart sind in den letzten zwei Wochen mit gelben Planen \u00fcberzogen worden. Verantwortlich daf\u00fcr sind kreative Menschen der Stuttgarter Agentur &#8222;Hey David&#8220; im Auftrag der SSB. Auf den Planen standen Spr\u00fcche wie \u201ePark Dein Geld lieber woanders.\u201c, \u201eDas Parkzeitalter ist abgelaufen.\u201c oder \u201eUnter dieser Plane steckt ein Auslaufmodell.\u201c Mit diesem &#8222;Verpackungsmaterial&#8220;, das verschieden gro\u00df war, also f\u00fcr den SUV wie f\u00fcr den Smart geeignet, wurden Autos eingepackt. Und zwar vor allem dort, wo das Verkehrsaufkommen und die Parkplatznot am gr\u00f6\u00dften sind, etwa im Lehenviertel, an der Theodor-Heuss-Stra\u00dfe und im Stuttgarter Westen. &#8222;Plakate kennt jeder, das ist nicht wirklich auff\u00e4llig. Wir wollten etwas neues wagen, was auf jeden Fall heraussticht&#8220;, sagt Jonas Ruch, einer der zwei Gesch\u00e4ftsf\u00fchrer der Agentur.<\/p>\n<h4>&#8222;Guerilla-Aktion&#8220; soll f\u00fcr Gespr\u00e4chsstoff sorgen<\/h4>\n<p>Mit dieser &#8222;Guerilla-Aktion&#8220; wird die SSB-Kampagne \u201eZeiten a\u0308ndern sich. Mobilita\u0308t auch\u201c im wahrsten Sinne des Wortes auf die Stra\u00dfe gebracht. Und genau auf diesen Stra\u00dfen soll die Situation entspannt werden. Die Autos f\u00fcr die Aktion seien genau ausgew\u00e4hlt worden. &#8222;Wir wollten den Autofahrern den Spiegel vor die Nase halten&#8220;, so Ruch. Die Fahrer seien jedoch gefragt worden, bevor die Plane \u00fcber das Auto gelegt wurde. Die Aktion soll f\u00fcr Gespr\u00e4chsstoff sorgen und damit zum Nachdenken anregen. Langfristig soll die Kampagne dazu f\u00fchren, dass weniger Autos in Stuttgart fahren und mehr Menschen auf Bus und Bahn umsteigen. Die Neugier der Passanten habe es jedenfalls schon geweckt. Die Planen sind noch vorhanden, vielleicht werden in n\u00e4chster Zeit also noch weitere Autos in Stuttgart eingepackt.<\/p>\n","protected":false},"excerpt":{"rendered":"<p>In gelbe Planen eingepackte Autos Etliche Autos quer durch Stuttgart sind in den letzten zwei Wochen mit gelben Planen \u00fcberzogen worden. Verantwortlich daf\u00fcr sind kreative Menschen der Stuttgarter Agentur &#8222;Hey David&#8220; im Auftrag der SSB. Auf den Planen standen Spr\u00fcche [&hellip;]<\/p>\n","protected":false},"author":14,"featured_media":87890,"comment_status":"closed","ping_status":"closed","sticky":false,"template":"","format":"standard","meta":{"footnotes":""},"categories":[626],"tags":[2000,6036,6037,1990,361,54],"class_list":["post-87877","post","type-post","status-publish","format-standard","has-post-thumbnail","hentry","category-stuttgart-heute","tag-autos-in-stuttgart","tag-hey-david","tag-jonas-ruch","tag-oepnv-in-stuttgart","tag-ssb","tag-stuttgart"],"read":true,"yoast_head":"<!-- This site is optimized with the Yoast SEO plugin v27.1.1 - https:\/\/yoast.com\/product\/yoast-seo-wordpress\/ -->\n<title>Freche SSB-Kampagne soll f\u00fcr Auto-Abschaffung werben - STUGGI.TV<\/title>\n<meta name=\"robots\" content=\"index, follow, max-snippet:-1, max-image-preview:large, max-video-preview:-1\" \/>\n<link rel=\"canonical\" href=\"http:\/\/stuggitv.com\/?p=87877\" \/>\n<meta property=\"og:locale\" content=\"de_DE\" \/>\n<meta property=\"og:type\" content=\"article\" \/>\n<meta property=\"og:title\" content=\"Freche SSB-Kampagne soll f\u00fcr Auto-Abschaffung werben - STUGGI.TV\" \/>\n<meta property=\"og:description\" content=\"In gelbe Planen eingepackte Autos Etliche Autos quer durch Stuttgart sind in den letzten zwei Wochen mit gelben Planen \u00fcberzogen worden. Verantwortlich daf\u00fcr sind kreative Menschen der Stuttgarter Agentur &#8222;Hey David&#8220; im Auftrag der SSB. Auf den Planen standen Spr\u00fcche [&hellip;]\" \/>\n<meta property=\"og:url\" content=\"http:\/\/stuggitv.com\/?p=87877\" \/>\n<meta property=\"og:site_name\" content=\"STUGGI.TV\" \/>\n<meta property=\"article:publisher\" content=\"https:\/\/www.facebook.com\/stuggitv\" \/>\n<meta property=\"article:published_time\" content=\"2023-03-21T13:37:07+00:00\" \/>\n<meta property=\"article:modified_time\" content=\"2023-03-21T13:43:31+00:00\" \/>\n<meta property=\"og:image\" content=\"http:\/\/stuggitv.com\/wp-content\/uploads\/SSB-Kampagne_6_BB_Foto_Ex.jpg\" \/>\n\t<meta property=\"og:image:width\" content=\"1500\" \/>\n\t<meta property=\"og:image:height\" content=\"1000\" \/>\n\t<meta property=\"og:image:type\" content=\"image\/jpeg\" \/>\n<meta name=\"author\" content=\"Johannes Frank\" \/>\n<meta name=\"twitter:card\" content=\"summary_large_image\" \/>\n<meta name=\"twitter:creator\" content=\"@stuggitv\" \/>\n<meta name=\"twitter:site\" content=\"@stuggitv\" \/>\n<meta name=\"twitter:label1\" content=\"Verfasst von\" \/>\n\t<meta name=\"twitter:data1\" content=\"Johannes Frank\" \/>\n\t<meta name=\"twitter:label2\" content=\"Gesch\u00e4tzte Lesezeit\" \/>\n\t<meta name=\"twitter:data2\" content=\"2\u00a0Minuten\" \/>\n<script type=\"application\/ld+json\" class=\"yoast-schema-graph\">{\"@context\":\"https:\/\/schema.org\",\"@graph\":[{\"@type\":\"Article\",\"@id\":\"http:\/\/stuggitv.com\/?p=87877#article\",\"isPartOf\":{\"@id\":\"http:\/\/stuggitv.com\/?p=87877\"},\"author\":{\"name\":\"Johannes Frank\",\"@id\":\"http:\/\/stuggitv.com\/#\/schema\/person\/46d868c673a78d677a41aa95821c66ec\"},\"headline\":\"Freche SSB-Kampagne soll f\u00fcr Auto-Abschaffung werben\",\"datePublished\":\"2023-03-21T13:37:07+00:00\",\"dateModified\":\"2023-03-21T13:43:31+00:00\",\"mainEntityOfPage\":{\"@id\":\"http:\/\/stuggitv.com\/?p=87877\"},\"wordCount\":282,\"publisher\":{\"@id\":\"http:\/\/stuggitv.com\/#organization\"},\"image\":{\"@id\":\"http:\/\/stuggitv.com\/?p=87877#primaryimage\"},\"thumbnailUrl\":\"http:\/\/stuggitv.com\/wp-content\/uploads\/SSB-Kampagne_6_BB_Foto_Ex.jpg\",\"keywords\":[\"Autos in Stuttgart\",\"Hey David\",\"Jonas Ruch\",\"\u00d6PNV in Stuttgart\",\"SSB\",\"Stuttgart\"],\"articleSection\":[\"Stuttgart heute\"],\"inLanguage\":\"de\"},{\"@type\":\"WebPage\",\"@id\":\"http:\/\/stuggitv.com\/?p=87877\",\"url\":\"http:\/\/stuggitv.com\/?p=87877\",\"name\":\"Freche SSB-Kampagne soll f\u00fcr Auto-Abschaffung werben - STUGGI.TV\",\"isPartOf\":{\"@id\":\"http:\/\/stuggitv.com\/#website\"},\"primaryImageOfPage\":{\"@id\":\"http:\/\/stuggitv.com\/?p=87877#primaryimage\"},\"image\":{\"@id\":\"http:\/\/stuggitv.com\/?p=87877#primaryimage\"},\"thumbnailUrl\":\"http:\/\/stuggitv.com\/wp-content\/uploads\/SSB-Kampagne_6_BB_Foto_Ex.jpg\",\"datePublished\":\"2023-03-21T13:37:07+00:00\",\"dateModified\":\"2023-03-21T13:43:31+00:00\",\"breadcrumb\":{\"@id\":\"http:\/\/stuggitv.com\/?p=87877#breadcrumb\"},\"inLanguage\":\"de\",\"potentialAction\":[{\"@type\":\"ReadAction\",\"target\":[\"http:\/\/stuggitv.com\/?p=87877\"]}]},{\"@type\":\"ImageObject\",\"inLanguage\":\"de\",\"@id\":\"http:\/\/stuggitv.com\/?p=87877#primaryimage\",\"url\":\"http:\/\/stuggitv.com\/wp-content\/uploads\/SSB-Kampagne_6_BB_Foto_Ex.jpg\",\"contentUrl\":\"http:\/\/stuggitv.com\/wp-content\/uploads\/SSB-Kampagne_6_BB_Foto_Ex.jpg\",\"width\":1500,\"height\":1000,\"caption\":\"Foto: Agentur Hey David\"},{\"@type\":\"BreadcrumbList\",\"@id\":\"http:\/\/stuggitv.com\/?p=87877#breadcrumb\",\"itemListElement\":[{\"@type\":\"ListItem\",\"position\":1,\"name\":\"STUGGI.TV\",\"item\":\"http:\/\/stuggitv.com\/\"},{\"@type\":\"ListItem\",\"position\":2,\"name\":\"Freche SSB-Kampagne soll f\u00fcr Auto-Abschaffung werben\"}]},{\"@type\":\"WebSite\",\"@id\":\"http:\/\/stuggitv.com\/#website\",\"url\":\"http:\/\/stuggitv.com\/\",\"name\":\"STUGGI.TV\",\"description\":\"Der Onlinesender f\u00fcr Stuttgart\",\"publisher\":{\"@id\":\"http:\/\/stuggitv.com\/#organization\"},\"potentialAction\":[{\"@type\":\"SearchAction\",\"target\":{\"@type\":\"EntryPoint\",\"urlTemplate\":\"http:\/\/stuggitv.com\/?s={search_term_string}\"},\"query-input\":{\"@type\":\"PropertyValueSpecification\",\"valueRequired\":true,\"valueName\":\"search_term_string\"}}],\"inLanguage\":\"de\"},{\"@type\":\"Organization\",\"@id\":\"http:\/\/stuggitv.com\/#organization\",\"name\":\"STUGGI.TV\",\"url\":\"http:\/\/stuggitv.com\/\",\"logo\":{\"@type\":\"ImageObject\",\"inLanguage\":\"de\",\"@id\":\"http:\/\/stuggitv.com\/#\/schema\/logo\/image\/\",\"url\":\"http:\/\/stuggitv.com\/wp-content\/uploads\/stuggitv_logo_rgb.jpg\",\"contentUrl\":\"http:\/\/stuggitv.com\/wp-content\/uploads\/stuggitv_logo_rgb.jpg\",\"width\":320,\"height\":78,\"caption\":\"STUGGI.TV\"},\"image\":{\"@id\":\"http:\/\/stuggitv.com\/#\/schema\/logo\/image\/\"},\"sameAs\":[\"https:\/\/www.facebook.com\/stuggitv\",\"https:\/\/x.com\/stuggitv\"]},{\"@type\":\"Person\",\"@id\":\"http:\/\/stuggitv.com\/#\/schema\/person\/46d868c673a78d677a41aa95821c66ec\",\"name\":\"Johannes Frank\",\"image\":{\"@type\":\"ImageObject\",\"inLanguage\":\"de\",\"@id\":\"http:\/\/stuggitv.com\/#\/schema\/person\/image\/\",\"url\":\"https:\/\/secure.gravatar.com\/avatar\/47ed3c010fd35e7aa6f92f9a11c0a605fddea06ac0ef5c2217a407ee29b31bc2?s=96&d=mm&r=g\",\"contentUrl\":\"https:\/\/secure.gravatar.com\/avatar\/47ed3c010fd35e7aa6f92f9a11c0a605fddea06ac0ef5c2217a407ee29b31bc2?s=96&d=mm&r=g\",\"caption\":\"Johannes Frank\"},\"description\":\"\u2026weils do oifach schee isch ond emmr ebbes zom Entdecka gibt.\",\"url\":\"http:\/\/stuggitv.com\/?author=14\"}]}<\/script>\n<!-- \/ Yoast SEO plugin. -->","yoast_head_json":{"title":"Freche SSB-Kampagne soll f\u00fcr Auto-Abschaffung werben - STUGGI.TV","robots":{"index":"index","follow":"follow","max-snippet":"max-snippet:-1","max-image-preview":"max-image-preview:large","max-video-preview":"max-video-preview:-1"},"canonical":"http:\/\/stuggitv.com\/?p=87877","og_locale":"de_DE","og_type":"article","og_title":"Freche SSB-Kampagne soll f\u00fcr Auto-Abschaffung werben - STUGGI.TV","og_description":"In gelbe Planen eingepackte Autos Etliche Autos quer durch Stuttgart sind in den letzten zwei Wochen mit gelben Planen \u00fcberzogen worden. Verantwortlich daf\u00fcr sind kreative Menschen der Stuttgarter Agentur &#8222;Hey David&#8220; im Auftrag der SSB. Auf den Planen standen Spr\u00fcche [&hellip;]","og_url":"http:\/\/stuggitv.com\/?p=87877","og_site_name":"STUGGI.TV","article_publisher":"https:\/\/www.facebook.com\/stuggitv","article_published_time":"2023-03-21T13:37:07+00:00","article_modified_time":"2023-03-21T13:43:31+00:00","og_image":[{"width":1500,"height":1000,"url":"http:\/\/stuggitv.com\/wp-content\/uploads\/SSB-Kampagne_6_BB_Foto_Ex.jpg","type":"image\/jpeg"}],"author":"Johannes Frank","twitter_card":"summary_large_image","twitter_creator":"@stuggitv","twitter_site":"@stuggitv","twitter_misc":{"Verfasst von":"Johannes Frank","Gesch\u00e4tzte Lesezeit":"2\u00a0Minuten"},"schema":{"@context":"https:\/\/schema.org","@graph":[{"@type":"Article","@id":"http:\/\/stuggitv.com\/?p=87877#article","isPartOf":{"@id":"http:\/\/stuggitv.com\/?p=87877"},"author":{"name":"Johannes Frank","@id":"http:\/\/stuggitv.com\/#\/schema\/person\/46d868c673a78d677a41aa95821c66ec"},"headline":"Freche SSB-Kampagne soll f\u00fcr Auto-Abschaffung werben","datePublished":"2023-03-21T13:37:07+00:00","dateModified":"2023-03-21T13:43:31+00:00","mainEntityOfPage":{"@id":"http:\/\/stuggitv.com\/?p=87877"},"wordCount":282,"publisher":{"@id":"http:\/\/stuggitv.com\/#organization"},"image":{"@id":"http:\/\/stuggitv.com\/?p=87877#primaryimage"},"thumbnailUrl":"http:\/\/stuggitv.com\/wp-content\/uploads\/SSB-Kampagne_6_BB_Foto_Ex.jpg","keywords":["Autos in Stuttgart","Hey David","Jonas Ruch","\u00d6PNV in Stuttgart","SSB","Stuttgart"],"articleSection":["Stuttgart heute"],"inLanguage":"de"},{"@type":"WebPage","@id":"http:\/\/stuggitv.com\/?p=87877","url":"http:\/\/stuggitv.com\/?p=87877","name":"Freche SSB-Kampagne soll f\u00fcr Auto-Abschaffung werben - STUGGI.TV","isPartOf":{"@id":"http:\/\/stuggitv.com\/#website"},"primaryImageOfPage":{"@id":"http:\/\/stuggitv.com\/?p=87877#primaryimage"},"image":{"@id":"http:\/\/stuggitv.com\/?p=87877#primaryimage"},"thumbnailUrl":"http:\/\/stuggitv.com\/wp-content\/uploads\/SSB-Kampagne_6_BB_Foto_Ex.jpg","datePublished":"2023-03-21T13:37:07+00:00","dateModified":"2023-03-21T13:43:31+00:00","breadcrumb":{"@id":"http:\/\/stuggitv.com\/?p=87877#breadcrumb"},"inLanguage":"de","potentialAction":[{"@type":"ReadAction","target":["http:\/\/stuggitv.com\/?p=87877"]}]},{"@type":"ImageObject","inLanguage":"de","@id":"http:\/\/stuggitv.com\/?p=87877#primaryimage","url":"http:\/\/stuggitv.com\/wp-content\/uploads\/SSB-Kampagne_6_BB_Foto_Ex.jpg","contentUrl":"http:\/\/stuggitv.com\/wp-content\/uploads\/SSB-Kampagne_6_BB_Foto_Ex.jpg","width":1500,"height":1000,"caption":"Foto: Agentur Hey David"},{"@type":"BreadcrumbList","@id":"http:\/\/stuggitv.com\/?p=87877#breadcrumb","itemListElement":[{"@type":"ListItem","position":1,"name":"STUGGI.TV","item":"http:\/\/stuggitv.com\/"},{"@type":"ListItem","position":2,"name":"Freche SSB-Kampagne soll f\u00fcr Auto-Abschaffung werben"}]},{"@type":"WebSite","@id":"http:\/\/stuggitv.com\/#website","url":"http:\/\/stuggitv.com\/","name":"STUGGI.TV","description":"Der Onlinesender f\u00fcr Stuttgart","publisher":{"@id":"http:\/\/stuggitv.com\/#organization"},"potentialAction":[{"@type":"SearchAction","target":{"@type":"EntryPoint","urlTemplate":"http:\/\/stuggitv.com\/?s={search_term_string}"},"query-input":{"@type":"PropertyValueSpecification","valueRequired":true,"valueName":"search_term_string"}}],"inLanguage":"de"},{"@type":"Organization","@id":"http:\/\/stuggitv.com\/#organization","name":"STUGGI.TV","url":"http:\/\/stuggitv.com\/","logo":{"@type":"ImageObject","inLanguage":"de","@id":"http:\/\/stuggitv.com\/#\/schema\/logo\/image\/","url":"http:\/\/stuggitv.com\/wp-content\/uploads\/stuggitv_logo_rgb.jpg","contentUrl":"http:\/\/stuggitv.com\/wp-content\/uploads\/stuggitv_logo_rgb.jpg","width":320,"height":78,"caption":"STUGGI.TV"},"image":{"@id":"http:\/\/stuggitv.com\/#\/schema\/logo\/image\/"},"sameAs":["https:\/\/www.facebook.com\/stuggitv","https:\/\/x.com\/stuggitv"]},{"@type":"Person","@id":"http:\/\/stuggitv.com\/#\/schema\/person\/46d868c673a78d677a41aa95821c66ec","name":"Johannes Frank","image":{"@type":"ImageObject","inLanguage":"de","@id":"http:\/\/stuggitv.com\/#\/schema\/person\/image\/","url":"https:\/\/secure.gravatar.com\/avatar\/47ed3c010fd35e7aa6f92f9a11c0a605fddea06ac0ef5c2217a407ee29b31bc2?s=96&d=mm&r=g","contentUrl":"https:\/\/secure.gravatar.com\/avatar\/47ed3c010fd35e7aa6f92f9a11c0a605fddea06ac0ef5c2217a407ee29b31bc2?s=96&d=mm&r=g","caption":"Johannes Frank"},"description":"\u2026weils do oifach schee isch ond emmr ebbes zom Entdecka gibt.","url":"http:\/\/stuggitv.com\/?author=14"}]}},"_links":{"self":[{"href":"http:\/\/stuggitv.com\/index.php?rest_route=\/wp\/v2\/posts\/87877","targetHints":{"allow":["GET"]}}],"collection":[{"href":"http:\/\/stuggitv.com\/index.php?rest_route=\/wp\/v2\/posts"}],"about":[{"href":"http:\/\/stuggitv.com\/index.php?rest_route=\/wp\/v2\/types\/post"}],"author":[{"embeddable":true,"href":"http:\/\/stuggitv.com\/index.php?rest_route=\/wp\/v2\/users\/14"}],"replies":[{"embeddable":true,"href":"http:\/\/stuggitv.com\/index.php?rest_route=%2Fwp%2Fv2%2Fcomments&post=87877"}],"version-history":[{"count":6,"href":"http:\/\/stuggitv.com\/index.php?rest_route=\/wp\/v2\/posts\/87877\/revisions"}],"predecessor-version":[{"id":87899,"href":"http:\/\/stuggitv.com\/index.php?rest_route=\/wp\/v2\/posts\/87877\/revisions\/87899"}],"wp:featuredmedia":[{"embeddable":true,"href":"http:\/\/stuggitv.com\/index.php?rest_route=\/wp\/v2\/media\/87890"}],"wp:attachment":[{"href":"http:\/\/stuggitv.com\/index.php?rest_route=%2Fwp%2Fv2%2Fmedia&parent=87877"}],"wp:term":[{"taxonomy":"category","embeddable":true,"href":"http:\/\/stuggitv.com\/index.php?rest_route=%2Fwp%2Fv2%2Fcategories&post=87877"},{"taxonomy":"post_tag","embeddable":true,"href":"http:\/\/stuggitv.com\/index.php?rest_route=%2Fwp%2Fv2%2Ftags&post=87877"}],"curies":[{"name":"wp","href":"https:\/\/api.w.org\/{rel}","templated":true}]}}