{"id":88343,"date":"2023-04-05T09:35:21","date_gmt":"2023-04-05T07:35:21","guid":{"rendered":"https:\/\/www.stuggi.tv\/?p=88343"},"modified":"2023-04-05T15:01:58","modified_gmt":"2023-04-05T13:01:58","slug":"ist-sebastian-hoeness-der-richtige-fuer-den-vfb-stuttgart","status":"publish","type":"post","link":"http:\/\/stuggitv.com\/?p=88343","title":{"rendered":"Ist Sebastian Hoene\u00df der Richtige f\u00fcr den VfB Stuttgart?"},"content":{"rendered":"<h4>Mission Klassenerhalt f\u00fcr den neuen Trainer<\/h4>\n<p>24 Punkte sind noch zu holen. Punkte, die der VfB Stuttgart dringend brauchen kann. F\u00fcr den neuen VfB-Trainer Sebastian Hoene\u00df, der die Nachfolge des gl\u00fccklosen Bruno Labbadia angetreten hat, geht es direkt los. Schon heute Abend geht es im Pokal gegen den 1. FC N\u00fcrnberg um den Einzug ins Halbfinale. Noch wichtiger werden allerdings die Wochen danach. Acht Spiele bleiben dem VfB in der Bundesliga noch, um den Abstieg zu verhindern. Eine Herkulesaufgabe f\u00fcr die Mannschaft und den neuen Trainer Hoene\u00df. Kann der ehemalige Hoffenheim-Coach der jungen VfB-Mannschaft wieder Leben einhauchen und im Abstiegskampf bestehen? Wir haben uns dazu mit drei Experten unterhalten, die sich t\u00e4glich mit dem VfB besch\u00e4ftigen.<\/p>\n<h4>Mit Emotionen zum Erfolg?<\/h4>\n<p>Sebastian Hoene\u00df hat selbst eine Stuttgarter Vergangenheit, hat als kleiner Junge schon im Stadion mitgefiebert und in der Jugend beim VfB gespielt. \u201eDer VfB ist f\u00fcr mich Emotion, etwas besonderes\u201c, sagt Hoene\u00df. Diese Emotionen muss der neue Trainer nun in die Mannschaft bringen. Das ist den Spielern in den letzten Wochen abhanden gekommen. \u201eDie Zeit ist knapp, da ist es extrem wichtig, mit einem Schuss Pragmatismus rangehen\u201c, meint Hoene\u00df weiter. Er sehe eine Mannschaft mit viel Potenzial und St\u00e4rken sowie individueller Qualit\u00e4t, das m\u00fcsse man jetzt aussch\u00f6pfen. Aber: \u201eWir m\u00fcssen geschlossen als Mannschaft agieren\u201c. Dabei sei das Spielsystem nicht entscheidend, sondern wie das Team auf dem Platz auftrete.<\/p>\n","protected":false},"excerpt":{"rendered":"<p>Mission Klassenerhalt f\u00fcr den neuen Trainer 24 Punkte sind noch zu holen. Punkte, die der VfB Stuttgart dringend brauchen kann. F\u00fcr den neuen VfB-Trainer Sebastian Hoene\u00df, der die Nachfolge des gl\u00fccklosen Bruno Labbadia angetreten hat, geht es direkt los. Schon [&hellip;]<\/p>\n","protected":false},"author":14,"featured_media":88346,"comment_status":"closed","ping_status":"closed","sticky":false,"template":"","format":"standard","meta":{"footnotes":""},"categories":[30],"tags":[2702,3681,54,280,279],"class_list":["post-88343","post","type-post","status-publish","format-standard","has-post-thumbnail","hentry","category-sport","tag-hoeness","tag-sebastian-hoeness","tag-stuttgart","tag-vfb","tag-vfb-stuttgart"],"read":true,"yoast_head":"<!-- This site is optimized with the Yoast SEO plugin v27.1.1 - https:\/\/yoast.com\/product\/yoast-seo-wordpress\/ -->\n<title>Ist Sebastian Hoene\u00df der Richtige f\u00fcr den VfB Stuttgart? - STUGGI.TV<\/title>\n<meta name=\"robots\" content=\"index, follow, max-snippet:-1, max-image-preview:large, max-video-preview:-1\" \/>\n<link rel=\"canonical\" href=\"http:\/\/stuggitv.com\/?p=88343\" \/>\n<meta property=\"og:locale\" content=\"de_DE\" \/>\n<meta property=\"og:type\" content=\"article\" \/>\n<meta property=\"og:title\" content=\"Ist Sebastian Hoene\u00df der Richtige f\u00fcr den VfB Stuttgart? - STUGGI.TV\" \/>\n<meta property=\"og:description\" content=\"Mission Klassenerhalt f\u00fcr den neuen Trainer 24 Punkte sind noch zu holen. Punkte, die der VfB Stuttgart dringend brauchen kann. F\u00fcr den neuen VfB-Trainer Sebastian Hoene\u00df, der die Nachfolge des gl\u00fccklosen Bruno Labbadia angetreten hat, geht es direkt los. Schon [&hellip;]\" \/>\n<meta property=\"og:url\" content=\"http:\/\/stuggitv.com\/?p=88343\" \/>\n<meta property=\"og:site_name\" content=\"STUGGI.TV\" \/>\n<meta property=\"article:publisher\" content=\"https:\/\/www.facebook.com\/stuggitv\" \/>\n<meta property=\"article:published_time\" content=\"2023-04-05T07:35:21+00:00\" \/>\n<meta property=\"article:modified_time\" content=\"2023-04-05T13:01:58+00:00\" \/>\n<meta property=\"og:image\" content=\"http:\/\/stuggitv.com\/wp-content\/uploads\/Wohlgemuth-Hoeness-Wehrle-VfB_BB_Foto_STUGGITV.jpg\" \/>\n\t<meta property=\"og:image:width\" content=\"1500\" \/>\n\t<meta property=\"og:image:height\" content=\"1000\" \/>\n\t<meta property=\"og:image:type\" content=\"image\/jpeg\" \/>\n<meta name=\"author\" content=\"Johannes Frank\" \/>\n<meta name=\"twitter:card\" content=\"summary_large_image\" \/>\n<meta name=\"twitter:creator\" content=\"@stuggitv\" \/>\n<meta name=\"twitter:site\" content=\"@stuggitv\" \/>\n<meta name=\"twitter:label1\" content=\"Verfasst von\" \/>\n\t<meta name=\"twitter:data1\" content=\"Johannes Frank\" \/>\n\t<meta name=\"twitter:label2\" content=\"Gesch\u00e4tzte Lesezeit\" \/>\n\t<meta name=\"twitter:data2\" content=\"2\u00a0Minuten\" \/>\n<script type=\"application\/ld+json\" class=\"yoast-schema-graph\">{\"@context\":\"https:\/\/schema.org\",\"@graph\":[{\"@type\":\"Article\",\"@id\":\"http:\/\/stuggitv.com\/?p=88343#article\",\"isPartOf\":{\"@id\":\"http:\/\/stuggitv.com\/?p=88343\"},\"author\":{\"name\":\"Johannes Frank\",\"@id\":\"http:\/\/stuggitv.com\/#\/schema\/person\/46d868c673a78d677a41aa95821c66ec\"},\"headline\":\"Ist Sebastian Hoene\u00df der Richtige f\u00fcr den VfB Stuttgart?\",\"datePublished\":\"2023-04-05T07:35:21+00:00\",\"dateModified\":\"2023-04-05T13:01:58+00:00\",\"mainEntityOfPage\":{\"@id\":\"http:\/\/stuggitv.com\/?p=88343\"},\"wordCount\":249,\"publisher\":{\"@id\":\"http:\/\/stuggitv.com\/#organization\"},\"image\":{\"@id\":\"http:\/\/stuggitv.com\/?p=88343#primaryimage\"},\"thumbnailUrl\":\"http:\/\/stuggitv.com\/wp-content\/uploads\/Wohlgemuth-Hoeness-Wehrle-VfB_BB_Foto_STUGGITV.jpg\",\"keywords\":[\"Hoene\u00df\",\"Sebastian Hoene\u00df\",\"Stuttgart\",\"VfB\",\"VfB Stuttgart\"],\"articleSection\":[\"SPORT\"],\"inLanguage\":\"de\"},{\"@type\":\"WebPage\",\"@id\":\"http:\/\/stuggitv.com\/?p=88343\",\"url\":\"http:\/\/stuggitv.com\/?p=88343\",\"name\":\"Ist Sebastian Hoene\u00df der Richtige f\u00fcr den VfB Stuttgart? - STUGGI.TV\",\"isPartOf\":{\"@id\":\"http:\/\/stuggitv.com\/#website\"},\"primaryImageOfPage\":{\"@id\":\"http:\/\/stuggitv.com\/?p=88343#primaryimage\"},\"image\":{\"@id\":\"http:\/\/stuggitv.com\/?p=88343#primaryimage\"},\"thumbnailUrl\":\"http:\/\/stuggitv.com\/wp-content\/uploads\/Wohlgemuth-Hoeness-Wehrle-VfB_BB_Foto_STUGGITV.jpg\",\"datePublished\":\"2023-04-05T07:35:21+00:00\",\"dateModified\":\"2023-04-05T13:01:58+00:00\",\"breadcrumb\":{\"@id\":\"http:\/\/stuggitv.com\/?p=88343#breadcrumb\"},\"inLanguage\":\"de\",\"potentialAction\":[{\"@type\":\"ReadAction\",\"target\":[\"http:\/\/stuggitv.com\/?p=88343\"]}]},{\"@type\":\"ImageObject\",\"inLanguage\":\"de\",\"@id\":\"http:\/\/stuggitv.com\/?p=88343#primaryimage\",\"url\":\"http:\/\/stuggitv.com\/wp-content\/uploads\/Wohlgemuth-Hoeness-Wehrle-VfB_BB_Foto_STUGGITV.jpg\",\"contentUrl\":\"http:\/\/stuggitv.com\/wp-content\/uploads\/Wohlgemuth-Hoeness-Wehrle-VfB_BB_Foto_STUGGITV.jpg\",\"width\":1500,\"height\":1000,\"caption\":\"Ist Sebastian Hoene\u00df der Richtige f\u00fcr den VfB Stuttgart? (Foto: STUGGI.TV)\"},{\"@type\":\"BreadcrumbList\",\"@id\":\"http:\/\/stuggitv.com\/?p=88343#breadcrumb\",\"itemListElement\":[{\"@type\":\"ListItem\",\"position\":1,\"name\":\"STUGGI.TV\",\"item\":\"http:\/\/stuggitv.com\/\"},{\"@type\":\"ListItem\",\"position\":2,\"name\":\"Ist Sebastian Hoene\u00df der Richtige f\u00fcr den VfB Stuttgart?\"}]},{\"@type\":\"WebSite\",\"@id\":\"http:\/\/stuggitv.com\/#website\",\"url\":\"http:\/\/stuggitv.com\/\",\"name\":\"STUGGI.TV\",\"description\":\"Der Onlinesender f\u00fcr Stuttgart\",\"publisher\":{\"@id\":\"http:\/\/stuggitv.com\/#organization\"},\"potentialAction\":[{\"@type\":\"SearchAction\",\"target\":{\"@type\":\"EntryPoint\",\"urlTemplate\":\"http:\/\/stuggitv.com\/?s={search_term_string}\"},\"query-input\":{\"@type\":\"PropertyValueSpecification\",\"valueRequired\":true,\"valueName\":\"search_term_string\"}}],\"inLanguage\":\"de\"},{\"@type\":\"Organization\",\"@id\":\"http:\/\/stuggitv.com\/#organization\",\"name\":\"STUGGI.TV\",\"url\":\"http:\/\/stuggitv.com\/\",\"logo\":{\"@type\":\"ImageObject\",\"inLanguage\":\"de\",\"@id\":\"http:\/\/stuggitv.com\/#\/schema\/logo\/image\/\",\"url\":\"http:\/\/stuggitv.com\/wp-content\/uploads\/stuggitv_logo_rgb.jpg\",\"contentUrl\":\"http:\/\/stuggitv.com\/wp-content\/uploads\/stuggitv_logo_rgb.jpg\",\"width\":320,\"height\":78,\"caption\":\"STUGGI.TV\"},\"image\":{\"@id\":\"http:\/\/stuggitv.com\/#\/schema\/logo\/image\/\"},\"sameAs\":[\"https:\/\/www.facebook.com\/stuggitv\",\"https:\/\/x.com\/stuggitv\"]},{\"@type\":\"Person\",\"@id\":\"http:\/\/stuggitv.com\/#\/schema\/person\/46d868c673a78d677a41aa95821c66ec\",\"name\":\"Johannes Frank\",\"image\":{\"@type\":\"ImageObject\",\"inLanguage\":\"de\",\"@id\":\"http:\/\/stuggitv.com\/#\/schema\/person\/image\/\",\"url\":\"https:\/\/secure.gravatar.com\/avatar\/47ed3c010fd35e7aa6f92f9a11c0a605fddea06ac0ef5c2217a407ee29b31bc2?s=96&d=mm&r=g\",\"contentUrl\":\"https:\/\/secure.gravatar.com\/avatar\/47ed3c010fd35e7aa6f92f9a11c0a605fddea06ac0ef5c2217a407ee29b31bc2?s=96&d=mm&r=g\",\"caption\":\"Johannes Frank\"},\"description\":\"\u2026weils do oifach schee isch ond emmr ebbes zom Entdecka gibt.\",\"url\":\"http:\/\/stuggitv.com\/?author=14\"}]}<\/script>\n<!-- \/ Yoast SEO plugin. -->","yoast_head_json":{"title":"Ist Sebastian Hoene\u00df der Richtige f\u00fcr den VfB Stuttgart? - STUGGI.TV","robots":{"index":"index","follow":"follow","max-snippet":"max-snippet:-1","max-image-preview":"max-image-preview:large","max-video-preview":"max-video-preview:-1"},"canonical":"http:\/\/stuggitv.com\/?p=88343","og_locale":"de_DE","og_type":"article","og_title":"Ist Sebastian Hoene\u00df der Richtige f\u00fcr den VfB Stuttgart? - STUGGI.TV","og_description":"Mission Klassenerhalt f\u00fcr den neuen Trainer 24 Punkte sind noch zu holen. Punkte, die der VfB Stuttgart dringend brauchen kann. F\u00fcr den neuen VfB-Trainer Sebastian Hoene\u00df, der die Nachfolge des gl\u00fccklosen Bruno Labbadia angetreten hat, geht es direkt los. Schon [&hellip;]","og_url":"http:\/\/stuggitv.com\/?p=88343","og_site_name":"STUGGI.TV","article_publisher":"https:\/\/www.facebook.com\/stuggitv","article_published_time":"2023-04-05T07:35:21+00:00","article_modified_time":"2023-04-05T13:01:58+00:00","og_image":[{"width":1500,"height":1000,"url":"http:\/\/stuggitv.com\/wp-content\/uploads\/Wohlgemuth-Hoeness-Wehrle-VfB_BB_Foto_STUGGITV.jpg","type":"image\/jpeg"}],"author":"Johannes Frank","twitter_card":"summary_large_image","twitter_creator":"@stuggitv","twitter_site":"@stuggitv","twitter_misc":{"Verfasst von":"Johannes Frank","Gesch\u00e4tzte Lesezeit":"2\u00a0Minuten"},"schema":{"@context":"https:\/\/schema.org","@graph":[{"@type":"Article","@id":"http:\/\/stuggitv.com\/?p=88343#article","isPartOf":{"@id":"http:\/\/stuggitv.com\/?p=88343"},"author":{"name":"Johannes Frank","@id":"http:\/\/stuggitv.com\/#\/schema\/person\/46d868c673a78d677a41aa95821c66ec"},"headline":"Ist Sebastian Hoene\u00df der Richtige f\u00fcr den VfB Stuttgart?","datePublished":"2023-04-05T07:35:21+00:00","dateModified":"2023-04-05T13:01:58+00:00","mainEntityOfPage":{"@id":"http:\/\/stuggitv.com\/?p=88343"},"wordCount":249,"publisher":{"@id":"http:\/\/stuggitv.com\/#organization"},"image":{"@id":"http:\/\/stuggitv.com\/?p=88343#primaryimage"},"thumbnailUrl":"http:\/\/stuggitv.com\/wp-content\/uploads\/Wohlgemuth-Hoeness-Wehrle-VfB_BB_Foto_STUGGITV.jpg","keywords":["Hoene\u00df","Sebastian Hoene\u00df","Stuttgart","VfB","VfB Stuttgart"],"articleSection":["SPORT"],"inLanguage":"de"},{"@type":"WebPage","@id":"http:\/\/stuggitv.com\/?p=88343","url":"http:\/\/stuggitv.com\/?p=88343","name":"Ist Sebastian Hoene\u00df der Richtige f\u00fcr den VfB Stuttgart? - STUGGI.TV","isPartOf":{"@id":"http:\/\/stuggitv.com\/#website"},"primaryImageOfPage":{"@id":"http:\/\/stuggitv.com\/?p=88343#primaryimage"},"image":{"@id":"http:\/\/stuggitv.com\/?p=88343#primaryimage"},"thumbnailUrl":"http:\/\/stuggitv.com\/wp-content\/uploads\/Wohlgemuth-Hoeness-Wehrle-VfB_BB_Foto_STUGGITV.jpg","datePublished":"2023-04-05T07:35:21+00:00","dateModified":"2023-04-05T13:01:58+00:00","breadcrumb":{"@id":"http:\/\/stuggitv.com\/?p=88343#breadcrumb"},"inLanguage":"de","potentialAction":[{"@type":"ReadAction","target":["http:\/\/stuggitv.com\/?p=88343"]}]},{"@type":"ImageObject","inLanguage":"de","@id":"http:\/\/stuggitv.com\/?p=88343#primaryimage","url":"http:\/\/stuggitv.com\/wp-content\/uploads\/Wohlgemuth-Hoeness-Wehrle-VfB_BB_Foto_STUGGITV.jpg","contentUrl":"http:\/\/stuggitv.com\/wp-content\/uploads\/Wohlgemuth-Hoeness-Wehrle-VfB_BB_Foto_STUGGITV.jpg","width":1500,"height":1000,"caption":"Ist Sebastian Hoene\u00df der Richtige f\u00fcr den VfB Stuttgart? (Foto: STUGGI.TV)"},{"@type":"BreadcrumbList","@id":"http:\/\/stuggitv.com\/?p=88343#breadcrumb","itemListElement":[{"@type":"ListItem","position":1,"name":"STUGGI.TV","item":"http:\/\/stuggitv.com\/"},{"@type":"ListItem","position":2,"name":"Ist Sebastian Hoene\u00df der Richtige f\u00fcr den VfB Stuttgart?"}]},{"@type":"WebSite","@id":"http:\/\/stuggitv.com\/#website","url":"http:\/\/stuggitv.com\/","name":"STUGGI.TV","description":"Der Onlinesender f\u00fcr Stuttgart","publisher":{"@id":"http:\/\/stuggitv.com\/#organization"},"potentialAction":[{"@type":"SearchAction","target":{"@type":"EntryPoint","urlTemplate":"http:\/\/stuggitv.com\/?s={search_term_string}"},"query-input":{"@type":"PropertyValueSpecification","valueRequired":true,"valueName":"search_term_string"}}],"inLanguage":"de"},{"@type":"Organization","@id":"http:\/\/stuggitv.com\/#organization","name":"STUGGI.TV","url":"http:\/\/stuggitv.com\/","logo":{"@type":"ImageObject","inLanguage":"de","@id":"http:\/\/stuggitv.com\/#\/schema\/logo\/image\/","url":"http:\/\/stuggitv.com\/wp-content\/uploads\/stuggitv_logo_rgb.jpg","contentUrl":"http:\/\/stuggitv.com\/wp-content\/uploads\/stuggitv_logo_rgb.jpg","width":320,"height":78,"caption":"STUGGI.TV"},"image":{"@id":"http:\/\/stuggitv.com\/#\/schema\/logo\/image\/"},"sameAs":["https:\/\/www.facebook.com\/stuggitv","https:\/\/x.com\/stuggitv"]},{"@type":"Person","@id":"http:\/\/stuggitv.com\/#\/schema\/person\/46d868c673a78d677a41aa95821c66ec","name":"Johannes Frank","image":{"@type":"ImageObject","inLanguage":"de","@id":"http:\/\/stuggitv.com\/#\/schema\/person\/image\/","url":"https:\/\/secure.gravatar.com\/avatar\/47ed3c010fd35e7aa6f92f9a11c0a605fddea06ac0ef5c2217a407ee29b31bc2?s=96&d=mm&r=g","contentUrl":"https:\/\/secure.gravatar.com\/avatar\/47ed3c010fd35e7aa6f92f9a11c0a605fddea06ac0ef5c2217a407ee29b31bc2?s=96&d=mm&r=g","caption":"Johannes Frank"},"description":"\u2026weils do oifach schee isch ond emmr ebbes zom Entdecka gibt.","url":"http:\/\/stuggitv.com\/?author=14"}]}},"_links":{"self":[{"href":"http:\/\/stuggitv.com\/index.php?rest_route=\/wp\/v2\/posts\/88343","targetHints":{"allow":["GET"]}}],"collection":[{"href":"http:\/\/stuggitv.com\/index.php?rest_route=\/wp\/v2\/posts"}],"about":[{"href":"http:\/\/stuggitv.com\/index.php?rest_route=\/wp\/v2\/types\/post"}],"author":[{"embeddable":true,"href":"http:\/\/stuggitv.com\/index.php?rest_route=\/wp\/v2\/users\/14"}],"replies":[{"embeddable":true,"href":"http:\/\/stuggitv.com\/index.php?rest_route=%2Fwp%2Fv2%2Fcomments&post=88343"}],"version-history":[{"count":5,"href":"http:\/\/stuggitv.com\/index.php?rest_route=\/wp\/v2\/posts\/88343\/revisions"}],"predecessor-version":[{"id":88422,"href":"http:\/\/stuggitv.com\/index.php?rest_route=\/wp\/v2\/posts\/88343\/revisions\/88422"}],"wp:featuredmedia":[{"embeddable":true,"href":"http:\/\/stuggitv.com\/index.php?rest_route=\/wp\/v2\/media\/88346"}],"wp:attachment":[{"href":"http:\/\/stuggitv.com\/index.php?rest_route=%2Fwp%2Fv2%2Fmedia&parent=88343"}],"wp:term":[{"taxonomy":"category","embeddable":true,"href":"http:\/\/stuggitv.com\/index.php?rest_route=%2Fwp%2Fv2%2Fcategories&post=88343"},{"taxonomy":"post_tag","embeddable":true,"href":"http:\/\/stuggitv.com\/index.php?rest_route=%2Fwp%2Fv2%2Ftags&post=88343"}],"curies":[{"name":"wp","href":"https:\/\/api.w.org\/{rel}","templated":true}]}}