{"id":88446,"date":"2023-04-06T15:49:06","date_gmt":"2023-04-06T13:49:06","guid":{"rendered":"https:\/\/www.stuggi.tv\/?p=88446"},"modified":"2023-04-08T08:55:21","modified_gmt":"2023-04-08T06:55:21","slug":"wegen-streckensperrungen-in-stuttgart-deutsche-bahn-zahlt-entschaedigung-an-kunden","status":"publish","type":"post","link":"http:\/\/stuggitv.com\/?p=88446","title":{"rendered":"Wegen Streckensperrungen in Stuttgart: Deutsche Bahn zahlt Entsch\u00e4digung an Kunden"},"content":{"rendered":"<h4>Sperrungen erst kurzfristig mitgeteilt<\/h4>\n<p>Weil die Deutsche Bahn die Streckensperrungen erst kurzfristig angek\u00fcndigt hat, gibt es nun eine einmalige Entsch\u00e4digung f\u00fcr die betroffenen Kunden. &#8222;Mit der Entsch\u00e4digung wollen wir uns bei den Kundinnen und Kunden des S-Bahn- und Regionalverkehrs f\u00fcr die kurzfristige Ank\u00fcndigung entschuldigen&#8220;, sagt Thorsten Krenz, Konzernbevollm\u00e4chtigter der DB f\u00fcr Baden-W\u00fcrttemberg. &#8222;Wir wissen, dass wir den Reisenden einiges abverlangen&#8220;, betont er. Nach kooperativen Abstimmungen mit den Verkehrsunternehmen gebe es nun ein Angebot, das f\u00fcr die Reisenden alle M\u00f6glichkeiten aussch\u00f6pfe. F\u00fcr die Sperrungen vom 21. April bis zum 12. Mai gibt es bereits ein Fahrplankonzept. F\u00fcr den Zeitraum vom 12. Mai bis zum 29. Juli wird das Fahrplankonzept noch erstellt.<\/p>\n<h4>Entsch\u00e4digung f\u00fcr betroffene Kunden<\/h4>\n<p>Einen Anspruch auf die Entsch\u00e4digung haben alle, die zum 5. April 2023 ein Jahresticket des S-Bahn-, Regionalverkehrs und des VSS haben. Auch die betroffenen Kunden des JugendTicketBW erhalten die Entsch\u00e4digung. F\u00fcr die Jahrestickets gibt es eine einmalige Entsch\u00e4digung von 49 Euro, dies entspricht einem Monatspreis f\u00fcr das Deutschlandticket. Die Betroffenen des JugendTicketBW beziehungsweise des Studi-Tickets erhalten einmalig 31 Euro. F\u00fcr die Entsch\u00e4digung m\u00fcssen sich die Kunden nicht an ihr Kundencenter wenden. Der Prozess verl\u00e4uft automatisch, denn die verschiedenen Kundencenter schreiben die registrierten Abokunden direkt an, um sie \u00fcber den weiteren Prozess zur Auszahlung zu informieren. F\u00fcr betroffene Stammkunden, die ihr Ticket nicht im Abo-Vertrag erworben haben, sollen bald Informationen auf den Internetseiten der beteiligten Verkehrsb\u00fcnde ver\u00f6ffentlicht werden.<\/p>\n<h4>Zus\u00e4tzliche Angebote w\u00e4hrend den Sperrphasen<\/h4>\n<p>In den Sperrphasen soll von der Deutschen Bahn zus\u00e4tzliches Servicepersonal bereit gestellt werden. Dieses Personal soll die Fahrg\u00e4ste in dem Zeitraum unterst\u00fctzen. An den betroffenen Bahnh\u00f6fen soll zudem ein einfach verst\u00e4ndliches Bodenleitsystem eine Hilfe f\u00fcr die Reisenden bieten. Dieses soll die Kunden zu den Ersatzhaltestellen f\u00fchren. Am Bahnhof Stuttgart-Bad Cannstatt befindet sich die Ersatzhaltestelle von Montag bis Freitag in der Kegelenstra\u00dfe und am Wochenende am Wilhelmsplatz. Au\u00dferdem soll das Angebot an Leihfahrr\u00e4dern in der Stadt vergr\u00f6\u00dfert werden. Ab dem 12. Mai stehen 200 zus\u00e4tzliche Fahrr\u00e4der von RegioRadStuttgart zur Verf\u00fcgung, die f\u00fcr 60 Minuten kostenlos genutzt werden k\u00f6nnen.<\/p>\n<h4>VIDEO: Jetzt dauert es noch l\u00e4nger &#8211; Neue Wegf\u00fchrung am Hauptbahnhof Stuttgart (2022)<\/h4>\n<p><iframe loading=\"lazy\" title=\"Neue Wegf\u00fchrung am Hauptbahnhof Stuttgart: Der Weg zum Gleis dauert l\u00e4nger\" width=\"500\" height=\"281\" src=\"https:\/\/www.youtube.com\/embed\/GI17Bb9VA_M?feature=oembed\" frameborder=\"0\" allow=\"accelerometer; autoplay; clipboard-write; encrypted-media; gyroscope; picture-in-picture; web-share\" referrerpolicy=\"strict-origin-when-cross-origin\" allowfullscreen><\/iframe><\/p>\n<p><em>Video wird nicht angezeigt? <a href=\"https:\/\/youtu.be\/GI17Bb9VA_M\">Hier<\/a> klicken.\u00a0<\/em><\/p>\n","protected":false},"excerpt":{"rendered":"<p>Sperrungen erst kurzfristig mitgeteilt Weil die Deutsche Bahn die Streckensperrungen erst kurzfristig angek\u00fcndigt hat, gibt es nun eine einmalige Entsch\u00e4digung f\u00fcr die betroffenen Kunden. &#8222;Mit der Entsch\u00e4digung wollen wir uns bei den Kundinnen und Kunden des S-Bahn- und Regionalverkehrs f\u00fcr [&hellip;]<\/p>\n","protected":false},"author":22654,"featured_media":88448,"comment_status":"closed","ping_status":"closed","sticky":false,"template":"","format":"standard","meta":{"footnotes":""},"categories":[626],"tags":[688,6218,2083,6217,359,4522],"class_list":["post-88446","post","type-post","status-publish","format-standard","has-post-thumbnail","hentry","category-stuttgart-heute","tag-deutsche-bahn","tag-jugendticketbw","tag-stuttgart-bad-cannstatt","tag-thorsten-krenz","tag-vvs","tag-vvs-stuttgart"],"read":true,"yoast_head":"<!-- This site is optimized with the Yoast SEO plugin v27.1.1 - https:\/\/yoast.com\/product\/yoast-seo-wordpress\/ -->\n<title>Wegen Streckensperrungen in Stuttgart: Deutsche Bahn zahlt Entsch\u00e4digung an Kunden - STUGGI.TV<\/title>\n<meta name=\"robots\" content=\"index, follow, max-snippet:-1, max-image-preview:large, max-video-preview:-1\" \/>\n<link rel=\"canonical\" href=\"http:\/\/stuggitv.com\/?p=88446\" \/>\n<meta property=\"og:locale\" content=\"de_DE\" \/>\n<meta property=\"og:type\" content=\"article\" \/>\n<meta property=\"og:title\" content=\"Wegen Streckensperrungen in Stuttgart: Deutsche Bahn zahlt Entsch\u00e4digung an Kunden - STUGGI.TV\" \/>\n<meta property=\"og:description\" content=\"Sperrungen erst kurzfristig mitgeteilt Weil die Deutsche Bahn die Streckensperrungen erst kurzfristig angek\u00fcndigt hat, gibt es nun eine einmalige Entsch\u00e4digung f\u00fcr die betroffenen Kunden. &#8222;Mit der Entsch\u00e4digung wollen wir uns bei den Kundinnen und Kunden des S-Bahn- und Regionalverkehrs f\u00fcr [&hellip;]\" \/>\n<meta property=\"og:url\" content=\"http:\/\/stuggitv.com\/?p=88446\" \/>\n<meta property=\"og:site_name\" content=\"STUGGI.TV\" \/>\n<meta property=\"article:publisher\" content=\"https:\/\/www.facebook.com\/stuggitv\" \/>\n<meta property=\"article:published_time\" content=\"2023-04-06T13:49:06+00:00\" \/>\n<meta property=\"article:modified_time\" content=\"2023-04-08T06:55:21+00:00\" \/>\n<meta property=\"og:image\" content=\"http:\/\/stuggitv.com\/wp-content\/uploads\/Deutsche-Bahn.jpg\" \/>\n\t<meta property=\"og:image:width\" content=\"1500\" \/>\n\t<meta property=\"og:image:height\" content=\"1000\" \/>\n\t<meta property=\"og:image:type\" content=\"image\/jpeg\" \/>\n<meta name=\"author\" content=\"Alina Klass\" \/>\n<meta name=\"twitter:card\" content=\"summary_large_image\" \/>\n<meta name=\"twitter:creator\" content=\"@stuggitv\" \/>\n<meta name=\"twitter:site\" content=\"@stuggitv\" \/>\n<meta name=\"twitter:label1\" content=\"Verfasst von\" \/>\n\t<meta name=\"twitter:data1\" content=\"Alina Klass\" \/>\n\t<meta name=\"twitter:label2\" content=\"Gesch\u00e4tzte Lesezeit\" \/>\n\t<meta name=\"twitter:data2\" content=\"2\u00a0Minuten\" \/>\n<script type=\"application\/ld+json\" class=\"yoast-schema-graph\">{\"@context\":\"https:\/\/schema.org\",\"@graph\":[{\"@type\":\"Article\",\"@id\":\"http:\/\/stuggitv.com\/?p=88446#article\",\"isPartOf\":{\"@id\":\"http:\/\/stuggitv.com\/?p=88446\"},\"author\":{\"name\":\"Alina Klass\",\"@id\":\"http:\/\/stuggitv.com\/#\/schema\/person\/65bb95c6a21fcc5d71710aca3725e86d\"},\"headline\":\"Wegen Streckensperrungen in Stuttgart: Deutsche Bahn zahlt Entsch\u00e4digung an Kunden\",\"datePublished\":\"2023-04-06T13:49:06+00:00\",\"dateModified\":\"2023-04-08T06:55:21+00:00\",\"mainEntityOfPage\":{\"@id\":\"http:\/\/stuggitv.com\/?p=88446\"},\"wordCount\":406,\"publisher\":{\"@id\":\"http:\/\/stuggitv.com\/#organization\"},\"image\":{\"@id\":\"http:\/\/stuggitv.com\/?p=88446#primaryimage\"},\"thumbnailUrl\":\"http:\/\/stuggitv.com\/wp-content\/uploads\/Deutsche-Bahn.jpg\",\"keywords\":[\"Deutsche Bahn\",\"JugendTicketBW\",\"Stuttgart Bad Cannstatt\",\"Thorsten Krenz\",\"VVS\",\"VVS Stuttgart\"],\"articleSection\":[\"Stuttgart heute\"],\"inLanguage\":\"de\"},{\"@type\":\"WebPage\",\"@id\":\"http:\/\/stuggitv.com\/?p=88446\",\"url\":\"http:\/\/stuggitv.com\/?p=88446\",\"name\":\"Wegen Streckensperrungen in Stuttgart: Deutsche Bahn zahlt Entsch\u00e4digung an Kunden - STUGGI.TV\",\"isPartOf\":{\"@id\":\"http:\/\/stuggitv.com\/#website\"},\"primaryImageOfPage\":{\"@id\":\"http:\/\/stuggitv.com\/?p=88446#primaryimage\"},\"image\":{\"@id\":\"http:\/\/stuggitv.com\/?p=88446#primaryimage\"},\"thumbnailUrl\":\"http:\/\/stuggitv.com\/wp-content\/uploads\/Deutsche-Bahn.jpg\",\"datePublished\":\"2023-04-06T13:49:06+00:00\",\"dateModified\":\"2023-04-08T06:55:21+00:00\",\"breadcrumb\":{\"@id\":\"http:\/\/stuggitv.com\/?p=88446#breadcrumb\"},\"inLanguage\":\"de\",\"potentialAction\":[{\"@type\":\"ReadAction\",\"target\":[\"http:\/\/stuggitv.com\/?p=88446\"]}]},{\"@type\":\"ImageObject\",\"inLanguage\":\"de\",\"@id\":\"http:\/\/stuggitv.com\/?p=88446#primaryimage\",\"url\":\"http:\/\/stuggitv.com\/wp-content\/uploads\/Deutsche-Bahn.jpg\",\"contentUrl\":\"http:\/\/stuggitv.com\/wp-content\/uploads\/Deutsche-Bahn.jpg\",\"width\":1500,\"height\":1000,\"caption\":\"VVS-Ticketpreise steigen ab September erneut (Foto: STUGGI.TV)\"},{\"@type\":\"BreadcrumbList\",\"@id\":\"http:\/\/stuggitv.com\/?p=88446#breadcrumb\",\"itemListElement\":[{\"@type\":\"ListItem\",\"position\":1,\"name\":\"STUGGI.TV\",\"item\":\"http:\/\/stuggitv.com\/\"},{\"@type\":\"ListItem\",\"position\":2,\"name\":\"Wegen Streckensperrungen in Stuttgart: Deutsche Bahn zahlt Entsch\u00e4digung an Kunden\"}]},{\"@type\":\"WebSite\",\"@id\":\"http:\/\/stuggitv.com\/#website\",\"url\":\"http:\/\/stuggitv.com\/\",\"name\":\"STUGGI.TV\",\"description\":\"Der Onlinesender f\u00fcr Stuttgart\",\"publisher\":{\"@id\":\"http:\/\/stuggitv.com\/#organization\"},\"potentialAction\":[{\"@type\":\"SearchAction\",\"target\":{\"@type\":\"EntryPoint\",\"urlTemplate\":\"http:\/\/stuggitv.com\/?s={search_term_string}\"},\"query-input\":{\"@type\":\"PropertyValueSpecification\",\"valueRequired\":true,\"valueName\":\"search_term_string\"}}],\"inLanguage\":\"de\"},{\"@type\":\"Organization\",\"@id\":\"http:\/\/stuggitv.com\/#organization\",\"name\":\"STUGGI.TV\",\"url\":\"http:\/\/stuggitv.com\/\",\"logo\":{\"@type\":\"ImageObject\",\"inLanguage\":\"de\",\"@id\":\"http:\/\/stuggitv.com\/#\/schema\/logo\/image\/\",\"url\":\"http:\/\/stuggitv.com\/wp-content\/uploads\/stuggitv_logo_rgb.jpg\",\"contentUrl\":\"http:\/\/stuggitv.com\/wp-content\/uploads\/stuggitv_logo_rgb.jpg\",\"width\":320,\"height\":78,\"caption\":\"STUGGI.TV\"},\"image\":{\"@id\":\"http:\/\/stuggitv.com\/#\/schema\/logo\/image\/\"},\"sameAs\":[\"https:\/\/www.facebook.com\/stuggitv\",\"https:\/\/x.com\/stuggitv\"]},{\"@type\":\"Person\",\"@id\":\"http:\/\/stuggitv.com\/#\/schema\/person\/65bb95c6a21fcc5d71710aca3725e86d\",\"name\":\"Alina Klass\",\"image\":{\"@type\":\"ImageObject\",\"inLanguage\":\"de\",\"@id\":\"http:\/\/stuggitv.com\/#\/schema\/person\/image\/\",\"url\":\"https:\/\/secure.gravatar.com\/avatar\/932c385bbbaac5e6baefb7e8e25fc85dea339ba8a933451dafaeeea7a6db830e?s=96&d=mm&r=g\",\"contentUrl\":\"https:\/\/secure.gravatar.com\/avatar\/932c385bbbaac5e6baefb7e8e25fc85dea339ba8a933451dafaeeea7a6db830e?s=96&d=mm&r=g\",\"caption\":\"Alina Klass\"},\"description\":\"...ob in der Natur oder mitten in der Stadt, es gibt immer etwas neues zu entdecken.\",\"url\":\"http:\/\/stuggitv.com\/?author=22654\"}]}<\/script>\n<!-- \/ Yoast SEO plugin. -->","yoast_head_json":{"title":"Wegen Streckensperrungen in Stuttgart: Deutsche Bahn zahlt Entsch\u00e4digung an Kunden - STUGGI.TV","robots":{"index":"index","follow":"follow","max-snippet":"max-snippet:-1","max-image-preview":"max-image-preview:large","max-video-preview":"max-video-preview:-1"},"canonical":"http:\/\/stuggitv.com\/?p=88446","og_locale":"de_DE","og_type":"article","og_title":"Wegen Streckensperrungen in Stuttgart: Deutsche Bahn zahlt Entsch\u00e4digung an Kunden - STUGGI.TV","og_description":"Sperrungen erst kurzfristig mitgeteilt Weil die Deutsche Bahn die Streckensperrungen erst kurzfristig angek\u00fcndigt hat, gibt es nun eine einmalige Entsch\u00e4digung f\u00fcr die betroffenen Kunden. &#8222;Mit der Entsch\u00e4digung wollen wir uns bei den Kundinnen und Kunden des S-Bahn- und Regionalverkehrs f\u00fcr [&hellip;]","og_url":"http:\/\/stuggitv.com\/?p=88446","og_site_name":"STUGGI.TV","article_publisher":"https:\/\/www.facebook.com\/stuggitv","article_published_time":"2023-04-06T13:49:06+00:00","article_modified_time":"2023-04-08T06:55:21+00:00","og_image":[{"width":1500,"height":1000,"url":"http:\/\/stuggitv.com\/wp-content\/uploads\/Deutsche-Bahn.jpg","type":"image\/jpeg"}],"author":"Alina Klass","twitter_card":"summary_large_image","twitter_creator":"@stuggitv","twitter_site":"@stuggitv","twitter_misc":{"Verfasst von":"Alina Klass","Gesch\u00e4tzte Lesezeit":"2\u00a0Minuten"},"schema":{"@context":"https:\/\/schema.org","@graph":[{"@type":"Article","@id":"http:\/\/stuggitv.com\/?p=88446#article","isPartOf":{"@id":"http:\/\/stuggitv.com\/?p=88446"},"author":{"name":"Alina Klass","@id":"http:\/\/stuggitv.com\/#\/schema\/person\/65bb95c6a21fcc5d71710aca3725e86d"},"headline":"Wegen Streckensperrungen in Stuttgart: Deutsche Bahn zahlt Entsch\u00e4digung an Kunden","datePublished":"2023-04-06T13:49:06+00:00","dateModified":"2023-04-08T06:55:21+00:00","mainEntityOfPage":{"@id":"http:\/\/stuggitv.com\/?p=88446"},"wordCount":406,"publisher":{"@id":"http:\/\/stuggitv.com\/#organization"},"image":{"@id":"http:\/\/stuggitv.com\/?p=88446#primaryimage"},"thumbnailUrl":"http:\/\/stuggitv.com\/wp-content\/uploads\/Deutsche-Bahn.jpg","keywords":["Deutsche Bahn","JugendTicketBW","Stuttgart Bad Cannstatt","Thorsten Krenz","VVS","VVS Stuttgart"],"articleSection":["Stuttgart heute"],"inLanguage":"de"},{"@type":"WebPage","@id":"http:\/\/stuggitv.com\/?p=88446","url":"http:\/\/stuggitv.com\/?p=88446","name":"Wegen Streckensperrungen in Stuttgart: Deutsche Bahn zahlt Entsch\u00e4digung an Kunden - STUGGI.TV","isPartOf":{"@id":"http:\/\/stuggitv.com\/#website"},"primaryImageOfPage":{"@id":"http:\/\/stuggitv.com\/?p=88446#primaryimage"},"image":{"@id":"http:\/\/stuggitv.com\/?p=88446#primaryimage"},"thumbnailUrl":"http:\/\/stuggitv.com\/wp-content\/uploads\/Deutsche-Bahn.jpg","datePublished":"2023-04-06T13:49:06+00:00","dateModified":"2023-04-08T06:55:21+00:00","breadcrumb":{"@id":"http:\/\/stuggitv.com\/?p=88446#breadcrumb"},"inLanguage":"de","potentialAction":[{"@type":"ReadAction","target":["http:\/\/stuggitv.com\/?p=88446"]}]},{"@type":"ImageObject","inLanguage":"de","@id":"http:\/\/stuggitv.com\/?p=88446#primaryimage","url":"http:\/\/stuggitv.com\/wp-content\/uploads\/Deutsche-Bahn.jpg","contentUrl":"http:\/\/stuggitv.com\/wp-content\/uploads\/Deutsche-Bahn.jpg","width":1500,"height":1000,"caption":"VVS-Ticketpreise steigen ab September erneut (Foto: STUGGI.TV)"},{"@type":"BreadcrumbList","@id":"http:\/\/stuggitv.com\/?p=88446#breadcrumb","itemListElement":[{"@type":"ListItem","position":1,"name":"STUGGI.TV","item":"http:\/\/stuggitv.com\/"},{"@type":"ListItem","position":2,"name":"Wegen Streckensperrungen in Stuttgart: Deutsche Bahn zahlt Entsch\u00e4digung an Kunden"}]},{"@type":"WebSite","@id":"http:\/\/stuggitv.com\/#website","url":"http:\/\/stuggitv.com\/","name":"STUGGI.TV","description":"Der Onlinesender f\u00fcr Stuttgart","publisher":{"@id":"http:\/\/stuggitv.com\/#organization"},"potentialAction":[{"@type":"SearchAction","target":{"@type":"EntryPoint","urlTemplate":"http:\/\/stuggitv.com\/?s={search_term_string}"},"query-input":{"@type":"PropertyValueSpecification","valueRequired":true,"valueName":"search_term_string"}}],"inLanguage":"de"},{"@type":"Organization","@id":"http:\/\/stuggitv.com\/#organization","name":"STUGGI.TV","url":"http:\/\/stuggitv.com\/","logo":{"@type":"ImageObject","inLanguage":"de","@id":"http:\/\/stuggitv.com\/#\/schema\/logo\/image\/","url":"http:\/\/stuggitv.com\/wp-content\/uploads\/stuggitv_logo_rgb.jpg","contentUrl":"http:\/\/stuggitv.com\/wp-content\/uploads\/stuggitv_logo_rgb.jpg","width":320,"height":78,"caption":"STUGGI.TV"},"image":{"@id":"http:\/\/stuggitv.com\/#\/schema\/logo\/image\/"},"sameAs":["https:\/\/www.facebook.com\/stuggitv","https:\/\/x.com\/stuggitv"]},{"@type":"Person","@id":"http:\/\/stuggitv.com\/#\/schema\/person\/65bb95c6a21fcc5d71710aca3725e86d","name":"Alina Klass","image":{"@type":"ImageObject","inLanguage":"de","@id":"http:\/\/stuggitv.com\/#\/schema\/person\/image\/","url":"https:\/\/secure.gravatar.com\/avatar\/932c385bbbaac5e6baefb7e8e25fc85dea339ba8a933451dafaeeea7a6db830e?s=96&d=mm&r=g","contentUrl":"https:\/\/secure.gravatar.com\/avatar\/932c385bbbaac5e6baefb7e8e25fc85dea339ba8a933451dafaeeea7a6db830e?s=96&d=mm&r=g","caption":"Alina Klass"},"description":"...ob in der Natur oder mitten in der Stadt, es gibt immer etwas neues zu entdecken.","url":"http:\/\/stuggitv.com\/?author=22654"}]}},"_links":{"self":[{"href":"http:\/\/stuggitv.com\/index.php?rest_route=\/wp\/v2\/posts\/88446","targetHints":{"allow":["GET"]}}],"collection":[{"href":"http:\/\/stuggitv.com\/index.php?rest_route=\/wp\/v2\/posts"}],"about":[{"href":"http:\/\/stuggitv.com\/index.php?rest_route=\/wp\/v2\/types\/post"}],"author":[{"embeddable":true,"href":"http:\/\/stuggitv.com\/index.php?rest_route=\/wp\/v2\/users\/22654"}],"replies":[{"embeddable":true,"href":"http:\/\/stuggitv.com\/index.php?rest_route=%2Fwp%2Fv2%2Fcomments&post=88446"}],"version-history":[{"count":13,"href":"http:\/\/stuggitv.com\/index.php?rest_route=\/wp\/v2\/posts\/88446\/revisions"}],"predecessor-version":[{"id":88495,"href":"http:\/\/stuggitv.com\/index.php?rest_route=\/wp\/v2\/posts\/88446\/revisions\/88495"}],"wp:featuredmedia":[{"embeddable":true,"href":"http:\/\/stuggitv.com\/index.php?rest_route=\/wp\/v2\/media\/88448"}],"wp:attachment":[{"href":"http:\/\/stuggitv.com\/index.php?rest_route=%2Fwp%2Fv2%2Fmedia&parent=88446"}],"wp:term":[{"taxonomy":"category","embeddable":true,"href":"http:\/\/stuggitv.com\/index.php?rest_route=%2Fwp%2Fv2%2Fcategories&post=88446"},{"taxonomy":"post_tag","embeddable":true,"href":"http:\/\/stuggitv.com\/index.php?rest_route=%2Fwp%2Fv2%2Ftags&post=88446"}],"curies":[{"name":"wp","href":"https:\/\/api.w.org\/{rel}","templated":true}]}}