{"id":88535,"date":"2023-04-10T14:28:47","date_gmt":"2023-04-10T12:28:47","guid":{"rendered":"https:\/\/www.stuggi.tv\/?p=88535"},"modified":"2023-04-12T09:04:18","modified_gmt":"2023-04-12T07:04:18","slug":"plaene-der-stadt-stuttgart-autoverkehr-soll-um-20-prozent-reduziert-werden","status":"publish","type":"post","link":"http:\/\/stuggitv.com\/?p=88535","title":{"rendered":"Pl\u00e4ne der Stadt Stuttgart: Autoverkehr soll um 20 Prozent reduziert werden"},"content":{"rendered":"<h4>Debatte \u00fcber neue Mobilit\u00e4ts-Ziele<\/h4>\n<p>Die rathausinterne Debatte \u00fcber die neuen Ziele zur Weiterentwicklung der klimafreundlichen Mobilit\u00e4t in Stuttgart geht weiter. Der Aktionsplan \u201eNachhaltig und innovativ mobil in Stuttgart\u201c war bereits vor einer Woche mit der Mehrheit von Gr\u00fcnen, SPD, Linksb\u00fcndnis und der Fraktionsgemeinschaft Puls verabschiedet worden. Die CDU, FDP, Freie W\u00e4hler und OB Frank Nopper (CDU) hatten dagegen gestimmt. Ihnen waren vor allem die zahlreichen Erg\u00e4nzungen der \u00f6ko-sozialen Mehrheit, vor allem in Bezug auf den Rad- und Fu\u00dfverkehr sowie den Umstand, dass in der Einleitung der Beschlussvorlage die Bedeutung des Automobilstandorts Stuttgart im Allgemeinen und etwa der E-Mobilit\u00e4t im Speziellen keine Ber\u00fccksichtigung fanden, ein Dorn im Auge.<\/p>\n<h4>Autoverkehr soll um 20 Prozent reduziert werden<\/h4>\n<p>Der Plan enth\u00e4lt insgesamt mehr als 200 Einzelma\u00dfnahmen, die in den n\u00e4chsten drei bis f\u00fcnf Jahren schrittweise umgesetzt werden sollen. Unter anderem soll der Autoverkehr in Stuttgart um 20 Prozent reduziert werden, der \u00d6ffentliche Personennahverkehr ausgebaut werden und bis zum Jahr 2025 sollen 20 Fahrradstra\u00dfen geschaffen werden. Auf Kritik war bei der \u00f6ko-sozialen Mehrheit die Aussage der Stadtverwaltung gesto\u00dfen, Umfang und Tempo bei der Umsetzung nicht immer leisten zu k\u00f6nnen.<\/p>\n<h4>Rathaus-Spitze h\u00e4lt einige Ziele f\u00fcr unrealistisch<\/h4>\n<p>Einen Tag nach der Beschlussfassung hatte Martin K\u00f6rner, Leiter des Grundsatzreferates Klimaschutz, Mobilit\u00e4t und Wohnen, und ehemaliger SPD-Fraktionschef, das noch einmal in einer Pressemitteilung der Stadt bekr\u00e4ftigt. &#8222;Einige Ma\u00dfnahmen, wie die beschlossenen 20 Fahrradstra\u00dfen, werden wir allerdings nach Einsch\u00e4tzung unserer Experten erst sp\u00e4ter als von der Ausschussmehrheit gew\u00fcnscht umsetzen k\u00f6nnen&#8220;, sagt K\u00f6rner. Da sei der Wunsch der Vater des Gedankens &#8211; die Realit\u00e4t sehe aber leider anders aus.<\/p>\n<h4>&#8222;Der Schwanz wedelt nicht mit dem Hund&#8220;<\/h4>\n<p>Kritik daf\u00fcr kommt vom Linksb\u00fcndnis, schlie\u00dflich sei die Verwaltung verpflichtet, Beschl\u00fcsse des Gemeinderats umzusetzen. \u201eWenn sich der Gemeinderat ehrgeizige Ziele setzt, dann ist es nicht Aufgabe der Verwaltung diese bockig zu kommentieren, sondern die Voraussetzung f\u00fcr deren Umsetzung zu schaffen\u201c, sagt Stadtrat Luigi Pantisano. Gegebenenfalls m\u00fcsse die Verwaltung zus\u00e4tzliches Personal und finanzielle Mittel f\u00fcr den Haushalt anmelden. \u201eDer Schwanz wedelt nicht mit dem Hund \u2013 es wird Zeit, dass die Verwaltungsspitze das grunds\u00e4tzlich beherzigt\u201c, so Pantisano weiter.<\/p>\n<h4>Bonn h\u00e4ngt Stuttgart in Sachen Fahrradstra\u00dfen ab<\/h4>\n<p>20 zus\u00e4tzliche Fahrradstra\u00dfen einzurichten, sei kein Problem, meint Fraktionssprecher Hannes Rockenbauch und verweist auf die Stadt Bonn, die es innerhalb von eineinhalb Jahren auf 44 zus\u00e4tzliche Fahrradstra\u00dfen bringe. &#8222;Da spricht doch vieles fu\u0308r einen Unwillen verbunden mit Stuttgarter Unta\u0308tigkeit und eben nicht fu\u0308r ein zu ehrgeiziges Ziel&#8220;, sagt Rockenbauch. Das Fraktionsb\u00fcndnis erwarte deshalb &#8222;von unserer Verwaltung, dass sie dazu beitra\u0308gt, dass uns das auch in Stuttgart gelingt\u201c, so der Fraktionssprecher.<\/p>\n<h4>Linksb\u00fcndnis verweist auf Klimaneutralit\u00e4t bis 2035<\/h4>\n<p>Rockenbauch verweist dabei auf die Bindung der Stadt an das Ziel, Stuttgart bis 2035 klimaneutral zu machen. &#8222;Daran muss sich die Verwaltungsspitze jetzt bei allen Planungen und Entscheidungen orientieren, auch wenn das bedeutet, dass der Gemeinderat zus\u00e4tzliche Ressourcen bereitstellen muss&#8220;, fordert Rockenbauch. \u201eWenn die Verwaltungsspitze jetzt schon bei einem Teil der Verkehrswende blockiert, wie soll das dann bei den gro\u00dfen Aufgaben wie der Energiewende oder der Verlagerung des motorisierten Individualverkehrs auf den Umweltverbund gelingen?\u201c, erg\u00e4nzt Pantisano.<\/p>\n<h4>VIDEO: \u201eDeutlicher Rechtsruck\u201c &#8211; Linksb\u00fcndnis attackiert CDU Stuttgart<\/h4>\n<p><iframe loading=\"lazy\" title=\"Linksb\u00fcndnis attacktiert CDU Stuttgart | STUGGI.TV\" width=\"500\" height=\"281\" src=\"https:\/\/www.youtube.com\/embed\/WjQswfTXz8c?feature=oembed\" frameborder=\"0\" allow=\"accelerometer; autoplay; clipboard-write; encrypted-media; gyroscope; picture-in-picture; web-share\" referrerpolicy=\"strict-origin-when-cross-origin\" allowfullscreen><\/iframe><\/p>\n<p><em>Video wird nicht angezeigt? <a href=\"https:\/\/youtu.be\/WjQswfTXz8c\">Hier klicken<\/a>.<\/em><\/p>\n","protected":false},"excerpt":{"rendered":"<p>Debatte \u00fcber neue Mobilit\u00e4ts-Ziele Die rathausinterne Debatte \u00fcber die neuen Ziele zur Weiterentwicklung der klimafreundlichen Mobilit\u00e4t in Stuttgart geht weiter. Der Aktionsplan \u201eNachhaltig und innovativ mobil in Stuttgart\u201c war bereits vor einer Woche mit der Mehrheit von Gr\u00fcnen, SPD, Linksb\u00fcndnis [&hellip;]<\/p>\n","protected":false},"author":14,"featured_media":88543,"comment_status":"closed","ping_status":"closed","sticky":false,"template":"","format":"standard","meta":{"footnotes":""},"categories":[626],"tags":[2000,3657,3863,320,4323,4270,1574,66,4244,54],"class_list":["post-88535","post","type-post","status-publish","format-standard","has-post-thumbnail","hentry","category-stuttgart-heute","tag-autos-in-stuttgart","tag-die-fraktion","tag-die-fraktion-stuttgart","tag-hannes-rockenbauch","tag-klimaneutralitaet-2035","tag-linksbuendnis-stuttgart","tag-luigi-pantisano","tag-martin-koerner","tag-mobilitaet-in-stuttgart","tag-stuttgart"],"read":true,"yoast_head":"<!-- This site is optimized with the Yoast SEO plugin v27.1.1 - https:\/\/yoast.com\/product\/yoast-seo-wordpress\/ -->\n<title>Pl\u00e4ne der Stadt Stuttgart: Autoverkehr soll um 20 Prozent reduziert werden - STUGGI.TV<\/title>\n<meta name=\"robots\" content=\"index, follow, max-snippet:-1, max-image-preview:large, max-video-preview:-1\" \/>\n<link rel=\"canonical\" href=\"http:\/\/stuggitv.com\/?p=88535\" \/>\n<meta property=\"og:locale\" content=\"de_DE\" \/>\n<meta property=\"og:type\" content=\"article\" \/>\n<meta property=\"og:title\" content=\"Pl\u00e4ne der Stadt Stuttgart: Autoverkehr soll um 20 Prozent reduziert werden - STUGGI.TV\" \/>\n<meta property=\"og:description\" content=\"Debatte \u00fcber neue Mobilit\u00e4ts-Ziele Die rathausinterne Debatte \u00fcber die neuen Ziele zur Weiterentwicklung der klimafreundlichen Mobilit\u00e4t in Stuttgart geht weiter. Der Aktionsplan \u201eNachhaltig und innovativ mobil in Stuttgart\u201c war bereits vor einer Woche mit der Mehrheit von Gr\u00fcnen, SPD, Linksb\u00fcndnis [&hellip;]\" \/>\n<meta property=\"og:url\" content=\"http:\/\/stuggitv.com\/?p=88535\" \/>\n<meta property=\"og:site_name\" content=\"STUGGI.TV\" \/>\n<meta property=\"article:publisher\" content=\"https:\/\/www.facebook.com\/stuggitv\" \/>\n<meta property=\"article:published_time\" content=\"2023-04-10T12:28:47+00:00\" \/>\n<meta property=\"article:modified_time\" content=\"2023-04-12T07:04:18+00:00\" \/>\n<meta property=\"og:image\" content=\"http:\/\/stuggitv.com\/wp-content\/uploads\/Mobilitaet-Stuttgart_BB_Foto_STUGGITV.jpg\" \/>\n\t<meta property=\"og:image:width\" content=\"1500\" \/>\n\t<meta property=\"og:image:height\" content=\"1000\" \/>\n\t<meta property=\"og:image:type\" content=\"image\/jpeg\" \/>\n<meta name=\"author\" content=\"Johannes Frank\" \/>\n<meta name=\"twitter:card\" content=\"summary_large_image\" \/>\n<meta name=\"twitter:creator\" content=\"@stuggitv\" \/>\n<meta name=\"twitter:site\" content=\"@stuggitv\" \/>\n<meta name=\"twitter:label1\" content=\"Verfasst von\" \/>\n\t<meta name=\"twitter:data1\" content=\"Johannes Frank\" \/>\n\t<meta name=\"twitter:label2\" content=\"Gesch\u00e4tzte Lesezeit\" \/>\n\t<meta name=\"twitter:data2\" content=\"3\u00a0Minuten\" \/>\n<script type=\"application\/ld+json\" class=\"yoast-schema-graph\">{\"@context\":\"https:\/\/schema.org\",\"@graph\":[{\"@type\":\"Article\",\"@id\":\"http:\/\/stuggitv.com\/?p=88535#article\",\"isPartOf\":{\"@id\":\"http:\/\/stuggitv.com\/?p=88535\"},\"author\":{\"name\":\"Johannes Frank\",\"@id\":\"http:\/\/stuggitv.com\/#\/schema\/person\/46d868c673a78d677a41aa95821c66ec\"},\"headline\":\"Pl\u00e4ne der Stadt Stuttgart: Autoverkehr soll um 20 Prozent reduziert werden\",\"datePublished\":\"2023-04-10T12:28:47+00:00\",\"dateModified\":\"2023-04-12T07:04:18+00:00\",\"mainEntityOfPage\":{\"@id\":\"http:\/\/stuggitv.com\/?p=88535\"},\"wordCount\":575,\"publisher\":{\"@id\":\"http:\/\/stuggitv.com\/#organization\"},\"image\":{\"@id\":\"http:\/\/stuggitv.com\/?p=88535#primaryimage\"},\"thumbnailUrl\":\"http:\/\/stuggitv.com\/wp-content\/uploads\/Mobilitaet-Stuttgart_BB_Foto_STUGGITV.jpg\",\"keywords\":[\"Autos in Stuttgart\",\"Die Fraktion\",\"Die Fraktion Stuttgart\",\"Hannes Rockenbauch\",\"Klimaneutralit\u00e4t 2035\",\"Linksb\u00fcndnis Stuttgart\",\"Luigi Pantisano\",\"Martin K\u00f6rner\",\"Mobilit\u00e4t in Stuttgart\",\"Stuttgart\"],\"articleSection\":[\"Stuttgart heute\"],\"inLanguage\":\"de\"},{\"@type\":\"WebPage\",\"@id\":\"http:\/\/stuggitv.com\/?p=88535\",\"url\":\"http:\/\/stuggitv.com\/?p=88535\",\"name\":\"Pl\u00e4ne der Stadt Stuttgart: Autoverkehr soll um 20 Prozent reduziert werden - STUGGI.TV\",\"isPartOf\":{\"@id\":\"http:\/\/stuggitv.com\/#website\"},\"primaryImageOfPage\":{\"@id\":\"http:\/\/stuggitv.com\/?p=88535#primaryimage\"},\"image\":{\"@id\":\"http:\/\/stuggitv.com\/?p=88535#primaryimage\"},\"thumbnailUrl\":\"http:\/\/stuggitv.com\/wp-content\/uploads\/Mobilitaet-Stuttgart_BB_Foto_STUGGITV.jpg\",\"datePublished\":\"2023-04-10T12:28:47+00:00\",\"dateModified\":\"2023-04-12T07:04:18+00:00\",\"breadcrumb\":{\"@id\":\"http:\/\/stuggitv.com\/?p=88535#breadcrumb\"},\"inLanguage\":\"de\",\"potentialAction\":[{\"@type\":\"ReadAction\",\"target\":[\"http:\/\/stuggitv.com\/?p=88535\"]}]},{\"@type\":\"ImageObject\",\"inLanguage\":\"de\",\"@id\":\"http:\/\/stuggitv.com\/?p=88535#primaryimage\",\"url\":\"http:\/\/stuggitv.com\/wp-content\/uploads\/Mobilitaet-Stuttgart_BB_Foto_STUGGITV.jpg\",\"contentUrl\":\"http:\/\/stuggitv.com\/wp-content\/uploads\/Mobilitaet-Stuttgart_BB_Foto_STUGGITV.jpg\",\"width\":1500,\"height\":1000,\"caption\":\"Pl\u00e4ne der Stadt Stuttgart: Autoverkehr soll um 20 Prozent reduziert werden (Foto: STUGGI.TV)\"},{\"@type\":\"BreadcrumbList\",\"@id\":\"http:\/\/stuggitv.com\/?p=88535#breadcrumb\",\"itemListElement\":[{\"@type\":\"ListItem\",\"position\":1,\"name\":\"STUGGI.TV\",\"item\":\"http:\/\/stuggitv.com\/\"},{\"@type\":\"ListItem\",\"position\":2,\"name\":\"Pl\u00e4ne der Stadt Stuttgart: Autoverkehr soll um 20 Prozent reduziert werden\"}]},{\"@type\":\"WebSite\",\"@id\":\"http:\/\/stuggitv.com\/#website\",\"url\":\"http:\/\/stuggitv.com\/\",\"name\":\"STUGGI.TV\",\"description\":\"Der Onlinesender f\u00fcr Stuttgart\",\"publisher\":{\"@id\":\"http:\/\/stuggitv.com\/#organization\"},\"potentialAction\":[{\"@type\":\"SearchAction\",\"target\":{\"@type\":\"EntryPoint\",\"urlTemplate\":\"http:\/\/stuggitv.com\/?s={search_term_string}\"},\"query-input\":{\"@type\":\"PropertyValueSpecification\",\"valueRequired\":true,\"valueName\":\"search_term_string\"}}],\"inLanguage\":\"de\"},{\"@type\":\"Organization\",\"@id\":\"http:\/\/stuggitv.com\/#organization\",\"name\":\"STUGGI.TV\",\"url\":\"http:\/\/stuggitv.com\/\",\"logo\":{\"@type\":\"ImageObject\",\"inLanguage\":\"de\",\"@id\":\"http:\/\/stuggitv.com\/#\/schema\/logo\/image\/\",\"url\":\"http:\/\/stuggitv.com\/wp-content\/uploads\/stuggitv_logo_rgb.jpg\",\"contentUrl\":\"http:\/\/stuggitv.com\/wp-content\/uploads\/stuggitv_logo_rgb.jpg\",\"width\":320,\"height\":78,\"caption\":\"STUGGI.TV\"},\"image\":{\"@id\":\"http:\/\/stuggitv.com\/#\/schema\/logo\/image\/\"},\"sameAs\":[\"https:\/\/www.facebook.com\/stuggitv\",\"https:\/\/x.com\/stuggitv\"]},{\"@type\":\"Person\",\"@id\":\"http:\/\/stuggitv.com\/#\/schema\/person\/46d868c673a78d677a41aa95821c66ec\",\"name\":\"Johannes Frank\",\"image\":{\"@type\":\"ImageObject\",\"inLanguage\":\"de\",\"@id\":\"http:\/\/stuggitv.com\/#\/schema\/person\/image\/\",\"url\":\"https:\/\/secure.gravatar.com\/avatar\/47ed3c010fd35e7aa6f92f9a11c0a605fddea06ac0ef5c2217a407ee29b31bc2?s=96&d=mm&r=g\",\"contentUrl\":\"https:\/\/secure.gravatar.com\/avatar\/47ed3c010fd35e7aa6f92f9a11c0a605fddea06ac0ef5c2217a407ee29b31bc2?s=96&d=mm&r=g\",\"caption\":\"Johannes Frank\"},\"description\":\"\u2026weils do oifach schee isch ond emmr ebbes zom Entdecka gibt.\",\"url\":\"http:\/\/stuggitv.com\/?author=14\"}]}<\/script>\n<!-- \/ Yoast SEO plugin. -->","yoast_head_json":{"title":"Pl\u00e4ne der Stadt Stuttgart: Autoverkehr soll um 20 Prozent reduziert werden - STUGGI.TV","robots":{"index":"index","follow":"follow","max-snippet":"max-snippet:-1","max-image-preview":"max-image-preview:large","max-video-preview":"max-video-preview:-1"},"canonical":"http:\/\/stuggitv.com\/?p=88535","og_locale":"de_DE","og_type":"article","og_title":"Pl\u00e4ne der Stadt Stuttgart: Autoverkehr soll um 20 Prozent reduziert werden - STUGGI.TV","og_description":"Debatte \u00fcber neue Mobilit\u00e4ts-Ziele Die rathausinterne Debatte \u00fcber die neuen Ziele zur Weiterentwicklung der klimafreundlichen Mobilit\u00e4t in Stuttgart geht weiter. Der Aktionsplan \u201eNachhaltig und innovativ mobil in Stuttgart\u201c war bereits vor einer Woche mit der Mehrheit von Gr\u00fcnen, SPD, Linksb\u00fcndnis [&hellip;]","og_url":"http:\/\/stuggitv.com\/?p=88535","og_site_name":"STUGGI.TV","article_publisher":"https:\/\/www.facebook.com\/stuggitv","article_published_time":"2023-04-10T12:28:47+00:00","article_modified_time":"2023-04-12T07:04:18+00:00","og_image":[{"width":1500,"height":1000,"url":"http:\/\/stuggitv.com\/wp-content\/uploads\/Mobilitaet-Stuttgart_BB_Foto_STUGGITV.jpg","type":"image\/jpeg"}],"author":"Johannes Frank","twitter_card":"summary_large_image","twitter_creator":"@stuggitv","twitter_site":"@stuggitv","twitter_misc":{"Verfasst von":"Johannes Frank","Gesch\u00e4tzte Lesezeit":"3\u00a0Minuten"},"schema":{"@context":"https:\/\/schema.org","@graph":[{"@type":"Article","@id":"http:\/\/stuggitv.com\/?p=88535#article","isPartOf":{"@id":"http:\/\/stuggitv.com\/?p=88535"},"author":{"name":"Johannes Frank","@id":"http:\/\/stuggitv.com\/#\/schema\/person\/46d868c673a78d677a41aa95821c66ec"},"headline":"Pl\u00e4ne der Stadt Stuttgart: Autoverkehr soll um 20 Prozent reduziert werden","datePublished":"2023-04-10T12:28:47+00:00","dateModified":"2023-04-12T07:04:18+00:00","mainEntityOfPage":{"@id":"http:\/\/stuggitv.com\/?p=88535"},"wordCount":575,"publisher":{"@id":"http:\/\/stuggitv.com\/#organization"},"image":{"@id":"http:\/\/stuggitv.com\/?p=88535#primaryimage"},"thumbnailUrl":"http:\/\/stuggitv.com\/wp-content\/uploads\/Mobilitaet-Stuttgart_BB_Foto_STUGGITV.jpg","keywords":["Autos in Stuttgart","Die Fraktion","Die Fraktion Stuttgart","Hannes Rockenbauch","Klimaneutralit\u00e4t 2035","Linksb\u00fcndnis Stuttgart","Luigi Pantisano","Martin K\u00f6rner","Mobilit\u00e4t in Stuttgart","Stuttgart"],"articleSection":["Stuttgart heute"],"inLanguage":"de"},{"@type":"WebPage","@id":"http:\/\/stuggitv.com\/?p=88535","url":"http:\/\/stuggitv.com\/?p=88535","name":"Pl\u00e4ne der Stadt Stuttgart: Autoverkehr soll um 20 Prozent reduziert werden - STUGGI.TV","isPartOf":{"@id":"http:\/\/stuggitv.com\/#website"},"primaryImageOfPage":{"@id":"http:\/\/stuggitv.com\/?p=88535#primaryimage"},"image":{"@id":"http:\/\/stuggitv.com\/?p=88535#primaryimage"},"thumbnailUrl":"http:\/\/stuggitv.com\/wp-content\/uploads\/Mobilitaet-Stuttgart_BB_Foto_STUGGITV.jpg","datePublished":"2023-04-10T12:28:47+00:00","dateModified":"2023-04-12T07:04:18+00:00","breadcrumb":{"@id":"http:\/\/stuggitv.com\/?p=88535#breadcrumb"},"inLanguage":"de","potentialAction":[{"@type":"ReadAction","target":["http:\/\/stuggitv.com\/?p=88535"]}]},{"@type":"ImageObject","inLanguage":"de","@id":"http:\/\/stuggitv.com\/?p=88535#primaryimage","url":"http:\/\/stuggitv.com\/wp-content\/uploads\/Mobilitaet-Stuttgart_BB_Foto_STUGGITV.jpg","contentUrl":"http:\/\/stuggitv.com\/wp-content\/uploads\/Mobilitaet-Stuttgart_BB_Foto_STUGGITV.jpg","width":1500,"height":1000,"caption":"Pl\u00e4ne der Stadt Stuttgart: Autoverkehr soll um 20 Prozent reduziert werden (Foto: STUGGI.TV)"},{"@type":"BreadcrumbList","@id":"http:\/\/stuggitv.com\/?p=88535#breadcrumb","itemListElement":[{"@type":"ListItem","position":1,"name":"STUGGI.TV","item":"http:\/\/stuggitv.com\/"},{"@type":"ListItem","position":2,"name":"Pl\u00e4ne der Stadt Stuttgart: Autoverkehr soll um 20 Prozent reduziert werden"}]},{"@type":"WebSite","@id":"http:\/\/stuggitv.com\/#website","url":"http:\/\/stuggitv.com\/","name":"STUGGI.TV","description":"Der Onlinesender f\u00fcr Stuttgart","publisher":{"@id":"http:\/\/stuggitv.com\/#organization"},"potentialAction":[{"@type":"SearchAction","target":{"@type":"EntryPoint","urlTemplate":"http:\/\/stuggitv.com\/?s={search_term_string}"},"query-input":{"@type":"PropertyValueSpecification","valueRequired":true,"valueName":"search_term_string"}}],"inLanguage":"de"},{"@type":"Organization","@id":"http:\/\/stuggitv.com\/#organization","name":"STUGGI.TV","url":"http:\/\/stuggitv.com\/","logo":{"@type":"ImageObject","inLanguage":"de","@id":"http:\/\/stuggitv.com\/#\/schema\/logo\/image\/","url":"http:\/\/stuggitv.com\/wp-content\/uploads\/stuggitv_logo_rgb.jpg","contentUrl":"http:\/\/stuggitv.com\/wp-content\/uploads\/stuggitv_logo_rgb.jpg","width":320,"height":78,"caption":"STUGGI.TV"},"image":{"@id":"http:\/\/stuggitv.com\/#\/schema\/logo\/image\/"},"sameAs":["https:\/\/www.facebook.com\/stuggitv","https:\/\/x.com\/stuggitv"]},{"@type":"Person","@id":"http:\/\/stuggitv.com\/#\/schema\/person\/46d868c673a78d677a41aa95821c66ec","name":"Johannes Frank","image":{"@type":"ImageObject","inLanguage":"de","@id":"http:\/\/stuggitv.com\/#\/schema\/person\/image\/","url":"https:\/\/secure.gravatar.com\/avatar\/47ed3c010fd35e7aa6f92f9a11c0a605fddea06ac0ef5c2217a407ee29b31bc2?s=96&d=mm&r=g","contentUrl":"https:\/\/secure.gravatar.com\/avatar\/47ed3c010fd35e7aa6f92f9a11c0a605fddea06ac0ef5c2217a407ee29b31bc2?s=96&d=mm&r=g","caption":"Johannes Frank"},"description":"\u2026weils do oifach schee isch ond emmr ebbes zom Entdecka gibt.","url":"http:\/\/stuggitv.com\/?author=14"}]}},"_links":{"self":[{"href":"http:\/\/stuggitv.com\/index.php?rest_route=\/wp\/v2\/posts\/88535","targetHints":{"allow":["GET"]}}],"collection":[{"href":"http:\/\/stuggitv.com\/index.php?rest_route=\/wp\/v2\/posts"}],"about":[{"href":"http:\/\/stuggitv.com\/index.php?rest_route=\/wp\/v2\/types\/post"}],"author":[{"embeddable":true,"href":"http:\/\/stuggitv.com\/index.php?rest_route=\/wp\/v2\/users\/14"}],"replies":[{"embeddable":true,"href":"http:\/\/stuggitv.com\/index.php?rest_route=%2Fwp%2Fv2%2Fcomments&post=88535"}],"version-history":[{"count":7,"href":"http:\/\/stuggitv.com\/index.php?rest_route=\/wp\/v2\/posts\/88535\/revisions"}],"predecessor-version":[{"id":88600,"href":"http:\/\/stuggitv.com\/index.php?rest_route=\/wp\/v2\/posts\/88535\/revisions\/88600"}],"wp:featuredmedia":[{"embeddable":true,"href":"http:\/\/stuggitv.com\/index.php?rest_route=\/wp\/v2\/media\/88543"}],"wp:attachment":[{"href":"http:\/\/stuggitv.com\/index.php?rest_route=%2Fwp%2Fv2%2Fmedia&parent=88535"}],"wp:term":[{"taxonomy":"category","embeddable":true,"href":"http:\/\/stuggitv.com\/index.php?rest_route=%2Fwp%2Fv2%2Fcategories&post=88535"},{"taxonomy":"post_tag","embeddable":true,"href":"http:\/\/stuggitv.com\/index.php?rest_route=%2Fwp%2Fv2%2Ftags&post=88535"}],"curies":[{"name":"wp","href":"https:\/\/api.w.org\/{rel}","templated":true}]}}