{"id":92765,"date":"2023-09-06T09:32:24","date_gmt":"2023-09-06T07:32:24","guid":{"rendered":"https:\/\/www.stuggi.tv\/?p=92765"},"modified":"2023-09-07T09:26:11","modified_gmt":"2023-09-07T07:26:11","slug":"umfrage-wie-sich-stuttgarter-schueler-auf-den-schulstart-vorbereiten","status":"publish","type":"post","link":"http:\/\/stuggitv.com\/?p=92765","title":{"rendered":"Umfrage: Wie sich Stuttgarter Sch\u00fcler auf den Schulstart vorbereiten"},"content":{"rendered":"<h4>Was braucht es f\u00fcr ein erfolgreiches Schuljahr?<\/h4>\n<p>Ein Jammer &#8211; die gro\u00dfen Sommerferien sind zu Ende. Doch wo etwas endet, beginnt auch etwas Neues. Kurz vor dem Schulstart in Baden-W\u00fcrttemberg am 11. September 2023 haben wir f\u00fcr alle Sch\u00fcler wertvolle Tipps f\u00fcr ein erfolgreiches Schuljahr. Von effektiven Lernmethoden bis zur Zielsetzung ist alles mit dabei (<a href=\"http:\/\/stuggitv.com\/2018\/09\/schulstart-in-bw-tipps-fuer-den-start-in-erfolgreiches-schuljahr\/\" target=\"_blank\" rel=\"noopener\">zum Video hier klicken<\/a>). \u00dcbrigens, wer die n\u00e4chsten Ferien kaum abwarten kann: Ab dem 28. Oktober 2023 sind schon wieder eine Woche lang Herbstferien in Baden-W\u00fcrttemberg.<\/p>\n<h4>Lenkt das Smartphone vom Lernen ab?<\/h4>\n<p>Ohne gehen viele nicht mal mehr aufs Klo: Das Smartphone ist ein st\u00e4ndiger Begleiter in unserem Alltag. Wenn man es nicht in der Hand hat, liegt es meist zumindest griffbereit in der Tasche. Was man nicht wei\u00df, l\u00e4sst sich sofort googeln. Viele Sch\u00fcler stellen sich vor der R\u00fcckkehr in die Schule die Frage: Das Handy lieber ausschalten oder f\u00fcr das schnelle Nachschlagen bereithalten? Mehr dazu <a href=\"http:\/\/stuggitv.com\/2017\/04\/lernen-fuers-abi-handy-ausschalten-oder-griffbereit-halten-2\/\" target=\"_blank\" rel=\"noopener\">hier im Video<\/a>. Die Redaktion w\u00fcnscht euch heute eine entspannte und gute R\u00fcckkehr in den Schulalltag.<\/p>\n","protected":false},"excerpt":{"rendered":"<p>Was braucht es f\u00fcr ein erfolgreiches Schuljahr? Ein Jammer &#8211; die gro\u00dfen Sommerferien sind zu Ende. Doch wo etwas endet, beginnt auch etwas Neues. Kurz vor dem Schulstart in Baden-W\u00fcrttemberg am 11. September 2023 haben wir f\u00fcr alle Sch\u00fcler wertvolle [&hellip;]<\/p>\n","protected":false},"author":31568,"featured_media":92773,"comment_status":"closed","ping_status":"closed","sticky":false,"template":"","format":"standard","meta":{"footnotes":""},"categories":[16],"tags":[6964,5557,1907,1220,6967,7032,375,5473,149],"class_list":["post-92765","post","type-post","status-publish","format-standard","has-post-thumbnail","hentry","category-das-sagt-stuttgart","tag-lernen","tag-schulen-in-baden-wuerttemberg","tag-schulen-in-stuttgart","tag-schulstart","tag-schulstart-in-baden-wuerttemberg","tag-schulstart-in-bw","tag-sommerferien","tag-strassenumfrage","tag-umfrage"],"read":true,"yoast_head":"<!-- This site is optimized with the Yoast SEO plugin v27.1.1 - https:\/\/yoast.com\/product\/yoast-seo-wordpress\/ -->\n<title>Umfrage: Wie sich Stuttgarter Sch\u00fcler auf den Schulstart vorbereiten - STUGGI.TV<\/title>\n<meta name=\"robots\" content=\"index, follow, max-snippet:-1, max-image-preview:large, max-video-preview:-1\" \/>\n<link rel=\"canonical\" href=\"http:\/\/stuggitv.com\/?p=92765\" \/>\n<meta property=\"og:locale\" content=\"de_DE\" \/>\n<meta property=\"og:type\" content=\"article\" \/>\n<meta property=\"og:title\" content=\"Umfrage: Wie sich Stuttgarter Sch\u00fcler auf den Schulstart vorbereiten\" \/>\n<meta property=\"og:description\" content=\"Tsch\u00fcss Sommerferien! Am kommenden Montag hei\u00dft es auch in Baden-W\u00fcrttemberg wieder: Back To School. Wie bereiten sich die Sch\u00fcler in Stuttgart auf den Schulstart vor? Unser Reporter Flemming Nave hat f\u00fcr euch auf der K\u00f6nigstra\u00dfe nachgefragt.\" \/>\n<meta property=\"og:url\" content=\"http:\/\/stuggitv.com\/?p=92765\" \/>\n<meta property=\"og:site_name\" content=\"STUGGI.TV\" \/>\n<meta property=\"article:publisher\" content=\"https:\/\/www.facebook.com\/stuggitv\" \/>\n<meta property=\"article:published_time\" content=\"2023-09-06T07:32:24+00:00\" \/>\n<meta property=\"article:modified_time\" content=\"2023-09-07T07:26:11+00:00\" \/>\n<meta property=\"og:image\" content=\"http:\/\/stuggitv.com\/wp-content\/uploads\/DSS_Schulstart_BB_Foto_STUGGITV.jpg\" \/>\n\t<meta property=\"og:image:width\" content=\"1500\" \/>\n\t<meta property=\"og:image:height\" content=\"1000\" \/>\n\t<meta property=\"og:image:type\" content=\"image\/jpeg\" \/>\n<meta name=\"author\" content=\"Flemming Nave\" \/>\n<meta name=\"twitter:card\" content=\"summary_large_image\" \/>\n<meta name=\"twitter:title\" content=\"Umfrage: Wie sich Stuttgarter Sch\u00fcler auf den Schulstart vorbereiten\" \/>\n<meta name=\"twitter:description\" content=\"Tsch\u00fcss Sommerferien! Am kommenden Montag hei\u00dft es auch in Baden-W\u00fcrttemberg wieder: Back To School. Wie bereiten sich die Sch\u00fcler in Stuttgart auf den Schulstart vor? Unser Reporter Flemming Nave hat f\u00fcr euch auf der K\u00f6nigstra\u00dfe nachgefragt.\" \/>\n<meta name=\"twitter:creator\" content=\"@stuggitv\" \/>\n<meta name=\"twitter:site\" content=\"@stuggitv\" \/>\n<meta name=\"twitter:label1\" content=\"Verfasst von\" \/>\n\t<meta name=\"twitter:data1\" content=\"Flemming Nave\" \/>\n\t<meta name=\"twitter:label2\" content=\"Gesch\u00e4tzte Lesezeit\" \/>\n\t<meta name=\"twitter:data2\" content=\"1\u00a0Minute\" \/>\n<script type=\"application\/ld+json\" class=\"yoast-schema-graph\">{\"@context\":\"https:\/\/schema.org\",\"@graph\":[{\"@type\":\"Article\",\"@id\":\"http:\/\/stuggitv.com\/?p=92765#article\",\"isPartOf\":{\"@id\":\"http:\/\/stuggitv.com\/?p=92765\"},\"author\":{\"name\":\"Flemming Nave\",\"@id\":\"http:\/\/stuggitv.com\/#\/schema\/person\/01ce649d5cb869d7177ba138e92719a3\"},\"headline\":\"Umfrage: Wie sich Stuttgarter Sch\u00fcler auf den Schulstart vorbereiten\",\"datePublished\":\"2023-09-06T07:32:24+00:00\",\"dateModified\":\"2023-09-07T07:26:11+00:00\",\"mainEntityOfPage\":{\"@id\":\"http:\/\/stuggitv.com\/?p=92765\"},\"wordCount\":189,\"publisher\":{\"@id\":\"http:\/\/stuggitv.com\/#organization\"},\"image\":{\"@id\":\"http:\/\/stuggitv.com\/?p=92765#primaryimage\"},\"thumbnailUrl\":\"http:\/\/stuggitv.com\/wp-content\/uploads\/DSS_Schulstart_BB_Foto_STUGGITV.jpg\",\"keywords\":[\"Lernen\",\"Schulen in Baden-W\u00fcrttemberg\",\"Schulen in Stuttgart\",\"Schulstart\",\"Schulstart in Baden-W\u00fcrttemberg\",\"Schulstart in BW\",\"Sommerferien\",\"Stra\u00dfenumfrage\",\"Umfrage\"],\"articleSection\":[\"DAS SAGT STUTTGART\"],\"inLanguage\":\"de\"},{\"@type\":\"WebPage\",\"@id\":\"http:\/\/stuggitv.com\/?p=92765\",\"url\":\"http:\/\/stuggitv.com\/?p=92765\",\"name\":\"Umfrage: Wie sich Stuttgarter Sch\u00fcler auf den Schulstart vorbereiten - STUGGI.TV\",\"isPartOf\":{\"@id\":\"http:\/\/stuggitv.com\/#website\"},\"primaryImageOfPage\":{\"@id\":\"http:\/\/stuggitv.com\/?p=92765#primaryimage\"},\"image\":{\"@id\":\"http:\/\/stuggitv.com\/?p=92765#primaryimage\"},\"thumbnailUrl\":\"http:\/\/stuggitv.com\/wp-content\/uploads\/DSS_Schulstart_BB_Foto_STUGGITV.jpg\",\"datePublished\":\"2023-09-06T07:32:24+00:00\",\"dateModified\":\"2023-09-07T07:26:11+00:00\",\"breadcrumb\":{\"@id\":\"http:\/\/stuggitv.com\/?p=92765#breadcrumb\"},\"inLanguage\":\"de\",\"potentialAction\":[{\"@type\":\"ReadAction\",\"target\":[\"http:\/\/stuggitv.com\/?p=92765\"]}]},{\"@type\":\"ImageObject\",\"inLanguage\":\"de\",\"@id\":\"http:\/\/stuggitv.com\/?p=92765#primaryimage\",\"url\":\"http:\/\/stuggitv.com\/wp-content\/uploads\/DSS_Schulstart_BB_Foto_STUGGITV.jpg\",\"contentUrl\":\"http:\/\/stuggitv.com\/wp-content\/uploads\/DSS_Schulstart_BB_Foto_STUGGITV.jpg\",\"width\":1500,\"height\":1000,\"caption\":\"Umfrage: Wie sich Stuttgarter Sch\u00fcler auf den Schulstart vorbereiten (Foto: STUGGI.TV)\"},{\"@type\":\"BreadcrumbList\",\"@id\":\"http:\/\/stuggitv.com\/?p=92765#breadcrumb\",\"itemListElement\":[{\"@type\":\"ListItem\",\"position\":1,\"name\":\"STUGGI.TV\",\"item\":\"http:\/\/stuggitv.com\/\"},{\"@type\":\"ListItem\",\"position\":2,\"name\":\"Umfrage: Wie sich Stuttgarter Sch\u00fcler auf den Schulstart vorbereiten\"}]},{\"@type\":\"WebSite\",\"@id\":\"http:\/\/stuggitv.com\/#website\",\"url\":\"http:\/\/stuggitv.com\/\",\"name\":\"STUGGI.TV\",\"description\":\"Der Onlinesender f\u00fcr Stuttgart\",\"publisher\":{\"@id\":\"http:\/\/stuggitv.com\/#organization\"},\"potentialAction\":[{\"@type\":\"SearchAction\",\"target\":{\"@type\":\"EntryPoint\",\"urlTemplate\":\"http:\/\/stuggitv.com\/?s={search_term_string}\"},\"query-input\":{\"@type\":\"PropertyValueSpecification\",\"valueRequired\":true,\"valueName\":\"search_term_string\"}}],\"inLanguage\":\"de\"},{\"@type\":\"Organization\",\"@id\":\"http:\/\/stuggitv.com\/#organization\",\"name\":\"STUGGI.TV\",\"url\":\"http:\/\/stuggitv.com\/\",\"logo\":{\"@type\":\"ImageObject\",\"inLanguage\":\"de\",\"@id\":\"http:\/\/stuggitv.com\/#\/schema\/logo\/image\/\",\"url\":\"http:\/\/stuggitv.com\/wp-content\/uploads\/stuggitv_logo_rgb.jpg\",\"contentUrl\":\"http:\/\/stuggitv.com\/wp-content\/uploads\/stuggitv_logo_rgb.jpg\",\"width\":320,\"height\":78,\"caption\":\"STUGGI.TV\"},\"image\":{\"@id\":\"http:\/\/stuggitv.com\/#\/schema\/logo\/image\/\"},\"sameAs\":[\"https:\/\/www.facebook.com\/stuggitv\",\"https:\/\/x.com\/stuggitv\"]},{\"@type\":\"Person\",\"@id\":\"http:\/\/stuggitv.com\/#\/schema\/person\/01ce649d5cb869d7177ba138e92719a3\",\"name\":\"Flemming Nave\",\"image\":{\"@type\":\"ImageObject\",\"inLanguage\":\"de\",\"@id\":\"http:\/\/stuggitv.com\/#\/schema\/person\/image\/\",\"url\":\"https:\/\/secure.gravatar.com\/avatar\/3b836e2ae0c516bda0231bcc636544e2f83f673609357a5736f3b6de5c85f23c?s=96&d=mm&r=g\",\"contentUrl\":\"https:\/\/secure.gravatar.com\/avatar\/3b836e2ae0c516bda0231bcc636544e2f83f673609357a5736f3b6de5c85f23c?s=96&d=mm&r=g\",\"caption\":\"Flemming Nave\"},\"url\":\"http:\/\/stuggitv.com\/?author=31568\"}]}<\/script>\n<!-- \/ Yoast SEO plugin. -->","yoast_head_json":{"title":"Umfrage: Wie sich Stuttgarter Sch\u00fcler auf den Schulstart vorbereiten - STUGGI.TV","robots":{"index":"index","follow":"follow","max-snippet":"max-snippet:-1","max-image-preview":"max-image-preview:large","max-video-preview":"max-video-preview:-1"},"canonical":"http:\/\/stuggitv.com\/?p=92765","og_locale":"de_DE","og_type":"article","og_title":"Umfrage: Wie sich Stuttgarter Sch\u00fcler auf den Schulstart vorbereiten","og_description":"Tsch\u00fcss Sommerferien! Am kommenden Montag hei\u00dft es auch in Baden-W\u00fcrttemberg wieder: Back To School. Wie bereiten sich die Sch\u00fcler in Stuttgart auf den Schulstart vor? Unser Reporter Flemming Nave hat f\u00fcr euch auf der K\u00f6nigstra\u00dfe nachgefragt.","og_url":"http:\/\/stuggitv.com\/?p=92765","og_site_name":"STUGGI.TV","article_publisher":"https:\/\/www.facebook.com\/stuggitv","article_published_time":"2023-09-06T07:32:24+00:00","article_modified_time":"2023-09-07T07:26:11+00:00","og_image":[{"width":1500,"height":1000,"url":"http:\/\/stuggitv.com\/wp-content\/uploads\/DSS_Schulstart_BB_Foto_STUGGITV.jpg","type":"image\/jpeg"}],"author":"Flemming Nave","twitter_card":"summary_large_image","twitter_title":"Umfrage: Wie sich Stuttgarter Sch\u00fcler auf den Schulstart vorbereiten","twitter_description":"Tsch\u00fcss Sommerferien! Am kommenden Montag hei\u00dft es auch in Baden-W\u00fcrttemberg wieder: Back To School. Wie bereiten sich die Sch\u00fcler in Stuttgart auf den Schulstart vor? Unser Reporter Flemming Nave hat f\u00fcr euch auf der K\u00f6nigstra\u00dfe nachgefragt.","twitter_creator":"@stuggitv","twitter_site":"@stuggitv","twitter_misc":{"Verfasst von":"Flemming Nave","Gesch\u00e4tzte Lesezeit":"1\u00a0Minute"},"schema":{"@context":"https:\/\/schema.org","@graph":[{"@type":"Article","@id":"http:\/\/stuggitv.com\/?p=92765#article","isPartOf":{"@id":"http:\/\/stuggitv.com\/?p=92765"},"author":{"name":"Flemming Nave","@id":"http:\/\/stuggitv.com\/#\/schema\/person\/01ce649d5cb869d7177ba138e92719a3"},"headline":"Umfrage: Wie sich Stuttgarter Sch\u00fcler auf den Schulstart vorbereiten","datePublished":"2023-09-06T07:32:24+00:00","dateModified":"2023-09-07T07:26:11+00:00","mainEntityOfPage":{"@id":"http:\/\/stuggitv.com\/?p=92765"},"wordCount":189,"publisher":{"@id":"http:\/\/stuggitv.com\/#organization"},"image":{"@id":"http:\/\/stuggitv.com\/?p=92765#primaryimage"},"thumbnailUrl":"http:\/\/stuggitv.com\/wp-content\/uploads\/DSS_Schulstart_BB_Foto_STUGGITV.jpg","keywords":["Lernen","Schulen in Baden-W\u00fcrttemberg","Schulen in Stuttgart","Schulstart","Schulstart in Baden-W\u00fcrttemberg","Schulstart in BW","Sommerferien","Stra\u00dfenumfrage","Umfrage"],"articleSection":["DAS SAGT STUTTGART"],"inLanguage":"de"},{"@type":"WebPage","@id":"http:\/\/stuggitv.com\/?p=92765","url":"http:\/\/stuggitv.com\/?p=92765","name":"Umfrage: Wie sich Stuttgarter Sch\u00fcler auf den Schulstart vorbereiten - STUGGI.TV","isPartOf":{"@id":"http:\/\/stuggitv.com\/#website"},"primaryImageOfPage":{"@id":"http:\/\/stuggitv.com\/?p=92765#primaryimage"},"image":{"@id":"http:\/\/stuggitv.com\/?p=92765#primaryimage"},"thumbnailUrl":"http:\/\/stuggitv.com\/wp-content\/uploads\/DSS_Schulstart_BB_Foto_STUGGITV.jpg","datePublished":"2023-09-06T07:32:24+00:00","dateModified":"2023-09-07T07:26:11+00:00","breadcrumb":{"@id":"http:\/\/stuggitv.com\/?p=92765#breadcrumb"},"inLanguage":"de","potentialAction":[{"@type":"ReadAction","target":["http:\/\/stuggitv.com\/?p=92765"]}]},{"@type":"ImageObject","inLanguage":"de","@id":"http:\/\/stuggitv.com\/?p=92765#primaryimage","url":"http:\/\/stuggitv.com\/wp-content\/uploads\/DSS_Schulstart_BB_Foto_STUGGITV.jpg","contentUrl":"http:\/\/stuggitv.com\/wp-content\/uploads\/DSS_Schulstart_BB_Foto_STUGGITV.jpg","width":1500,"height":1000,"caption":"Umfrage: Wie sich Stuttgarter Sch\u00fcler auf den Schulstart vorbereiten (Foto: STUGGI.TV)"},{"@type":"BreadcrumbList","@id":"http:\/\/stuggitv.com\/?p=92765#breadcrumb","itemListElement":[{"@type":"ListItem","position":1,"name":"STUGGI.TV","item":"http:\/\/stuggitv.com\/"},{"@type":"ListItem","position":2,"name":"Umfrage: Wie sich Stuttgarter Sch\u00fcler auf den Schulstart vorbereiten"}]},{"@type":"WebSite","@id":"http:\/\/stuggitv.com\/#website","url":"http:\/\/stuggitv.com\/","name":"STUGGI.TV","description":"Der Onlinesender f\u00fcr Stuttgart","publisher":{"@id":"http:\/\/stuggitv.com\/#organization"},"potentialAction":[{"@type":"SearchAction","target":{"@type":"EntryPoint","urlTemplate":"http:\/\/stuggitv.com\/?s={search_term_string}"},"query-input":{"@type":"PropertyValueSpecification","valueRequired":true,"valueName":"search_term_string"}}],"inLanguage":"de"},{"@type":"Organization","@id":"http:\/\/stuggitv.com\/#organization","name":"STUGGI.TV","url":"http:\/\/stuggitv.com\/","logo":{"@type":"ImageObject","inLanguage":"de","@id":"http:\/\/stuggitv.com\/#\/schema\/logo\/image\/","url":"http:\/\/stuggitv.com\/wp-content\/uploads\/stuggitv_logo_rgb.jpg","contentUrl":"http:\/\/stuggitv.com\/wp-content\/uploads\/stuggitv_logo_rgb.jpg","width":320,"height":78,"caption":"STUGGI.TV"},"image":{"@id":"http:\/\/stuggitv.com\/#\/schema\/logo\/image\/"},"sameAs":["https:\/\/www.facebook.com\/stuggitv","https:\/\/x.com\/stuggitv"]},{"@type":"Person","@id":"http:\/\/stuggitv.com\/#\/schema\/person\/01ce649d5cb869d7177ba138e92719a3","name":"Flemming Nave","image":{"@type":"ImageObject","inLanguage":"de","@id":"http:\/\/stuggitv.com\/#\/schema\/person\/image\/","url":"https:\/\/secure.gravatar.com\/avatar\/3b836e2ae0c516bda0231bcc636544e2f83f673609357a5736f3b6de5c85f23c?s=96&d=mm&r=g","contentUrl":"https:\/\/secure.gravatar.com\/avatar\/3b836e2ae0c516bda0231bcc636544e2f83f673609357a5736f3b6de5c85f23c?s=96&d=mm&r=g","caption":"Flemming Nave"},"url":"http:\/\/stuggitv.com\/?author=31568"}]}},"_links":{"self":[{"href":"http:\/\/stuggitv.com\/index.php?rest_route=\/wp\/v2\/posts\/92765","targetHints":{"allow":["GET"]}}],"collection":[{"href":"http:\/\/stuggitv.com\/index.php?rest_route=\/wp\/v2\/posts"}],"about":[{"href":"http:\/\/stuggitv.com\/index.php?rest_route=\/wp\/v2\/types\/post"}],"author":[{"embeddable":true,"href":"http:\/\/stuggitv.com\/index.php?rest_route=\/wp\/v2\/users\/31568"}],"replies":[{"embeddable":true,"href":"http:\/\/stuggitv.com\/index.php?rest_route=%2Fwp%2Fv2%2Fcomments&post=92765"}],"version-history":[{"count":10,"href":"http:\/\/stuggitv.com\/index.php?rest_route=\/wp\/v2\/posts\/92765\/revisions"}],"predecessor-version":[{"id":93326,"href":"http:\/\/stuggitv.com\/index.php?rest_route=\/wp\/v2\/posts\/92765\/revisions\/93326"}],"wp:featuredmedia":[{"embeddable":true,"href":"http:\/\/stuggitv.com\/index.php?rest_route=\/wp\/v2\/media\/92773"}],"wp:attachment":[{"href":"http:\/\/stuggitv.com\/index.php?rest_route=%2Fwp%2Fv2%2Fmedia&parent=92765"}],"wp:term":[{"taxonomy":"category","embeddable":true,"href":"http:\/\/stuggitv.com\/index.php?rest_route=%2Fwp%2Fv2%2Fcategories&post=92765"},{"taxonomy":"post_tag","embeddable":true,"href":"http:\/\/stuggitv.com\/index.php?rest_route=%2Fwp%2Fv2%2Ftags&post=92765"}],"curies":[{"name":"wp","href":"https:\/\/api.w.org\/{rel}","templated":true}]}}