{"id":94276,"date":"2023-10-17T16:45:41","date_gmt":"2023-10-17T14:45:41","guid":{"rendered":"https:\/\/www.stuggi.tv\/?p=94276"},"modified":"2023-10-18T09:35:31","modified_gmt":"2023-10-18T07:35:31","slug":"linksbuendnis-will-leerstand-zur-unterbringung-von-gefluechteten-beschlagnahmen","status":"publish","type":"post","link":"http:\/\/stuggitv.com\/?p=94276","title":{"rendered":"Linksb\u00fcndnis will Leerstand zur Unterbringung von Gefl\u00fcchteten beschlagnahmen"},"content":{"rendered":"<h4>Leerstand f\u00fcr die Unterbringung beschlagnahmen<\/h4>\n<p>Die Forderung der Fraktion die FrAKTION sieht vor, dass das EnBW-Gel\u00e4nde am St\u00f6ckach und die leerstehenden B\u00fcros im Stuttgarter Westen f\u00fcr die Unterbringung der Gefl\u00fcchteten genutzt werden sollen. Die Verwaltungsspitze soll sich zun\u00e4chst mit dem Energiekonzern EnBW als Eigent\u00fcmer der leerstehenden B\u00fcrogeb\u00e4ude in Verbindung setzen und darauf dringen, dass auf dem Gel\u00e4nde in der Hackstra\u00dfe im Stuttgarter Osten und den B\u00fcros im Stuttgarter Westen Gefl\u00fcchtete tempor\u00e4r untergebracht werden k\u00f6nnen. Sollte der Konzern dem nicht zustimmen, soll die Stadtverwaltung die entsprechenden Immobilien und Grundst\u00fccke beschlagnahmen. \u201eWenn der Oberb\u00fcrgermeister jetzt so tut, als ob nur noch die Belegung von Sport- und Versammlungshallen f\u00fcr die Unterbringung von Gefl\u00fcchteten \u00fcbrigblieben, dann ist es geradezu obsz\u00f6n, einen Leerstand in zentraler Lage in der Stadt nicht zu nutzen, um dort Gefl\u00fcchtete menschenw\u00fcrdig unterzubringen\u201c, so Fraktionssprecher Hannes Rockenbauch (S\u00d6S).<\/p>\n<h4>Belegung von Turnhallen soll vermieden werden<\/h4>\n<p>Oberb\u00fcrgermeister Frank Nopper hat sich in seiner Rede auf der Einwohnerversammlung in Zuffenhausen am Montag wie folgt zur aktuellen Gefl\u00fcchteten-Situation ge\u00e4u\u00dfert: \u201eUns war und ist es wichtig, dass unsere Hallen f\u00fcr Vereine, f\u00fcr den Schulsport und f\u00fcr Veranstaltungen frei bleiben. Wir suchen h\u00e4nderingend nach Alternativen, um die Belegung von Hallen doch noch abzuwenden. So wie es aussieht, hat die Landeshauptstadt Stuttgart aber keine andere Wahl.&#8220; Die Stadt teilt auf Anfrage mit, man w\u00fcrde selbstverst\u00e4ndlich zahlreiche Objekte, die leer stehen, in Betracht ziehen. Jedoch k\u00f6nne man nur auf Geb\u00e4ude zugreifen, die der Stadt geh\u00f6ren oder zur Miete angeboten werden. So auch im Fall des EnBW-Gel\u00e4ndes am St\u00f6ckach. Dazu f\u00fchre man bereits Gespr\u00e4che mit dem Eigent\u00fcmer.<\/p>\n<h4>EnBW steht Unterst\u00fctzung offen gegen\u00fcber<\/h4>\n<p>Die EnBW teilte auf Anfrage von STUGGI.TV mit, dass einige Teile der R\u00e4umlichkeiten im St\u00f6ckach-Areal derzeit noch vor\u00fcbergehend genutzt werden und der Zustand der \u00fcbrigen R\u00e4umlichkeiten laut EnBW eine kurzfristige Nutzung erschwert. \u201eGleichwohl verfolgt nat\u00fcrlich auch die EnBW mit gro\u00dfer Sorge die aktuelle Situation in den Kommunen. Wir stehen dem Gedanken, die Stadt an dieser Stelle zu unterst\u00fctzen, deshalb sehr aufgeschlossen gegen\u00fcber. Dazu gibt es auch bereits seit l\u00e4ngerer Zeit konkrete Gespr\u00e4che mit der Stadt&#8220;, so ein Konzernsprecher.<\/p>\n<h4>VIDEO: Wir haben die Stuttgarterinnen und Stuttgarter gefragt, was sie f\u00fcr den Klimaschutz tun<\/h4>\n<p><iframe loading=\"lazy\" title=\"Wie sehr achtet ihr auf den Umweltschutz? | STUGGI.TV\" width=\"500\" height=\"281\" src=\"https:\/\/www.youtube.com\/embed\/ihTJQeGcR_4?feature=oembed\" frameborder=\"0\" allow=\"accelerometer; autoplay; clipboard-write; encrypted-media; gyroscope; picture-in-picture; web-share\" referrerpolicy=\"strict-origin-when-cross-origin\" allowfullscreen><\/iframe><\/p>\n<p><em>Das Video wird nicht angezeigt? Dann <a href=\"https:\/\/youtu.be\/ihTJQeGcR_4\" target=\"_blank\" rel=\"noopener\">hier<\/a> klicken.\u00a0<\/em><\/p>\n","protected":false},"excerpt":{"rendered":"<p>Leerstand f\u00fcr die Unterbringung beschlagnahmen Die Forderung der Fraktion die FrAKTION sieht vor, dass das EnBW-Gel\u00e4nde am St\u00f6ckach und die leerstehenden B\u00fcros im Stuttgarter Westen f\u00fcr die Unterbringung der Gefl\u00fcchteten genutzt werden sollen. Die Verwaltungsspitze soll sich zun\u00e4chst mit dem [&hellip;]<\/p>\n","protected":false},"author":12,"featured_media":94285,"comment_status":"closed","ping_status":"closed","sticky":false,"template":"","format":"standard","meta":{"footnotes":""},"categories":[626],"tags":[3657,3863,3147,3565,77,7315,320,3658,4270,64,262,4095,54,710,925,7346],"class_list":["post-94276","post","type-post","status-publish","format-standard","has-post-thumbnail","hentry","category-stuttgart-heute","tag-die-fraktion","tag-die-fraktion-stuttgart","tag-dr-frank-nopper","tag-enbw","tag-frank-nopper","tag-gefluechtete-stuttgart","tag-hannes-rockenbauch","tag-linksbuendnis","tag-linksbuendnis-stuttgart","tag-oberbuergermeister","tag-rathaus","tag-stoeckach","tag-stuttgart","tag-stuttgart-ost","tag-stuttgart-west","tag-turnhallen"],"read":true,"yoast_head":"<!-- This site is optimized with the Yoast SEO plugin v27.1.1 - https:\/\/yoast.com\/product\/yoast-seo-wordpress\/ -->\n<title>Linksb\u00fcndnis will Leerstand zur Unterbringung von Gefl\u00fcchteten beschlagnahmen - STUGGI.TV<\/title>\n<meta name=\"robots\" content=\"index, follow, max-snippet:-1, max-image-preview:large, max-video-preview:-1\" \/>\n<link rel=\"canonical\" href=\"http:\/\/stuggitv.com\/?p=94276\" \/>\n<meta property=\"og:locale\" content=\"de_DE\" \/>\n<meta property=\"og:type\" content=\"article\" \/>\n<meta property=\"og:title\" content=\"Linksb\u00fcndnis will Leerstand zur Unterbringung von Gefl\u00fcchteten beschlagnahmen - STUGGI.TV\" \/>\n<meta property=\"og:description\" content=\"Leerstand f\u00fcr die Unterbringung beschlagnahmen Die Forderung der Fraktion die FrAKTION sieht vor, dass das EnBW-Gel\u00e4nde am St\u00f6ckach und die leerstehenden B\u00fcros im Stuttgarter Westen f\u00fcr die Unterbringung der Gefl\u00fcchteten genutzt werden sollen. Die Verwaltungsspitze soll sich zun\u00e4chst mit dem [&hellip;]\" \/>\n<meta property=\"og:url\" content=\"http:\/\/stuggitv.com\/?p=94276\" \/>\n<meta property=\"og:site_name\" content=\"STUGGI.TV\" \/>\n<meta property=\"article:publisher\" content=\"https:\/\/www.facebook.com\/stuggitv\" \/>\n<meta property=\"article:published_time\" content=\"2023-10-17T14:45:41+00:00\" \/>\n<meta property=\"article:modified_time\" content=\"2023-10-18T07:35:31+00:00\" \/>\n<meta property=\"og:image\" content=\"http:\/\/stuggitv.com\/wp-content\/uploads\/Unterbringung_Geflu\u0308chtete_BB_Foto_STUGGITV.jpg\" \/>\n\t<meta property=\"og:image:width\" content=\"1500\" \/>\n\t<meta property=\"og:image:height\" content=\"1000\" \/>\n\t<meta property=\"og:image:type\" content=\"image\/jpeg\" \/>\n<meta name=\"author\" content=\"Sebastian Braun\" \/>\n<meta name=\"twitter:card\" content=\"summary_large_image\" \/>\n<meta name=\"twitter:creator\" content=\"@stuggitv\" \/>\n<meta name=\"twitter:site\" content=\"@stuggitv\" \/>\n<meta name=\"twitter:label1\" content=\"Verfasst von\" \/>\n\t<meta name=\"twitter:data1\" content=\"Sebastian Braun\" \/>\n\t<meta name=\"twitter:label2\" content=\"Gesch\u00e4tzte Lesezeit\" \/>\n\t<meta name=\"twitter:data2\" content=\"3\u00a0Minuten\" \/>\n<script type=\"application\/ld+json\" class=\"yoast-schema-graph\">{\"@context\":\"https:\/\/schema.org\",\"@graph\":[{\"@type\":\"Article\",\"@id\":\"http:\/\/stuggitv.com\/?p=94276#article\",\"isPartOf\":{\"@id\":\"http:\/\/stuggitv.com\/?p=94276\"},\"author\":{\"name\":\"Sebastian Braun\",\"@id\":\"http:\/\/stuggitv.com\/#\/schema\/person\/7bb970b1f0de857cfedb50527ba7ab61\"},\"headline\":\"Linksb\u00fcndnis will Leerstand zur Unterbringung von Gefl\u00fcchteten beschlagnahmen\",\"datePublished\":\"2023-10-17T14:45:41+00:00\",\"dateModified\":\"2023-10-18T07:35:31+00:00\",\"mainEntityOfPage\":{\"@id\":\"http:\/\/stuggitv.com\/?p=94276\"},\"wordCount\":432,\"publisher\":{\"@id\":\"http:\/\/stuggitv.com\/#organization\"},\"image\":{\"@id\":\"http:\/\/stuggitv.com\/?p=94276#primaryimage\"},\"thumbnailUrl\":\"http:\/\/stuggitv.com\/wp-content\/uploads\/Unterbringung_Geflu\u0308chtete_BB_Foto_STUGGITV.jpg\",\"keywords\":[\"Die Fraktion\",\"Die Fraktion Stuttgart\",\"Dr. Frank Nopper\",\"Enbw\",\"Frank Nopper\",\"Gefl\u00fcchtete Stuttgart\",\"Hannes Rockenbauch\",\"Linksb\u00fcndnis\",\"Linksb\u00fcndnis Stuttgart\",\"Oberb\u00fcrgermeister\",\"Rathaus\",\"St\u00f6ckach\",\"Stuttgart\",\"Stuttgart-Ost\",\"Stuttgart-West\",\"Turnhallen\"],\"articleSection\":[\"Stuttgart heute\"],\"inLanguage\":\"de\"},{\"@type\":\"WebPage\",\"@id\":\"http:\/\/stuggitv.com\/?p=94276\",\"url\":\"http:\/\/stuggitv.com\/?p=94276\",\"name\":\"Linksb\u00fcndnis will Leerstand zur Unterbringung von Gefl\u00fcchteten beschlagnahmen - STUGGI.TV\",\"isPartOf\":{\"@id\":\"http:\/\/stuggitv.com\/#website\"},\"primaryImageOfPage\":{\"@id\":\"http:\/\/stuggitv.com\/?p=94276#primaryimage\"},\"image\":{\"@id\":\"http:\/\/stuggitv.com\/?p=94276#primaryimage\"},\"thumbnailUrl\":\"http:\/\/stuggitv.com\/wp-content\/uploads\/Unterbringung_Geflu\u0308chtete_BB_Foto_STUGGITV.jpg\",\"datePublished\":\"2023-10-17T14:45:41+00:00\",\"dateModified\":\"2023-10-18T07:35:31+00:00\",\"breadcrumb\":{\"@id\":\"http:\/\/stuggitv.com\/?p=94276#breadcrumb\"},\"inLanguage\":\"de\",\"potentialAction\":[{\"@type\":\"ReadAction\",\"target\":[\"http:\/\/stuggitv.com\/?p=94276\"]}]},{\"@type\":\"ImageObject\",\"inLanguage\":\"de\",\"@id\":\"http:\/\/stuggitv.com\/?p=94276#primaryimage\",\"url\":\"http:\/\/stuggitv.com\/wp-content\/uploads\/Unterbringung_Geflu\u0308chtete_BB_Foto_STUGGITV.jpg\",\"contentUrl\":\"http:\/\/stuggitv.com\/wp-content\/uploads\/Unterbringung_Geflu\u0308chtete_BB_Foto_STUGGITV.jpg\",\"width\":1500,\"height\":1000,\"caption\":\"DieFraktion will Leerstand zur Unterbringung von Gefl\u00fcchteten beschlagnahmen (Foto: STUGGI.TV)\"},{\"@type\":\"BreadcrumbList\",\"@id\":\"http:\/\/stuggitv.com\/?p=94276#breadcrumb\",\"itemListElement\":[{\"@type\":\"ListItem\",\"position\":1,\"name\":\"STUGGI.TV\",\"item\":\"http:\/\/stuggitv.com\/\"},{\"@type\":\"ListItem\",\"position\":2,\"name\":\"Linksb\u00fcndnis will Leerstand zur Unterbringung von Gefl\u00fcchteten beschlagnahmen\"}]},{\"@type\":\"WebSite\",\"@id\":\"http:\/\/stuggitv.com\/#website\",\"url\":\"http:\/\/stuggitv.com\/\",\"name\":\"STUGGI.TV\",\"description\":\"Der Onlinesender f\u00fcr Stuttgart\",\"publisher\":{\"@id\":\"http:\/\/stuggitv.com\/#organization\"},\"potentialAction\":[{\"@type\":\"SearchAction\",\"target\":{\"@type\":\"EntryPoint\",\"urlTemplate\":\"http:\/\/stuggitv.com\/?s={search_term_string}\"},\"query-input\":{\"@type\":\"PropertyValueSpecification\",\"valueRequired\":true,\"valueName\":\"search_term_string\"}}],\"inLanguage\":\"de\"},{\"@type\":\"Organization\",\"@id\":\"http:\/\/stuggitv.com\/#organization\",\"name\":\"STUGGI.TV\",\"url\":\"http:\/\/stuggitv.com\/\",\"logo\":{\"@type\":\"ImageObject\",\"inLanguage\":\"de\",\"@id\":\"http:\/\/stuggitv.com\/#\/schema\/logo\/image\/\",\"url\":\"http:\/\/stuggitv.com\/wp-content\/uploads\/stuggitv_logo_rgb.jpg\",\"contentUrl\":\"http:\/\/stuggitv.com\/wp-content\/uploads\/stuggitv_logo_rgb.jpg\",\"width\":320,\"height\":78,\"caption\":\"STUGGI.TV\"},\"image\":{\"@id\":\"http:\/\/stuggitv.com\/#\/schema\/logo\/image\/\"},\"sameAs\":[\"https:\/\/www.facebook.com\/stuggitv\",\"https:\/\/x.com\/stuggitv\"]},{\"@type\":\"Person\",\"@id\":\"http:\/\/stuggitv.com\/#\/schema\/person\/7bb970b1f0de857cfedb50527ba7ab61\",\"name\":\"Sebastian Braun\",\"image\":{\"@type\":\"ImageObject\",\"inLanguage\":\"de\",\"@id\":\"http:\/\/stuggitv.com\/#\/schema\/person\/image\/\",\"url\":\"https:\/\/secure.gravatar.com\/avatar\/2138f419173223c2ad53db72c6a50cf064c037a61fd6d72cfdc84642b2d97746?s=96&d=mm&r=g\",\"contentUrl\":\"https:\/\/secure.gravatar.com\/avatar\/2138f419173223c2ad53db72c6a50cf064c037a61fd6d72cfdc84642b2d97746?s=96&d=mm&r=g\",\"caption\":\"Sebastian Braun\"},\"description\":\"...weil Stuttgart vieles zu bieten hat und mehr ist als eine Autostadt.\",\"url\":\"http:\/\/stuggitv.com\/?author=12\"}]}<\/script>\n<!-- \/ Yoast SEO plugin. -->","yoast_head_json":{"title":"Linksb\u00fcndnis will Leerstand zur Unterbringung von Gefl\u00fcchteten beschlagnahmen - STUGGI.TV","robots":{"index":"index","follow":"follow","max-snippet":"max-snippet:-1","max-image-preview":"max-image-preview:large","max-video-preview":"max-video-preview:-1"},"canonical":"http:\/\/stuggitv.com\/?p=94276","og_locale":"de_DE","og_type":"article","og_title":"Linksb\u00fcndnis will Leerstand zur Unterbringung von Gefl\u00fcchteten beschlagnahmen - STUGGI.TV","og_description":"Leerstand f\u00fcr die Unterbringung beschlagnahmen Die Forderung der Fraktion die FrAKTION sieht vor, dass das EnBW-Gel\u00e4nde am St\u00f6ckach und die leerstehenden B\u00fcros im Stuttgarter Westen f\u00fcr die Unterbringung der Gefl\u00fcchteten genutzt werden sollen. Die Verwaltungsspitze soll sich zun\u00e4chst mit dem [&hellip;]","og_url":"http:\/\/stuggitv.com\/?p=94276","og_site_name":"STUGGI.TV","article_publisher":"https:\/\/www.facebook.com\/stuggitv","article_published_time":"2023-10-17T14:45:41+00:00","article_modified_time":"2023-10-18T07:35:31+00:00","og_image":[{"width":1500,"height":1000,"url":"http:\/\/stuggitv.com\/wp-content\/uploads\/Unterbringung_Geflu\u0308chtete_BB_Foto_STUGGITV.jpg","type":"image\/jpeg"}],"author":"Sebastian Braun","twitter_card":"summary_large_image","twitter_creator":"@stuggitv","twitter_site":"@stuggitv","twitter_misc":{"Verfasst von":"Sebastian Braun","Gesch\u00e4tzte Lesezeit":"3\u00a0Minuten"},"schema":{"@context":"https:\/\/schema.org","@graph":[{"@type":"Article","@id":"http:\/\/stuggitv.com\/?p=94276#article","isPartOf":{"@id":"http:\/\/stuggitv.com\/?p=94276"},"author":{"name":"Sebastian Braun","@id":"http:\/\/stuggitv.com\/#\/schema\/person\/7bb970b1f0de857cfedb50527ba7ab61"},"headline":"Linksb\u00fcndnis will Leerstand zur Unterbringung von Gefl\u00fcchteten beschlagnahmen","datePublished":"2023-10-17T14:45:41+00:00","dateModified":"2023-10-18T07:35:31+00:00","mainEntityOfPage":{"@id":"http:\/\/stuggitv.com\/?p=94276"},"wordCount":432,"publisher":{"@id":"http:\/\/stuggitv.com\/#organization"},"image":{"@id":"http:\/\/stuggitv.com\/?p=94276#primaryimage"},"thumbnailUrl":"http:\/\/stuggitv.com\/wp-content\/uploads\/Unterbringung_Geflu\u0308chtete_BB_Foto_STUGGITV.jpg","keywords":["Die Fraktion","Die Fraktion Stuttgart","Dr. Frank Nopper","Enbw","Frank Nopper","Gefl\u00fcchtete Stuttgart","Hannes Rockenbauch","Linksb\u00fcndnis","Linksb\u00fcndnis Stuttgart","Oberb\u00fcrgermeister","Rathaus","St\u00f6ckach","Stuttgart","Stuttgart-Ost","Stuttgart-West","Turnhallen"],"articleSection":["Stuttgart heute"],"inLanguage":"de"},{"@type":"WebPage","@id":"http:\/\/stuggitv.com\/?p=94276","url":"http:\/\/stuggitv.com\/?p=94276","name":"Linksb\u00fcndnis will Leerstand zur Unterbringung von Gefl\u00fcchteten beschlagnahmen - STUGGI.TV","isPartOf":{"@id":"http:\/\/stuggitv.com\/#website"},"primaryImageOfPage":{"@id":"http:\/\/stuggitv.com\/?p=94276#primaryimage"},"image":{"@id":"http:\/\/stuggitv.com\/?p=94276#primaryimage"},"thumbnailUrl":"http:\/\/stuggitv.com\/wp-content\/uploads\/Unterbringung_Geflu\u0308chtete_BB_Foto_STUGGITV.jpg","datePublished":"2023-10-17T14:45:41+00:00","dateModified":"2023-10-18T07:35:31+00:00","breadcrumb":{"@id":"http:\/\/stuggitv.com\/?p=94276#breadcrumb"},"inLanguage":"de","potentialAction":[{"@type":"ReadAction","target":["http:\/\/stuggitv.com\/?p=94276"]}]},{"@type":"ImageObject","inLanguage":"de","@id":"http:\/\/stuggitv.com\/?p=94276#primaryimage","url":"http:\/\/stuggitv.com\/wp-content\/uploads\/Unterbringung_Geflu\u0308chtete_BB_Foto_STUGGITV.jpg","contentUrl":"http:\/\/stuggitv.com\/wp-content\/uploads\/Unterbringung_Geflu\u0308chtete_BB_Foto_STUGGITV.jpg","width":1500,"height":1000,"caption":"DieFraktion will Leerstand zur Unterbringung von Gefl\u00fcchteten beschlagnahmen (Foto: STUGGI.TV)"},{"@type":"BreadcrumbList","@id":"http:\/\/stuggitv.com\/?p=94276#breadcrumb","itemListElement":[{"@type":"ListItem","position":1,"name":"STUGGI.TV","item":"http:\/\/stuggitv.com\/"},{"@type":"ListItem","position":2,"name":"Linksb\u00fcndnis will Leerstand zur Unterbringung von Gefl\u00fcchteten beschlagnahmen"}]},{"@type":"WebSite","@id":"http:\/\/stuggitv.com\/#website","url":"http:\/\/stuggitv.com\/","name":"STUGGI.TV","description":"Der Onlinesender f\u00fcr Stuttgart","publisher":{"@id":"http:\/\/stuggitv.com\/#organization"},"potentialAction":[{"@type":"SearchAction","target":{"@type":"EntryPoint","urlTemplate":"http:\/\/stuggitv.com\/?s={search_term_string}"},"query-input":{"@type":"PropertyValueSpecification","valueRequired":true,"valueName":"search_term_string"}}],"inLanguage":"de"},{"@type":"Organization","@id":"http:\/\/stuggitv.com\/#organization","name":"STUGGI.TV","url":"http:\/\/stuggitv.com\/","logo":{"@type":"ImageObject","inLanguage":"de","@id":"http:\/\/stuggitv.com\/#\/schema\/logo\/image\/","url":"http:\/\/stuggitv.com\/wp-content\/uploads\/stuggitv_logo_rgb.jpg","contentUrl":"http:\/\/stuggitv.com\/wp-content\/uploads\/stuggitv_logo_rgb.jpg","width":320,"height":78,"caption":"STUGGI.TV"},"image":{"@id":"http:\/\/stuggitv.com\/#\/schema\/logo\/image\/"},"sameAs":["https:\/\/www.facebook.com\/stuggitv","https:\/\/x.com\/stuggitv"]},{"@type":"Person","@id":"http:\/\/stuggitv.com\/#\/schema\/person\/7bb970b1f0de857cfedb50527ba7ab61","name":"Sebastian Braun","image":{"@type":"ImageObject","inLanguage":"de","@id":"http:\/\/stuggitv.com\/#\/schema\/person\/image\/","url":"https:\/\/secure.gravatar.com\/avatar\/2138f419173223c2ad53db72c6a50cf064c037a61fd6d72cfdc84642b2d97746?s=96&d=mm&r=g","contentUrl":"https:\/\/secure.gravatar.com\/avatar\/2138f419173223c2ad53db72c6a50cf064c037a61fd6d72cfdc84642b2d97746?s=96&d=mm&r=g","caption":"Sebastian Braun"},"description":"...weil Stuttgart vieles zu bieten hat und mehr ist als eine Autostadt.","url":"http:\/\/stuggitv.com\/?author=12"}]}},"_links":{"self":[{"href":"http:\/\/stuggitv.com\/index.php?rest_route=\/wp\/v2\/posts\/94276","targetHints":{"allow":["GET"]}}],"collection":[{"href":"http:\/\/stuggitv.com\/index.php?rest_route=\/wp\/v2\/posts"}],"about":[{"href":"http:\/\/stuggitv.com\/index.php?rest_route=\/wp\/v2\/types\/post"}],"author":[{"embeddable":true,"href":"http:\/\/stuggitv.com\/index.php?rest_route=\/wp\/v2\/users\/12"}],"replies":[{"embeddable":true,"href":"http:\/\/stuggitv.com\/index.php?rest_route=%2Fwp%2Fv2%2Fcomments&post=94276"}],"version-history":[{"count":18,"href":"http:\/\/stuggitv.com\/index.php?rest_route=\/wp\/v2\/posts\/94276\/revisions"}],"predecessor-version":[{"id":94316,"href":"http:\/\/stuggitv.com\/index.php?rest_route=\/wp\/v2\/posts\/94276\/revisions\/94316"}],"wp:featuredmedia":[{"embeddable":true,"href":"http:\/\/stuggitv.com\/index.php?rest_route=\/wp\/v2\/media\/94285"}],"wp:attachment":[{"href":"http:\/\/stuggitv.com\/index.php?rest_route=%2Fwp%2Fv2%2Fmedia&parent=94276"}],"wp:term":[{"taxonomy":"category","embeddable":true,"href":"http:\/\/stuggitv.com\/index.php?rest_route=%2Fwp%2Fv2%2Fcategories&post=94276"},{"taxonomy":"post_tag","embeddable":true,"href":"http:\/\/stuggitv.com\/index.php?rest_route=%2Fwp%2Fv2%2Ftags&post=94276"}],"curies":[{"name":"wp","href":"https:\/\/api.w.org\/{rel}","templated":true}]}}