{"id":97703,"date":"2024-03-28T11:53:59","date_gmt":"2024-03-28T10:53:59","guid":{"rendered":"https:\/\/www.stuggi.tv\/?p=97703"},"modified":"2024-03-28T12:02:18","modified_gmt":"2024-03-28T11:02:18","slug":"mein-blind-date-mit-stuttgart","status":"publish","type":"post","link":"http:\/\/stuggitv.com\/?p=97703","title":{"rendered":"Mein Blind Date mit Stuttgart"},"content":{"rendered":"<h4>Akustisches Stuttgart<\/h4>\n<p>In einem komplett dunklen Raum im StadtPalais habe ich Stuttgart gemeinsam mit vier weiteren Besucher*innen auf eine ganz neue Art und Weise kennengelernt. Der Guide und gleichzeitig auch Kurator der Ausstellung &#8222;Blind Date mit Stuttgart&#8220;, Matthias Nagel, hat uns an seine Hand genommen und gezeigt, wie er unsere Stadt als blinder Mensch wahrnimmt. Ich musste die Dunkelheit zu Beginn einige Minuten auf mich wirken lassen, bis ich mich daran gew\u00f6hnt habe, dass meine Sehkraft mir hier nichts bringen w\u00fcrde. Dann hatte ich sogar das Gef\u00fchl, als w\u00fcrden meine anderen Sinne ausgepr\u00e4gter funktionieren. Die akustischen Ger\u00e4usche waren am eindrucksvollsten und konnten mir bei der Orientierung helfen. Doch nicht nur das. Sie transportierten auch eine Stimmung mit sich. Nagel erkl\u00e4rte uns, dass er so auch sp\u00fcren kann, welche Orte in Stuttgart sch\u00f6n sind und welche nicht. Genau diese Gef\u00fchle zu Stuttgart will er Sehenden gemeinsam mit seinen Co-Kuratorinnen Claudia B\u00f6hme und Maria Seidler durch die Ausstellung her\u00fcberbringen. Eine Stadt, wo sich manch sch\u00f6ne Orte eben auch verstecken. Das nehmen auch Menschen mit einer Sehbehinderung wahr.<\/p>\n<h4>Ber\u00fchrungspunkte<\/h4>\n<p>Doch nicht nur die Ger\u00e4usche haben mir geholfen, meinen Weg durch von Station zu Station den dunklen Raum zu finden. Auch alle anderen Sinne wurden angesprochen \u2013 insbesondere der Tastsinn. Ich hatte zu jeder Zeit die Arme von mir gestreckt, um zu f\u00fchlen, wer oder was um mich herum war. Wo ist der Guide? Wo sind die W\u00e4nde? Gibt es irgendwelche Hindernisse? Aus diesem Grund bereitete uns Nagel schon zu Beginn darauf vor, dass es auch zu Ber\u00fchrungen mit den anderen Besucher*innen kommen wird. &#8222;Es gibt einige Personen, die kommen da gut mit zurecht, aber distanziertere Menschen eben nicht so. Besonders bei \u00f6ffentlichen F\u00fchrungen ist das immer spannend mit anzusehen, wenn die Menschen sich untereinander nicht kennen&#8220;, erkl\u00e4rt der Kurator. Das ist laut Nagel auch ein Grund daf\u00fcr, dass jede F\u00fchrung anders ist als die davor, auch wenn der Aufbau der Ausstellung sich nicht \u00e4ndert.<\/p>\n<h4>Ursprung der Ausstellung<\/h4>\n<p>Es soll eine Ausstellung komplett im Dunkeln sein, in der es um Stuttgart geht. Das waren die einzigen Vorgaben, die die Co-Kurator*innen Claudia B\u00f6hme, Matthias Nagel und Maria Seidler f\u00fcr die Ausstellung &#8222;Blind Date mit Stuttgart&#8220; bekommen haben. Alles andere war f\u00fcr sie ein wei\u00dfes Blatt Papier. &#8222;Hier haben wir die M\u00f6glichkeit bekommen, etwas zu schaffen, wo Blinde und Sehbehinderte nicht in der Rolle der Konsumierenden sind, sondern in der Rolle der Guides, die die Gruppen von Sehenden durch eine komplett dunkle Ausstellung f\u00fchren&#8220;, sagt Nagel. Der Kurator findet, dass dieser Perspektivenwechsel die Ausstellung zu etwas Besonderem macht und zur Sensibilisierung von Sehenden beitr\u00e4gt. Noch bis zum 5. Mai 2024 k\u00f6nnen Besucher*innen in der Ausstellung im StadtPalais in die Rolle von blinden und sehbehinderten Menschen schl\u00fcpfen. Mehr Informationen zu der Ausstellung findet ihr <a href=\"https:\/\/www.stadtpalais-stuttgart.de\/ausstellungen\/blind-date-mit-stuttgart\">hier<\/a>.<\/p>\n<div class=\"post_header single\">\n<p><strong>VIDEO: Auch die Staatsgalerie Stuttgart hat im letzten Jahr ein inklusives Konzept gestartet, um Blinden Kunstwerke erlebbar zu machen<\/strong><\/p>\n<\/div>\n<p><iframe loading=\"lazy\" title=\"Wie die Staatsgalerie Blinden Kunstwerke erlebbar macht | STUGGI.TV\" width=\"500\" height=\"281\" src=\"https:\/\/www.youtube.com\/embed\/rxfqkY82FT8?feature=oembed\" frameborder=\"0\" allow=\"accelerometer; autoplay; clipboard-write; encrypted-media; gyroscope; picture-in-picture; web-share\" referrerpolicy=\"strict-origin-when-cross-origin\" allowfullscreen><\/iframe><\/p>\n<p><em>Video wird nicht angezeigt?\u00a0<a href=\"https:\/\/youtu.be\/rxfqkY82FT8\" target=\"_blank\" rel=\"noopener\">Hier klicken<\/a>.\u00a0<\/em><\/p>\n","protected":false},"excerpt":{"rendered":"<p>Akustisches Stuttgart In einem komplett dunklen Raum im StadtPalais habe ich Stuttgart gemeinsam mit vier weiteren Besucher*innen auf eine ganz neue Art und Weise kennengelernt. Der Guide und gleichzeitig auch Kurator der Ausstellung &#8222;Blind Date mit Stuttgart&#8220;, Matthias Nagel, hat [&hellip;]<\/p>\n","protected":false},"author":35450,"featured_media":97804,"comment_status":"closed","ping_status":"closed","sticky":false,"template":"","format":"standard","meta":{"footnotes":""},"categories":[748],"tags":[2486,8987,8977,8975,8984,7671,8759,8982,8978,8990,5800,8979,8985,8980,8983,8992,8976,8986,8991,8981,4730,8988,54,4966,8989],"class_list":["post-97703","post","type-post","status-publish","format-standard","has-post-thumbnail","hentry","category-szene-0711","tag-ausstellung","tag-beruehrung","tag-blind","tag-blind-date-mit-stuttgart","tag-claudia-boehme","tag-dunkelheit","tag-fuehrung","tag-geraeusche","tag-guide","tag-hindernisse","tag-inklusion","tag-kurator","tag-maria-seidler","tag-matthias-nagel","tag-orientierung","tag-perspektivenwechsel","tag-sehbeeintraechtigt","tag-sehbehinderung","tag-sensibilisierung-von-sehenden","tag-sinne","tag-stadtpalais-stuttgart","tag-stationen","tag-stuttgart","tag-stuttgart-im-dunkeln","tag-tastsinn"],"read":true,"yoast_head":"<!-- This site is optimized with the Yoast SEO plugin v27.1.1 - https:\/\/yoast.com\/product\/yoast-seo-wordpress\/ -->\n<title>Mein Blind Date mit Stuttgart - STUGGI.TV<\/title>\n<meta name=\"robots\" content=\"index, follow, max-snippet:-1, max-image-preview:large, max-video-preview:-1\" \/>\n<link rel=\"canonical\" href=\"http:\/\/stuggitv.com\/?p=97703\" \/>\n<meta property=\"og:locale\" content=\"de_DE\" \/>\n<meta property=\"og:type\" content=\"article\" \/>\n<meta property=\"og:title\" content=\"Mein Blind Date mit Stuttgart - STUGGI.TV\" \/>\n<meta property=\"og:description\" content=\"Akustisches Stuttgart In einem komplett dunklen Raum im StadtPalais habe ich Stuttgart gemeinsam mit vier weiteren Besucher*innen auf eine ganz neue Art und Weise kennengelernt. Der Guide und gleichzeitig auch Kurator der Ausstellung &#8222;Blind Date mit Stuttgart&#8220;, Matthias Nagel, hat [&hellip;]\" \/>\n<meta property=\"og:url\" content=\"http:\/\/stuggitv.com\/?p=97703\" \/>\n<meta property=\"og:site_name\" content=\"STUGGI.TV\" \/>\n<meta property=\"article:publisher\" content=\"https:\/\/www.facebook.com\/stuggitv\" \/>\n<meta property=\"article:published_time\" content=\"2024-03-28T10:53:59+00:00\" \/>\n<meta property=\"article:modified_time\" content=\"2024-03-28T11:02:18+00:00\" \/>\n<meta property=\"og:image\" content=\"http:\/\/stuggitv.com\/wp-content\/uploads\/BlindDatemitStuttgart_BB_Foto_STUGGITV-1.jpg\" \/>\n\t<meta property=\"og:image:width\" content=\"1500\" \/>\n\t<meta property=\"og:image:height\" content=\"1000\" \/>\n\t<meta property=\"og:image:type\" content=\"image\/jpeg\" \/>\n<meta name=\"author\" content=\"Jule M\u00fcller\" \/>\n<meta name=\"twitter:card\" content=\"summary_large_image\" \/>\n<meta name=\"twitter:creator\" content=\"@stuggitv\" \/>\n<meta name=\"twitter:site\" content=\"@stuggitv\" \/>\n<meta name=\"twitter:label1\" content=\"Verfasst von\" \/>\n\t<meta name=\"twitter:data1\" content=\"Jule M\u00fcller\" \/>\n\t<meta name=\"twitter:label2\" content=\"Gesch\u00e4tzte Lesezeit\" \/>\n\t<meta name=\"twitter:data2\" content=\"3\u00a0Minuten\" \/>\n<script type=\"application\/ld+json\" class=\"yoast-schema-graph\">{\"@context\":\"https:\/\/schema.org\",\"@graph\":[{\"@type\":\"Article\",\"@id\":\"http:\/\/stuggitv.com\/?p=97703#article\",\"isPartOf\":{\"@id\":\"http:\/\/stuggitv.com\/?p=97703\"},\"author\":{\"name\":\"Jule M\u00fcller\",\"@id\":\"http:\/\/stuggitv.com\/#\/schema\/person\/80565bf4931f75b6fa2486e49d8242f2\"},\"headline\":\"Mein Blind Date mit Stuttgart\",\"datePublished\":\"2024-03-28T10:53:59+00:00\",\"dateModified\":\"2024-03-28T11:02:18+00:00\",\"mainEntityOfPage\":{\"@id\":\"http:\/\/stuggitv.com\/?p=97703\"},\"wordCount\":525,\"publisher\":{\"@id\":\"http:\/\/stuggitv.com\/#organization\"},\"image\":{\"@id\":\"http:\/\/stuggitv.com\/?p=97703#primaryimage\"},\"thumbnailUrl\":\"http:\/\/stuggitv.com\/wp-content\/uploads\/BlindDatemitStuttgart_BB_Foto_STUGGITV-1.jpg\",\"keywords\":[\"Ausstellung\",\"Ber\u00fchrung\",\"Blind\",\"Blind Date mit Stuttgart\",\"Claudia B\u00f6hme\",\"Dunkelheit\",\"F\u00fchrung\",\"Ger\u00e4usche\",\"Guide\",\"Hindernisse\",\"Inklusion\",\"Kurator\",\"Maria Seidler\",\"Matthias Nagel\",\"Orientierung\",\"Perspektivenwechsel\",\"Sehbeeintr\u00e4chtigt\",\"Sehbehinderung\",\"Sensibilisierung von Sehenden\",\"Sinne\",\"Stadtpalais Stuttgart\",\"Stationen\",\"Stuttgart\",\"Stuttgart im Dunkeln\",\"Tastsinn\"],\"articleSection\":[\"Szene 0711\"],\"inLanguage\":\"de\"},{\"@type\":\"WebPage\",\"@id\":\"http:\/\/stuggitv.com\/?p=97703\",\"url\":\"http:\/\/stuggitv.com\/?p=97703\",\"name\":\"Mein Blind Date mit Stuttgart - STUGGI.TV\",\"isPartOf\":{\"@id\":\"http:\/\/stuggitv.com\/#website\"},\"primaryImageOfPage\":{\"@id\":\"http:\/\/stuggitv.com\/?p=97703#primaryimage\"},\"image\":{\"@id\":\"http:\/\/stuggitv.com\/?p=97703#primaryimage\"},\"thumbnailUrl\":\"http:\/\/stuggitv.com\/wp-content\/uploads\/BlindDatemitStuttgart_BB_Foto_STUGGITV-1.jpg\",\"datePublished\":\"2024-03-28T10:53:59+00:00\",\"dateModified\":\"2024-03-28T11:02:18+00:00\",\"breadcrumb\":{\"@id\":\"http:\/\/stuggitv.com\/?p=97703#breadcrumb\"},\"inLanguage\":\"de\",\"potentialAction\":[{\"@type\":\"ReadAction\",\"target\":[\"http:\/\/stuggitv.com\/?p=97703\"]}]},{\"@type\":\"ImageObject\",\"inLanguage\":\"de\",\"@id\":\"http:\/\/stuggitv.com\/?p=97703#primaryimage\",\"url\":\"http:\/\/stuggitv.com\/wp-content\/uploads\/BlindDatemitStuttgart_BB_Foto_STUGGITV-1.jpg\",\"contentUrl\":\"http:\/\/stuggitv.com\/wp-content\/uploads\/BlindDatemitStuttgart_BB_Foto_STUGGITV-1.jpg\",\"width\":1500,\"height\":1000,\"caption\":\"Mein Blind Date mit Stuttgart (Foto: Jule M\u00fcller)\"},{\"@type\":\"BreadcrumbList\",\"@id\":\"http:\/\/stuggitv.com\/?p=97703#breadcrumb\",\"itemListElement\":[{\"@type\":\"ListItem\",\"position\":1,\"name\":\"STUGGI.TV\",\"item\":\"http:\/\/stuggitv.com\/\"},{\"@type\":\"ListItem\",\"position\":2,\"name\":\"Mein Blind Date mit Stuttgart\"}]},{\"@type\":\"WebSite\",\"@id\":\"http:\/\/stuggitv.com\/#website\",\"url\":\"http:\/\/stuggitv.com\/\",\"name\":\"STUGGI.TV\",\"description\":\"Der Onlinesender f\u00fcr Stuttgart\",\"publisher\":{\"@id\":\"http:\/\/stuggitv.com\/#organization\"},\"potentialAction\":[{\"@type\":\"SearchAction\",\"target\":{\"@type\":\"EntryPoint\",\"urlTemplate\":\"http:\/\/stuggitv.com\/?s={search_term_string}\"},\"query-input\":{\"@type\":\"PropertyValueSpecification\",\"valueRequired\":true,\"valueName\":\"search_term_string\"}}],\"inLanguage\":\"de\"},{\"@type\":\"Organization\",\"@id\":\"http:\/\/stuggitv.com\/#organization\",\"name\":\"STUGGI.TV\",\"url\":\"http:\/\/stuggitv.com\/\",\"logo\":{\"@type\":\"ImageObject\",\"inLanguage\":\"de\",\"@id\":\"http:\/\/stuggitv.com\/#\/schema\/logo\/image\/\",\"url\":\"http:\/\/stuggitv.com\/wp-content\/uploads\/stuggitv_logo_rgb.jpg\",\"contentUrl\":\"http:\/\/stuggitv.com\/wp-content\/uploads\/stuggitv_logo_rgb.jpg\",\"width\":320,\"height\":78,\"caption\":\"STUGGI.TV\"},\"image\":{\"@id\":\"http:\/\/stuggitv.com\/#\/schema\/logo\/image\/\"},\"sameAs\":[\"https:\/\/www.facebook.com\/stuggitv\",\"https:\/\/x.com\/stuggitv\"]},{\"@type\":\"Person\",\"@id\":\"http:\/\/stuggitv.com\/#\/schema\/person\/80565bf4931f75b6fa2486e49d8242f2\",\"name\":\"Jule M\u00fcller\",\"image\":{\"@type\":\"ImageObject\",\"inLanguage\":\"de\",\"@id\":\"http:\/\/stuggitv.com\/#\/schema\/person\/image\/\",\"url\":\"https:\/\/secure.gravatar.com\/avatar\/640ed6bde787c6f3213e895f817e2cacae61eb82f64e65b257b44e4962003be0?s=96&d=mm&r=g\",\"contentUrl\":\"https:\/\/secure.gravatar.com\/avatar\/640ed6bde787c6f3213e895f817e2cacae61eb82f64e65b257b44e4962003be0?s=96&d=mm&r=g\",\"caption\":\"Jule M\u00fcller\"},\"url\":\"http:\/\/stuggitv.com\/?author=35450\"}]}<\/script>\n<!-- \/ Yoast SEO plugin. -->","yoast_head_json":{"title":"Mein Blind Date mit Stuttgart - STUGGI.TV","robots":{"index":"index","follow":"follow","max-snippet":"max-snippet:-1","max-image-preview":"max-image-preview:large","max-video-preview":"max-video-preview:-1"},"canonical":"http:\/\/stuggitv.com\/?p=97703","og_locale":"de_DE","og_type":"article","og_title":"Mein Blind Date mit Stuttgart - STUGGI.TV","og_description":"Akustisches Stuttgart In einem komplett dunklen Raum im StadtPalais habe ich Stuttgart gemeinsam mit vier weiteren Besucher*innen auf eine ganz neue Art und Weise kennengelernt. Der Guide und gleichzeitig auch Kurator der Ausstellung &#8222;Blind Date mit Stuttgart&#8220;, Matthias Nagel, hat [&hellip;]","og_url":"http:\/\/stuggitv.com\/?p=97703","og_site_name":"STUGGI.TV","article_publisher":"https:\/\/www.facebook.com\/stuggitv","article_published_time":"2024-03-28T10:53:59+00:00","article_modified_time":"2024-03-28T11:02:18+00:00","og_image":[{"width":1500,"height":1000,"url":"http:\/\/stuggitv.com\/wp-content\/uploads\/BlindDatemitStuttgart_BB_Foto_STUGGITV-1.jpg","type":"image\/jpeg"}],"author":"Jule M\u00fcller","twitter_card":"summary_large_image","twitter_creator":"@stuggitv","twitter_site":"@stuggitv","twitter_misc":{"Verfasst von":"Jule M\u00fcller","Gesch\u00e4tzte Lesezeit":"3\u00a0Minuten"},"schema":{"@context":"https:\/\/schema.org","@graph":[{"@type":"Article","@id":"http:\/\/stuggitv.com\/?p=97703#article","isPartOf":{"@id":"http:\/\/stuggitv.com\/?p=97703"},"author":{"name":"Jule M\u00fcller","@id":"http:\/\/stuggitv.com\/#\/schema\/person\/80565bf4931f75b6fa2486e49d8242f2"},"headline":"Mein Blind Date mit Stuttgart","datePublished":"2024-03-28T10:53:59+00:00","dateModified":"2024-03-28T11:02:18+00:00","mainEntityOfPage":{"@id":"http:\/\/stuggitv.com\/?p=97703"},"wordCount":525,"publisher":{"@id":"http:\/\/stuggitv.com\/#organization"},"image":{"@id":"http:\/\/stuggitv.com\/?p=97703#primaryimage"},"thumbnailUrl":"http:\/\/stuggitv.com\/wp-content\/uploads\/BlindDatemitStuttgart_BB_Foto_STUGGITV-1.jpg","keywords":["Ausstellung","Ber\u00fchrung","Blind","Blind Date mit Stuttgart","Claudia B\u00f6hme","Dunkelheit","F\u00fchrung","Ger\u00e4usche","Guide","Hindernisse","Inklusion","Kurator","Maria Seidler","Matthias Nagel","Orientierung","Perspektivenwechsel","Sehbeeintr\u00e4chtigt","Sehbehinderung","Sensibilisierung von Sehenden","Sinne","Stadtpalais Stuttgart","Stationen","Stuttgart","Stuttgart im Dunkeln","Tastsinn"],"articleSection":["Szene 0711"],"inLanguage":"de"},{"@type":"WebPage","@id":"http:\/\/stuggitv.com\/?p=97703","url":"http:\/\/stuggitv.com\/?p=97703","name":"Mein Blind Date mit Stuttgart - STUGGI.TV","isPartOf":{"@id":"http:\/\/stuggitv.com\/#website"},"primaryImageOfPage":{"@id":"http:\/\/stuggitv.com\/?p=97703#primaryimage"},"image":{"@id":"http:\/\/stuggitv.com\/?p=97703#primaryimage"},"thumbnailUrl":"http:\/\/stuggitv.com\/wp-content\/uploads\/BlindDatemitStuttgart_BB_Foto_STUGGITV-1.jpg","datePublished":"2024-03-28T10:53:59+00:00","dateModified":"2024-03-28T11:02:18+00:00","breadcrumb":{"@id":"http:\/\/stuggitv.com\/?p=97703#breadcrumb"},"inLanguage":"de","potentialAction":[{"@type":"ReadAction","target":["http:\/\/stuggitv.com\/?p=97703"]}]},{"@type":"ImageObject","inLanguage":"de","@id":"http:\/\/stuggitv.com\/?p=97703#primaryimage","url":"http:\/\/stuggitv.com\/wp-content\/uploads\/BlindDatemitStuttgart_BB_Foto_STUGGITV-1.jpg","contentUrl":"http:\/\/stuggitv.com\/wp-content\/uploads\/BlindDatemitStuttgart_BB_Foto_STUGGITV-1.jpg","width":1500,"height":1000,"caption":"Mein Blind Date mit Stuttgart (Foto: Jule M\u00fcller)"},{"@type":"BreadcrumbList","@id":"http:\/\/stuggitv.com\/?p=97703#breadcrumb","itemListElement":[{"@type":"ListItem","position":1,"name":"STUGGI.TV","item":"http:\/\/stuggitv.com\/"},{"@type":"ListItem","position":2,"name":"Mein Blind Date mit Stuttgart"}]},{"@type":"WebSite","@id":"http:\/\/stuggitv.com\/#website","url":"http:\/\/stuggitv.com\/","name":"STUGGI.TV","description":"Der Onlinesender f\u00fcr Stuttgart","publisher":{"@id":"http:\/\/stuggitv.com\/#organization"},"potentialAction":[{"@type":"SearchAction","target":{"@type":"EntryPoint","urlTemplate":"http:\/\/stuggitv.com\/?s={search_term_string}"},"query-input":{"@type":"PropertyValueSpecification","valueRequired":true,"valueName":"search_term_string"}}],"inLanguage":"de"},{"@type":"Organization","@id":"http:\/\/stuggitv.com\/#organization","name":"STUGGI.TV","url":"http:\/\/stuggitv.com\/","logo":{"@type":"ImageObject","inLanguage":"de","@id":"http:\/\/stuggitv.com\/#\/schema\/logo\/image\/","url":"http:\/\/stuggitv.com\/wp-content\/uploads\/stuggitv_logo_rgb.jpg","contentUrl":"http:\/\/stuggitv.com\/wp-content\/uploads\/stuggitv_logo_rgb.jpg","width":320,"height":78,"caption":"STUGGI.TV"},"image":{"@id":"http:\/\/stuggitv.com\/#\/schema\/logo\/image\/"},"sameAs":["https:\/\/www.facebook.com\/stuggitv","https:\/\/x.com\/stuggitv"]},{"@type":"Person","@id":"http:\/\/stuggitv.com\/#\/schema\/person\/80565bf4931f75b6fa2486e49d8242f2","name":"Jule M\u00fcller","image":{"@type":"ImageObject","inLanguage":"de","@id":"http:\/\/stuggitv.com\/#\/schema\/person\/image\/","url":"https:\/\/secure.gravatar.com\/avatar\/640ed6bde787c6f3213e895f817e2cacae61eb82f64e65b257b44e4962003be0?s=96&d=mm&r=g","contentUrl":"https:\/\/secure.gravatar.com\/avatar\/640ed6bde787c6f3213e895f817e2cacae61eb82f64e65b257b44e4962003be0?s=96&d=mm&r=g","caption":"Jule M\u00fcller"},"url":"http:\/\/stuggitv.com\/?author=35450"}]}},"_links":{"self":[{"href":"http:\/\/stuggitv.com\/index.php?rest_route=\/wp\/v2\/posts\/97703","targetHints":{"allow":["GET"]}}],"collection":[{"href":"http:\/\/stuggitv.com\/index.php?rest_route=\/wp\/v2\/posts"}],"about":[{"href":"http:\/\/stuggitv.com\/index.php?rest_route=\/wp\/v2\/types\/post"}],"author":[{"embeddable":true,"href":"http:\/\/stuggitv.com\/index.php?rest_route=\/wp\/v2\/users\/35450"}],"replies":[{"embeddable":true,"href":"http:\/\/stuggitv.com\/index.php?rest_route=%2Fwp%2Fv2%2Fcomments&post=97703"}],"version-history":[{"count":25,"href":"http:\/\/stuggitv.com\/index.php?rest_route=\/wp\/v2\/posts\/97703\/revisions"}],"predecessor-version":[{"id":97818,"href":"http:\/\/stuggitv.com\/index.php?rest_route=\/wp\/v2\/posts\/97703\/revisions\/97818"}],"wp:featuredmedia":[{"embeddable":true,"href":"http:\/\/stuggitv.com\/index.php?rest_route=\/wp\/v2\/media\/97804"}],"wp:attachment":[{"href":"http:\/\/stuggitv.com\/index.php?rest_route=%2Fwp%2Fv2%2Fmedia&parent=97703"}],"wp:term":[{"taxonomy":"category","embeddable":true,"href":"http:\/\/stuggitv.com\/index.php?rest_route=%2Fwp%2Fv2%2Fcategories&post=97703"},{"taxonomy":"post_tag","embeddable":true,"href":"http:\/\/stuggitv.com\/index.php?rest_route=%2Fwp%2Fv2%2Ftags&post=97703"}],"curies":[{"name":"wp","href":"https:\/\/api.w.org\/{rel}","templated":true}]}}