{"id":98374,"date":"2024-04-25T13:14:25","date_gmt":"2024-04-25T11:14:25","guid":{"rendered":"https:\/\/www.stuggi.tv\/?p=98374"},"modified":"2024-04-25T14:06:31","modified_gmt":"2024-04-25T12:06:31","slug":"300-erkrankte-auf-dem-fruehlingsfest","status":"publish","type":"post","link":"http:\/\/stuggitv.com\/?p=98374","title":{"rendered":"300 Erkrankte auf dem Fr\u00fchlingsfest"},"content":{"rendered":"<h4>Tatort G\u00f6ckelesmaier<\/h4>\n<p>Das Gesundheitsamt und die Stadt Stuttgart hat Hinweise auf einige Hunderte Magen\u2010Darm\u2010Erkrankungen erhalten. Der gemeinsame Nenner aller F\u00e4lle: Das beliebte Festzelt G\u00f6ckelesmaier. Nach dieser Erkenntnis wurden diverse Proben aus dem Festzelt genommen, um den Ursprung des Virus herauszufinden. Dabei konnte weder hygienische noch technische Probleme festgestellt werden. Darum verst\u00e4rkt sich der Verdacht, dass sich das Virus im Servicebereich verbreitet hat. Konkret bedeutet das, dass vermutlich ein symptomfreier Tr\u00e4ger des Virus im Festzelt war, wodurch es sich verbreiten konnte. Bisher sind das jedoch nur Vermutungen, die noch nicht endg\u00fcltig gekl\u00e4rt werden konnten.<\/p>\n<h4>Das Norovirus<\/h4>\n<p>Das Norovirus ist eine Magen-Darm Erkrankung, die es in sich hat. Es ist hoch ansteckend und die Symptome fallen h\u00e4ufig intensiv aus. Sie halten im Durchschnitt zwischen 12 und 60 Stunden an. Dadurch, dass es ein Virus ist hilft leider kein Antibiotikum, um diese Zeit zu verk\u00fcrzen. Zumindest lassen sich die Symptome durch Medizin schw\u00e4chen. Eine weitere Gefahr des Virus: Die Inkubationszeit betr\u00e4gt zwischen 6 und 50 Stunden. Das hei\u00dft, dass nach der Ansteckung \u00fcber zwei Tage vergehen k\u00f6nnen, bis erste Symptome auftreten. In dieser Zeit k\u00f6nnen sich jedoch auch andere Menschen anstecken, wie es vermutlich auch im G\u00f6ckelsmaier der Fall war.<\/p>\n<h4>Stimmen der Verantwortlichen<\/h4>\n<p>Karl Maier, Betreiber des Festzelts, zeigt sich best\u00fcrzt: &#8222;Ich mache jetzt seit \u00fcber 30 Jahren das Gesch\u00e4ft und meine Familie schon seit \u00fcber 90 Jahren. Wenn man jetzt mit sowas konfrontiert ist, dann k\u00f6nnen Sie sich vorstellen, dass das keine sch\u00f6ne Schlagzeile ist&#8220;. Trotz dieser Gem\u00fctslage bleibt das Festzelt weiterhin ge\u00f6ffnet. Offenbar sind n\u00e4mlich nach Samstag keine weiteren F\u00e4lle aufgetreten. Auch die Stadt Stuttgart hat sich zu Wort gemeldet. Sie rufen vor allem dazu auf, sich im Falle einer Erkrankung an den Hausarzt oder das Gesundheitsamt zu wenden und <a href=\"https:\/\/www.infektionsschutz.de\/infektionskrankheiten\/krankheitsbilder\/magen-darm-infektionen\/#tab-6216-c21424\" target=\"_blank\" rel=\"noopener\">Hygienema\u00dfnahmen<\/a> einzuhalten.<\/p>\n<p><strong>Video: Das war der Startschuss f\u00fcr das Fr\u00fchlingsfest im letzten Jahr<\/strong><\/p>\n<p><iframe loading=\"lazy\" title=\"Stuttgarter Fr\u00fchlingsfest: Startschuss f\u00fcr 23 Tage Wasen-Time | STUGGI.TV\" width=\"500\" height=\"281\" src=\"https:\/\/www.youtube.com\/embed\/68_Bi8kEI_k?feature=oembed\" frameborder=\"0\" allow=\"accelerometer; autoplay; clipboard-write; encrypted-media; gyroscope; picture-in-picture; web-share\" referrerpolicy=\"strict-origin-when-cross-origin\" allowfullscreen><\/iframe><\/p>\n<p><em>Video wird nicht angezeigt? Dann <a href=\"https:\/\/www.youtube.com\/watch?v=68_Bi8kEI_k\" target=\"_blank\" rel=\"noopener\">hier klicken<\/a>.<\/em><\/p>\n","protected":false},"excerpt":{"rendered":"<p>Tatort G\u00f6ckelesmaier Das Gesundheitsamt und die Stadt Stuttgart hat Hinweise auf einige Hunderte Magen\u2010Darm\u2010Erkrankungen erhalten. Der gemeinsame Nenner aller F\u00e4lle: Das beliebte Festzelt G\u00f6ckelesmaier. Nach dieser Erkenntnis wurden diverse Proben aus dem Festzelt genommen, um den Ursprung des Virus herauszufinden. [&hellip;]<\/p>\n","protected":false},"author":33425,"featured_media":98376,"comment_status":"closed","ping_status":"closed","sticky":false,"template":"","format":"standard","meta":{"footnotes":""},"categories":[626],"tags":[7795,9320,9318,9323,9319,9271,6363,1339,9314,9316,9315,330,1015,1085,4877,7274,106,3860,751,9307,2473,5094,9311,8388,9317,9313,9312,9308,9309,9321,309,9322,9310,140],"class_list":["post-98374","post","type-post","status-publish","format-standard","has-post-thumbnail","hentry","category-stuttgart-heute","tag-7795","tag-9320","tag-anstecken","tag-ansteckend","tag-ansteckung","tag-cannstatter-fruehlingsfest","tag-canstatter-fruehlingsfest","tag-canstatter-wasen","tag-darm","tag-durchfall","tag-erbrechen","tag-feiern","tag-fest","tag-festzelt","tag-festzelte","tag-festzelte-volksfest","tag-fruehlingsfest","tag-gesundheit","tag-gesundheitsamt","tag-goeckelsmaier","tag-hygiene","tag-karl-maier","tag-krank","tag-krankheit","tag-lebensmittelvergiftung","tag-magen","tag-magen-darm","tag-noro","tag-norovirus","tag-service","tag-technik","tag-verbreitet","tag-virus","tag-wasen"],"read":true,"yoast_head":"<!-- This site is optimized with the Yoast SEO plugin v27.1.1 - https:\/\/yoast.com\/product\/yoast-seo-wordpress\/ -->\n<title>300 Erkrankte auf dem Fr\u00fchlingsfest - STUGGI.TV<\/title>\n<meta name=\"robots\" content=\"index, follow, max-snippet:-1, max-image-preview:large, max-video-preview:-1\" \/>\n<link rel=\"canonical\" href=\"http:\/\/stuggitv.com\/?p=98374\" \/>\n<meta property=\"og:locale\" content=\"de_DE\" \/>\n<meta property=\"og:type\" content=\"article\" \/>\n<meta property=\"og:title\" content=\"300 Erkrankte auf dem Fr\u00fchlingsfest - STUGGI.TV\" \/>\n<meta property=\"og:description\" content=\"Tatort G\u00f6ckelesmaier Das Gesundheitsamt und die Stadt Stuttgart hat Hinweise auf einige Hunderte Magen\u2010Darm\u2010Erkrankungen erhalten. Der gemeinsame Nenner aller F\u00e4lle: Das beliebte Festzelt G\u00f6ckelesmaier. Nach dieser Erkenntnis wurden diverse Proben aus dem Festzelt genommen, um den Ursprung des Virus herauszufinden. [&hellip;]\" \/>\n<meta property=\"og:url\" content=\"http:\/\/stuggitv.com\/?p=98374\" \/>\n<meta property=\"og:site_name\" content=\"STUGGI.TV\" \/>\n<meta property=\"article:publisher\" content=\"https:\/\/www.facebook.com\/stuggitv\" \/>\n<meta property=\"article:published_time\" content=\"2024-04-25T11:14:25+00:00\" \/>\n<meta property=\"article:modified_time\" content=\"2024-04-25T12:06:31+00:00\" \/>\n<meta property=\"og:image\" content=\"http:\/\/stuggitv.com\/wp-content\/uploads\/Goeckelesmaier_Foto_BB_STUGGI.TV_.jpg\" \/>\n\t<meta property=\"og:image:width\" content=\"1500\" \/>\n\t<meta property=\"og:image:height\" content=\"1000\" \/>\n\t<meta property=\"og:image:type\" content=\"image\/jpeg\" \/>\n<meta name=\"author\" content=\"Liliane Braun\" \/>\n<meta name=\"twitter:card\" content=\"summary_large_image\" \/>\n<meta name=\"twitter:creator\" content=\"@stuggitv\" \/>\n<meta name=\"twitter:site\" content=\"@stuggitv\" \/>\n<meta name=\"twitter:label1\" content=\"Verfasst von\" \/>\n\t<meta name=\"twitter:data1\" content=\"Liliane Braun\" \/>\n\t<meta name=\"twitter:label2\" content=\"Gesch\u00e4tzte Lesezeit\" \/>\n\t<meta name=\"twitter:data2\" content=\"3\u00a0Minuten\" \/>\n<script type=\"application\/ld+json\" class=\"yoast-schema-graph\">{\"@context\":\"https:\/\/schema.org\",\"@graph\":[{\"@type\":\"Article\",\"@id\":\"http:\/\/stuggitv.com\/?p=98374#article\",\"isPartOf\":{\"@id\":\"http:\/\/stuggitv.com\/?p=98374\"},\"author\":{\"name\":\"Liliane Braun\",\"@id\":\"http:\/\/stuggitv.com\/#\/schema\/person\/9e357cd2a20c892f8b0afaccb185f556\"},\"headline\":\"300 Erkrankte auf dem Fr\u00fchlingsfest\",\"datePublished\":\"2024-04-25T11:14:25+00:00\",\"dateModified\":\"2024-04-25T12:06:31+00:00\",\"mainEntityOfPage\":{\"@id\":\"http:\/\/stuggitv.com\/?p=98374\"},\"wordCount\":345,\"publisher\":{\"@id\":\"http:\/\/stuggitv.com\/#organization\"},\"image\":{\"@id\":\"http:\/\/stuggitv.com\/?p=98374#primaryimage\"},\"thumbnailUrl\":\"http:\/\/stuggitv.com\/wp-content\/uploads\/Goeckelesmaier_Foto_BB_STUGGI.TV_.jpg\",\"keywords\":[\"2024\",\"300\",\"Anstecken\",\"ansteckend\",\"Ansteckung\",\"Cannstatter Fr\u00fchlingsfest\",\"Canstatter Fr\u00fchlingsfest\",\"Canstatter Wasen\",\"Darm\",\"Durchfall\",\"Erbrechen\",\"Feiern\",\"Fest\",\"Festzelt\",\"Festzelte\",\"Festzelte Volksfest\",\"Fr\u00fchlingsfest\",\"Gesundheit\",\"Gesundheitsamt\",\"G\u00f6ckelsmaier\",\"Hygiene\",\"Karl Maier\",\"Krank\",\"Krankheit\",\"Lebensmittelvergiftung\",\"Magen\",\"Magen-Darm\",\"Noro\",\"Norovirus\",\"Service\",\"Technik\",\"verbreitet\",\"Virus\",\"Wasen\"],\"articleSection\":[\"Stuttgart heute\"],\"inLanguage\":\"de\"},{\"@type\":\"WebPage\",\"@id\":\"http:\/\/stuggitv.com\/?p=98374\",\"url\":\"http:\/\/stuggitv.com\/?p=98374\",\"name\":\"300 Erkrankte auf dem Fr\u00fchlingsfest - STUGGI.TV\",\"isPartOf\":{\"@id\":\"http:\/\/stuggitv.com\/#website\"},\"primaryImageOfPage\":{\"@id\":\"http:\/\/stuggitv.com\/?p=98374#primaryimage\"},\"image\":{\"@id\":\"http:\/\/stuggitv.com\/?p=98374#primaryimage\"},\"thumbnailUrl\":\"http:\/\/stuggitv.com\/wp-content\/uploads\/Goeckelesmaier_Foto_BB_STUGGI.TV_.jpg\",\"datePublished\":\"2024-04-25T11:14:25+00:00\",\"dateModified\":\"2024-04-25T12:06:31+00:00\",\"breadcrumb\":{\"@id\":\"http:\/\/stuggitv.com\/?p=98374#breadcrumb\"},\"inLanguage\":\"de\",\"potentialAction\":[{\"@type\":\"ReadAction\",\"target\":[\"http:\/\/stuggitv.com\/?p=98374\"]}]},{\"@type\":\"ImageObject\",\"inLanguage\":\"de\",\"@id\":\"http:\/\/stuggitv.com\/?p=98374#primaryimage\",\"url\":\"http:\/\/stuggitv.com\/wp-content\/uploads\/Goeckelesmaier_Foto_BB_STUGGI.TV_.jpg\",\"contentUrl\":\"http:\/\/stuggitv.com\/wp-content\/uploads\/Goeckelesmaier_Foto_BB_STUGGI.TV_.jpg\",\"width\":1500,\"height\":1000,\"caption\":\"300 Erkrankte auf dem Fr\u00fchlingsfest\"},{\"@type\":\"BreadcrumbList\",\"@id\":\"http:\/\/stuggitv.com\/?p=98374#breadcrumb\",\"itemListElement\":[{\"@type\":\"ListItem\",\"position\":1,\"name\":\"STUGGI.TV\",\"item\":\"http:\/\/stuggitv.com\/\"},{\"@type\":\"ListItem\",\"position\":2,\"name\":\"300 Erkrankte auf dem Fr\u00fchlingsfest\"}]},{\"@type\":\"WebSite\",\"@id\":\"http:\/\/stuggitv.com\/#website\",\"url\":\"http:\/\/stuggitv.com\/\",\"name\":\"STUGGI.TV\",\"description\":\"Der Onlinesender f\u00fcr Stuttgart\",\"publisher\":{\"@id\":\"http:\/\/stuggitv.com\/#organization\"},\"potentialAction\":[{\"@type\":\"SearchAction\",\"target\":{\"@type\":\"EntryPoint\",\"urlTemplate\":\"http:\/\/stuggitv.com\/?s={search_term_string}\"},\"query-input\":{\"@type\":\"PropertyValueSpecification\",\"valueRequired\":true,\"valueName\":\"search_term_string\"}}],\"inLanguage\":\"de\"},{\"@type\":\"Organization\",\"@id\":\"http:\/\/stuggitv.com\/#organization\",\"name\":\"STUGGI.TV\",\"url\":\"http:\/\/stuggitv.com\/\",\"logo\":{\"@type\":\"ImageObject\",\"inLanguage\":\"de\",\"@id\":\"http:\/\/stuggitv.com\/#\/schema\/logo\/image\/\",\"url\":\"http:\/\/stuggitv.com\/wp-content\/uploads\/stuggitv_logo_rgb.jpg\",\"contentUrl\":\"http:\/\/stuggitv.com\/wp-content\/uploads\/stuggitv_logo_rgb.jpg\",\"width\":320,\"height\":78,\"caption\":\"STUGGI.TV\"},\"image\":{\"@id\":\"http:\/\/stuggitv.com\/#\/schema\/logo\/image\/\"},\"sameAs\":[\"https:\/\/www.facebook.com\/stuggitv\",\"https:\/\/x.com\/stuggitv\"]},{\"@type\":\"Person\",\"@id\":\"http:\/\/stuggitv.com\/#\/schema\/person\/9e357cd2a20c892f8b0afaccb185f556\",\"name\":\"Liliane Braun\",\"image\":{\"@type\":\"ImageObject\",\"inLanguage\":\"de\",\"@id\":\"http:\/\/stuggitv.com\/#\/schema\/person\/image\/\",\"url\":\"https:\/\/secure.gravatar.com\/avatar\/ac82b148c604a959d9a1be1691c2076c1106817a5623c48af1d5705f52c3f819?s=96&d=mm&r=g\",\"contentUrl\":\"https:\/\/secure.gravatar.com\/avatar\/ac82b148c604a959d9a1be1691c2076c1106817a5623c48af1d5705f52c3f819?s=96&d=mm&r=g\",\"caption\":\"Liliane Braun\"},\"description\":\"...weil es in Stuttgart immer wieder etwas Neues zu entdecken gibt.\",\"url\":\"http:\/\/stuggitv.com\/?author=33425\"}]}<\/script>\n<!-- \/ Yoast SEO plugin. -->","yoast_head_json":{"title":"300 Erkrankte auf dem Fr\u00fchlingsfest - STUGGI.TV","robots":{"index":"index","follow":"follow","max-snippet":"max-snippet:-1","max-image-preview":"max-image-preview:large","max-video-preview":"max-video-preview:-1"},"canonical":"http:\/\/stuggitv.com\/?p=98374","og_locale":"de_DE","og_type":"article","og_title":"300 Erkrankte auf dem Fr\u00fchlingsfest - STUGGI.TV","og_description":"Tatort G\u00f6ckelesmaier Das Gesundheitsamt und die Stadt Stuttgart hat Hinweise auf einige Hunderte Magen\u2010Darm\u2010Erkrankungen erhalten. Der gemeinsame Nenner aller F\u00e4lle: Das beliebte Festzelt G\u00f6ckelesmaier. Nach dieser Erkenntnis wurden diverse Proben aus dem Festzelt genommen, um den Ursprung des Virus herauszufinden. [&hellip;]","og_url":"http:\/\/stuggitv.com\/?p=98374","og_site_name":"STUGGI.TV","article_publisher":"https:\/\/www.facebook.com\/stuggitv","article_published_time":"2024-04-25T11:14:25+00:00","article_modified_time":"2024-04-25T12:06:31+00:00","og_image":[{"width":1500,"height":1000,"url":"http:\/\/stuggitv.com\/wp-content\/uploads\/Goeckelesmaier_Foto_BB_STUGGI.TV_.jpg","type":"image\/jpeg"}],"author":"Liliane Braun","twitter_card":"summary_large_image","twitter_creator":"@stuggitv","twitter_site":"@stuggitv","twitter_misc":{"Verfasst von":"Liliane Braun","Gesch\u00e4tzte Lesezeit":"3\u00a0Minuten"},"schema":{"@context":"https:\/\/schema.org","@graph":[{"@type":"Article","@id":"http:\/\/stuggitv.com\/?p=98374#article","isPartOf":{"@id":"http:\/\/stuggitv.com\/?p=98374"},"author":{"name":"Liliane Braun","@id":"http:\/\/stuggitv.com\/#\/schema\/person\/9e357cd2a20c892f8b0afaccb185f556"},"headline":"300 Erkrankte auf dem Fr\u00fchlingsfest","datePublished":"2024-04-25T11:14:25+00:00","dateModified":"2024-04-25T12:06:31+00:00","mainEntityOfPage":{"@id":"http:\/\/stuggitv.com\/?p=98374"},"wordCount":345,"publisher":{"@id":"http:\/\/stuggitv.com\/#organization"},"image":{"@id":"http:\/\/stuggitv.com\/?p=98374#primaryimage"},"thumbnailUrl":"http:\/\/stuggitv.com\/wp-content\/uploads\/Goeckelesmaier_Foto_BB_STUGGI.TV_.jpg","keywords":["2024","300","Anstecken","ansteckend","Ansteckung","Cannstatter Fr\u00fchlingsfest","Canstatter Fr\u00fchlingsfest","Canstatter Wasen","Darm","Durchfall","Erbrechen","Feiern","Fest","Festzelt","Festzelte","Festzelte Volksfest","Fr\u00fchlingsfest","Gesundheit","Gesundheitsamt","G\u00f6ckelsmaier","Hygiene","Karl Maier","Krank","Krankheit","Lebensmittelvergiftung","Magen","Magen-Darm","Noro","Norovirus","Service","Technik","verbreitet","Virus","Wasen"],"articleSection":["Stuttgart heute"],"inLanguage":"de"},{"@type":"WebPage","@id":"http:\/\/stuggitv.com\/?p=98374","url":"http:\/\/stuggitv.com\/?p=98374","name":"300 Erkrankte auf dem Fr\u00fchlingsfest - STUGGI.TV","isPartOf":{"@id":"http:\/\/stuggitv.com\/#website"},"primaryImageOfPage":{"@id":"http:\/\/stuggitv.com\/?p=98374#primaryimage"},"image":{"@id":"http:\/\/stuggitv.com\/?p=98374#primaryimage"},"thumbnailUrl":"http:\/\/stuggitv.com\/wp-content\/uploads\/Goeckelesmaier_Foto_BB_STUGGI.TV_.jpg","datePublished":"2024-04-25T11:14:25+00:00","dateModified":"2024-04-25T12:06:31+00:00","breadcrumb":{"@id":"http:\/\/stuggitv.com\/?p=98374#breadcrumb"},"inLanguage":"de","potentialAction":[{"@type":"ReadAction","target":["http:\/\/stuggitv.com\/?p=98374"]}]},{"@type":"ImageObject","inLanguage":"de","@id":"http:\/\/stuggitv.com\/?p=98374#primaryimage","url":"http:\/\/stuggitv.com\/wp-content\/uploads\/Goeckelesmaier_Foto_BB_STUGGI.TV_.jpg","contentUrl":"http:\/\/stuggitv.com\/wp-content\/uploads\/Goeckelesmaier_Foto_BB_STUGGI.TV_.jpg","width":1500,"height":1000,"caption":"300 Erkrankte auf dem Fr\u00fchlingsfest"},{"@type":"BreadcrumbList","@id":"http:\/\/stuggitv.com\/?p=98374#breadcrumb","itemListElement":[{"@type":"ListItem","position":1,"name":"STUGGI.TV","item":"http:\/\/stuggitv.com\/"},{"@type":"ListItem","position":2,"name":"300 Erkrankte auf dem Fr\u00fchlingsfest"}]},{"@type":"WebSite","@id":"http:\/\/stuggitv.com\/#website","url":"http:\/\/stuggitv.com\/","name":"STUGGI.TV","description":"Der Onlinesender f\u00fcr Stuttgart","publisher":{"@id":"http:\/\/stuggitv.com\/#organization"},"potentialAction":[{"@type":"SearchAction","target":{"@type":"EntryPoint","urlTemplate":"http:\/\/stuggitv.com\/?s={search_term_string}"},"query-input":{"@type":"PropertyValueSpecification","valueRequired":true,"valueName":"search_term_string"}}],"inLanguage":"de"},{"@type":"Organization","@id":"http:\/\/stuggitv.com\/#organization","name":"STUGGI.TV","url":"http:\/\/stuggitv.com\/","logo":{"@type":"ImageObject","inLanguage":"de","@id":"http:\/\/stuggitv.com\/#\/schema\/logo\/image\/","url":"http:\/\/stuggitv.com\/wp-content\/uploads\/stuggitv_logo_rgb.jpg","contentUrl":"http:\/\/stuggitv.com\/wp-content\/uploads\/stuggitv_logo_rgb.jpg","width":320,"height":78,"caption":"STUGGI.TV"},"image":{"@id":"http:\/\/stuggitv.com\/#\/schema\/logo\/image\/"},"sameAs":["https:\/\/www.facebook.com\/stuggitv","https:\/\/x.com\/stuggitv"]},{"@type":"Person","@id":"http:\/\/stuggitv.com\/#\/schema\/person\/9e357cd2a20c892f8b0afaccb185f556","name":"Liliane Braun","image":{"@type":"ImageObject","inLanguage":"de","@id":"http:\/\/stuggitv.com\/#\/schema\/person\/image\/","url":"https:\/\/secure.gravatar.com\/avatar\/ac82b148c604a959d9a1be1691c2076c1106817a5623c48af1d5705f52c3f819?s=96&d=mm&r=g","contentUrl":"https:\/\/secure.gravatar.com\/avatar\/ac82b148c604a959d9a1be1691c2076c1106817a5623c48af1d5705f52c3f819?s=96&d=mm&r=g","caption":"Liliane Braun"},"description":"...weil es in Stuttgart immer wieder etwas Neues zu entdecken gibt.","url":"http:\/\/stuggitv.com\/?author=33425"}]}},"_links":{"self":[{"href":"http:\/\/stuggitv.com\/index.php?rest_route=\/wp\/v2\/posts\/98374","targetHints":{"allow":["GET"]}}],"collection":[{"href":"http:\/\/stuggitv.com\/index.php?rest_route=\/wp\/v2\/posts"}],"about":[{"href":"http:\/\/stuggitv.com\/index.php?rest_route=\/wp\/v2\/types\/post"}],"author":[{"embeddable":true,"href":"http:\/\/stuggitv.com\/index.php?rest_route=\/wp\/v2\/users\/33425"}],"replies":[{"embeddable":true,"href":"http:\/\/stuggitv.com\/index.php?rest_route=%2Fwp%2Fv2%2Fcomments&post=98374"}],"version-history":[{"count":9,"href":"http:\/\/stuggitv.com\/index.php?rest_route=\/wp\/v2\/posts\/98374\/revisions"}],"predecessor-version":[{"id":98419,"href":"http:\/\/stuggitv.com\/index.php?rest_route=\/wp\/v2\/posts\/98374\/revisions\/98419"}],"wp:featuredmedia":[{"embeddable":true,"href":"http:\/\/stuggitv.com\/index.php?rest_route=\/wp\/v2\/media\/98376"}],"wp:attachment":[{"href":"http:\/\/stuggitv.com\/index.php?rest_route=%2Fwp%2Fv2%2Fmedia&parent=98374"}],"wp:term":[{"taxonomy":"category","embeddable":true,"href":"http:\/\/stuggitv.com\/index.php?rest_route=%2Fwp%2Fv2%2Fcategories&post=98374"},{"taxonomy":"post_tag","embeddable":true,"href":"http:\/\/stuggitv.com\/index.php?rest_route=%2Fwp%2Fv2%2Ftags&post=98374"}],"curies":[{"name":"wp","href":"https:\/\/api.w.org\/{rel}","templated":true}]}}