{"id":98382,"date":"2024-04-29T14:19:42","date_gmt":"2024-04-29T12:19:42","guid":{"rendered":"https:\/\/www.stuggi.tv\/?p=98382"},"modified":"2024-04-29T14:34:43","modified_gmt":"2024-04-29T12:34:43","slug":"laermaktionsplan-fuer-stuttgart-buergerinnen-und-buerger-koennen-sich-beteiligen","status":"publish","type":"post","link":"http:\/\/stuggitv.com\/?p=98382","title":{"rendered":"L\u00e4rmaktionsplan f\u00fcr Stuttgart \u2013 B\u00fcrgerinnen und B\u00fcrger k\u00f6nnen sich beteiligen"},"content":{"rendered":"<h4>Die Melodie der Stadt<\/h4>\n<p>In der Stadt zu leben hat schon einige Vorteile &#8211; besonders die Infrastruktur und die \u00f6ffentlichen Verkehrsmittel sind f\u00fcr viele ein Pluspunkt. Doch genau diese sind auch f\u00fcr den hohen Ger\u00e4uschpegel von Stuttgart verantwortlich. Mehr als 70.000 Menschen in Stuttgart sind tags\u00fcber dem gesundheitssch\u00e4dliche Schallpegel des Stra\u00dfenverkehrs ausgesetzt, nachts sind es sogar 75.000. Das ist knapp jeder zehnte Stuttgarter. Durch die \u00f6ffentlichen Verkehrsmittel wie Stadtbahn und Eisenbahn kommen noch einmal 13.000 Stuttgarter tags\u00fcber und 22.000 B\u00fcrger nachts dazu. Diese Zahlen sind besorgniserregend f\u00fcr die Stadt Stuttgart.<\/p>\n<h4>EU-Umgebungsl\u00e4rmrichtlinie<\/h4>\n<p>Ein hoher L\u00e4rmpegel ist kein reines Stuttgart-Problem. Vielmehr ist es Thema in St\u00e4dten europaweit. Daher hat sich die Europ\u00e4ische Union das Ziel gesetzt, die L\u00e4rmbelastung f\u00fcr die Bev\u00f6lkerung zu senken. Daf\u00fcr muss jede Gemeinde alle f\u00fcnf Jahre eine &#8222;<a href=\"https:\/\/maps.stuttgart.de\/laermkartierung\/?Map\/layerIds=topplusopen,Basemap_EPSG25832-WMTS,A36_LAERM_2022_GEWERBE_LEN_Gebaeude_EPSG25832-WMS,A36_LAERM_2022_GEWERBE_LDEN_Gebaeude_EPSG25832-WMS,A36_LAERM_2022_SCHIENEN_LEN_Gebaeude_EPSG25832-WMS,A36_LAERM_2022_SCHIENEN_LDEN_Gebaeude_EPSG25832-WMS,A36_LAERM_2022_STRASSE_LEN_Gebaeude_EPSG25832-WMS,A36_LAERM_2022_STRASSE_LDEN_Gebaeude_EPSG25832-WMS&amp;visibility=true,true,true,false,false,false,false,false&amp;transparency=40,0,20,20,20,20,20,20&amp;Map\/center=%5B512736,5402794.5%5D&amp;Map\/zoomLevel=3%20\" target=\"_blank\" rel=\"noopener\">L\u00e4rmkarte<\/a>&#8220; und einen L\u00e4rmaktionsplan aufstellen. Die Stadt Stuttgart hat das zum ersten Mal im Jahr 2009 gemacht. Seitdem wurde der Fokus besonders auf den Stra\u00dfenverkehr gelegt. Zu den Ma\u00dfnahmen z\u00e4hlten bisher beispielsweise der Ausbau von Fahrradwegen und \u00d6PNV, leisere Stra\u00dfenbel\u00e4ge und vereinzelte L\u00e4rmschutzw\u00e4nde.<\/p>\n<h4>Mithilfe der B\u00fcrgschaft ist gefragt<\/h4>\n<p>F\u00fcr den diesj\u00e4hrigen Ausbau des L\u00e4rmaktionsplans m\u00f6chte die Stadt die Meinungen der B\u00fcrgschaft einholen. Daf\u00fcr wird es vier Informationsveranstaltungen geben, jeweils f\u00fcr unterschiedliche Stadtbezirke. Die <a href=\"https:\/\/www.stuttgart-meine-stadt.de\/content\/bbv\/details\/436\/phase\/916#teilnehmen\" target=\"_blank\" rel=\"noopener\">Termine<\/a> werden zwischen Ende April und Ende Juni stattfinden. Sowohl die Anmeldung, als auch die Teilnahme ist nicht verpflichtend. Egal ob man bei der Informationsveranstaltung teilgenommen hat oder nicht, jeder ist dazu aufgerufen an der <a href=\"https:\/\/www.stuttgart-meine-stadt.de\/content\/bbv\/details\/436\/phase\/912#teilnehmen\" target=\"_blank\" rel=\"noopener\">Umfrage<\/a>\u00a0der Stadt Stuttgart teilzunehmen. Daf\u00fcr sollte man etwa 15-20 Minuten einplanen.<\/p>\n<p><strong>VIDEO: Auch am Marienplatz gab es n\u00e4chtlichen L\u00e4rm, aber nicht wegen des Verkehrs<\/strong><\/p>\n<p><iframe loading=\"lazy\" title=\"Polizei r\u00e4umt Marienplatz und Feuersee in Stuttgart\" width=\"500\" height=\"281\" src=\"https:\/\/www.youtube.com\/embed\/RgYKtA4e-SQ?feature=oembed\" frameborder=\"0\" allow=\"accelerometer; autoplay; clipboard-write; encrypted-media; gyroscope; picture-in-picture; web-share\" referrerpolicy=\"strict-origin-when-cross-origin\" allowfullscreen><\/iframe><\/p>\n<p><em>Video wird nicht angezeigt? Dann <a href=\"https:\/\/www.youtube.com\/watch?v=RgYKtA4e-SQ\" target=\"_blank\" rel=\"noopener\">hier klicken<\/a>.<\/em><\/p>\n","protected":false},"excerpt":{"rendered":"<p>Die Melodie der Stadt In der Stadt zu leben hat schon einige Vorteile &#8211; besonders die Infrastruktur und die \u00f6ffentlichen Verkehrsmittel sind f\u00fcr viele ein Pluspunkt. Doch genau diese sind auch f\u00fcr den hohen Ger\u00e4uschpegel von Stuttgart verantwortlich. Mehr als [&hellip;]<\/p>\n","protected":false},"author":33425,"featured_media":98394,"comment_status":"closed","ping_status":"closed","sticky":false,"template":"","format":"standard","meta":{"footnotes":""},"categories":[626],"tags":[8927,9346,2396,9345,9342,9347,9348,3860,9340,9330,1593,9325,9324,9339,9349,9326,9333,8305,9328,352,9350,1479,9337,9331,9329,9341,9338,9334,9327,9335,149,9344,9343,9332,706,9336],"class_list":["post-98382","post","type-post","status-publish","format-standard","has-post-thumbnail","hentry","category-stuttgart-heute","tag-aktionsplan","tag-beteiligung","tag-burger","tag-buergschaft","tag-eu-umgebungslaermrichtlinie","tag-geraeusch","tag-geraeuschepegel","tag-gesundheit","tag-informationsveranstaltungen","tag-krach","tag-laerm","tag-laerm-stuttgart","tag-laermaktionsplan","tag-laermkarte","tag-laermpegel","tag-laut","tag-lautheit","tag-lautstaerke","tag-melodie","tag-oepnv","tag-pegel","tag-politik","tag-ruhe","tag-schall","tag-stadtlaerm","tag-stadtleben","tag-stille","tag-strasse","tag-strassenbahn","tag-strassenlaerm","tag-umfrage","tag-umgebung","tag-umgebungslaerm","tag-unruhe","tag-verkehr","tag-verkehrslaerm"],"read":true,"yoast_head":"<!-- This site is optimized with the Yoast SEO plugin v27.1.1 - https:\/\/yoast.com\/product\/yoast-seo-wordpress\/ -->\n<title>L\u00e4rmaktionsplan f\u00fcr Stuttgart \u2013 B\u00fcrgerinnen und B\u00fcrger k\u00f6nnen sich beteiligen - STUGGI.TV<\/title>\n<meta name=\"robots\" content=\"index, follow, max-snippet:-1, max-image-preview:large, max-video-preview:-1\" \/>\n<link rel=\"canonical\" href=\"http:\/\/stuggitv.com\/?p=98382\" \/>\n<meta property=\"og:locale\" content=\"de_DE\" \/>\n<meta property=\"og:type\" content=\"article\" \/>\n<meta property=\"og:title\" content=\"L\u00e4rmaktionsplan f\u00fcr Stuttgart \u2013 B\u00fcrgerinnen und B\u00fcrger k\u00f6nnen sich beteiligen - STUGGI.TV\" \/>\n<meta property=\"og:description\" content=\"Die Melodie der Stadt In der Stadt zu leben hat schon einige Vorteile &#8211; besonders die Infrastruktur und die \u00f6ffentlichen Verkehrsmittel sind f\u00fcr viele ein Pluspunkt. Doch genau diese sind auch f\u00fcr den hohen Ger\u00e4uschpegel von Stuttgart verantwortlich. Mehr als [&hellip;]\" \/>\n<meta property=\"og:url\" content=\"http:\/\/stuggitv.com\/?p=98382\" \/>\n<meta property=\"og:site_name\" content=\"STUGGI.TV\" \/>\n<meta property=\"article:publisher\" content=\"https:\/\/www.facebook.com\/stuggitv\" \/>\n<meta property=\"article:published_time\" content=\"2024-04-29T12:19:42+00:00\" \/>\n<meta property=\"article:modified_time\" content=\"2024-04-29T12:34:43+00:00\" \/>\n<meta property=\"og:image\" content=\"http:\/\/stuggitv.com\/wp-content\/uploads\/Laerm_Foto_BB_ex.jpg\" \/>\n\t<meta property=\"og:image:width\" content=\"1500\" \/>\n\t<meta property=\"og:image:height\" content=\"1000\" \/>\n\t<meta property=\"og:image:type\" content=\"image\/jpeg\" \/>\n<meta name=\"author\" content=\"Liliane Braun\" \/>\n<meta name=\"twitter:card\" content=\"summary_large_image\" \/>\n<meta name=\"twitter:creator\" content=\"@stuggitv\" \/>\n<meta name=\"twitter:site\" content=\"@stuggitv\" \/>\n<meta name=\"twitter:label1\" content=\"Verfasst von\" \/>\n\t<meta name=\"twitter:data1\" content=\"Liliane Braun\" \/>\n\t<meta name=\"twitter:label2\" content=\"Gesch\u00e4tzte Lesezeit\" \/>\n\t<meta name=\"twitter:data2\" content=\"2\u00a0Minuten\" \/>\n<script type=\"application\/ld+json\" class=\"yoast-schema-graph\">{\"@context\":\"https:\/\/schema.org\",\"@graph\":[{\"@type\":\"Article\",\"@id\":\"http:\/\/stuggitv.com\/?p=98382#article\",\"isPartOf\":{\"@id\":\"http:\/\/stuggitv.com\/?p=98382\"},\"author\":{\"name\":\"Liliane Braun\",\"@id\":\"http:\/\/stuggitv.com\/#\/schema\/person\/9e357cd2a20c892f8b0afaccb185f556\"},\"headline\":\"L\u00e4rmaktionsplan f\u00fcr Stuttgart \u2013 B\u00fcrgerinnen und B\u00fcrger k\u00f6nnen sich beteiligen\",\"datePublished\":\"2024-04-29T12:19:42+00:00\",\"dateModified\":\"2024-04-29T12:34:43+00:00\",\"mainEntityOfPage\":{\"@id\":\"http:\/\/stuggitv.com\/?p=98382\"},\"wordCount\":324,\"publisher\":{\"@id\":\"http:\/\/stuggitv.com\/#organization\"},\"image\":{\"@id\":\"http:\/\/stuggitv.com\/?p=98382#primaryimage\"},\"thumbnailUrl\":\"http:\/\/stuggitv.com\/wp-content\/uploads\/Laerm_Foto_BB_ex.jpg\",\"keywords\":[\"Aktionsplan\",\"Beteiligung\",\"Burger\",\"B\u00fcrgschaft\",\"EU-Umgebungsl\u00e4rmrichtlinie\",\"Ger\u00e4usch\",\"Ger\u00e4uschepegel\",\"Gesundheit\",\"Informationsveranstaltungen\",\"Krach\",\"L\u00e4rm\",\"L\u00e4rm Stuttgart\",\"L\u00e4rmaktionsplan\",\"L\u00e4rmkarte\",\"L\u00e4rmpegel\",\"Laut\",\"Lautheit\",\"Lautst\u00e4rke\",\"Melodie\",\"\u00d6PNV\",\"Pegel\",\"Politik\",\"Ruhe\",\"Schall\",\"Stadtl\u00e4rm\",\"Stadtleben\",\"Stille\",\"Stra\u00dfe\",\"Stra\u00dfenbahn\",\"Stra\u00dfenl\u00e4rm\",\"Umfrage\",\"Umgebung\",\"Umgebungsl\u00e4rm\",\"Unruhe\",\"Verkehr\",\"Verkehrsl\u00e4rm\"],\"articleSection\":[\"Stuttgart heute\"],\"inLanguage\":\"de\"},{\"@type\":\"WebPage\",\"@id\":\"http:\/\/stuggitv.com\/?p=98382\",\"url\":\"http:\/\/stuggitv.com\/?p=98382\",\"name\":\"L\u00e4rmaktionsplan f\u00fcr Stuttgart \u2013 B\u00fcrgerinnen und B\u00fcrger k\u00f6nnen sich beteiligen - STUGGI.TV\",\"isPartOf\":{\"@id\":\"http:\/\/stuggitv.com\/#website\"},\"primaryImageOfPage\":{\"@id\":\"http:\/\/stuggitv.com\/?p=98382#primaryimage\"},\"image\":{\"@id\":\"http:\/\/stuggitv.com\/?p=98382#primaryimage\"},\"thumbnailUrl\":\"http:\/\/stuggitv.com\/wp-content\/uploads\/Laerm_Foto_BB_ex.jpg\",\"datePublished\":\"2024-04-29T12:19:42+00:00\",\"dateModified\":\"2024-04-29T12:34:43+00:00\",\"breadcrumb\":{\"@id\":\"http:\/\/stuggitv.com\/?p=98382#breadcrumb\"},\"inLanguage\":\"de\",\"potentialAction\":[{\"@type\":\"ReadAction\",\"target\":[\"http:\/\/stuggitv.com\/?p=98382\"]}]},{\"@type\":\"ImageObject\",\"inLanguage\":\"de\",\"@id\":\"http:\/\/stuggitv.com\/?p=98382#primaryimage\",\"url\":\"http:\/\/stuggitv.com\/wp-content\/uploads\/Laerm_Foto_BB_ex.jpg\",\"contentUrl\":\"http:\/\/stuggitv.com\/wp-content\/uploads\/Laerm_Foto_BB_ex.jpg\",\"width\":1500,\"height\":1000,\"caption\":\"L\u00e4rmaktionsplan wird fortgeschrieben \u2013 B\u00fcrgerinnen und B\u00fcrger k\u00f6nnen sich beteiligen\"},{\"@type\":\"BreadcrumbList\",\"@id\":\"http:\/\/stuggitv.com\/?p=98382#breadcrumb\",\"itemListElement\":[{\"@type\":\"ListItem\",\"position\":1,\"name\":\"STUGGI.TV\",\"item\":\"http:\/\/stuggitv.com\/\"},{\"@type\":\"ListItem\",\"position\":2,\"name\":\"L\u00e4rmaktionsplan f\u00fcr Stuttgart \u2013 B\u00fcrgerinnen und B\u00fcrger k\u00f6nnen sich beteiligen\"}]},{\"@type\":\"WebSite\",\"@id\":\"http:\/\/stuggitv.com\/#website\",\"url\":\"http:\/\/stuggitv.com\/\",\"name\":\"STUGGI.TV\",\"description\":\"Der Onlinesender f\u00fcr Stuttgart\",\"publisher\":{\"@id\":\"http:\/\/stuggitv.com\/#organization\"},\"potentialAction\":[{\"@type\":\"SearchAction\",\"target\":{\"@type\":\"EntryPoint\",\"urlTemplate\":\"http:\/\/stuggitv.com\/?s={search_term_string}\"},\"query-input\":{\"@type\":\"PropertyValueSpecification\",\"valueRequired\":true,\"valueName\":\"search_term_string\"}}],\"inLanguage\":\"de\"},{\"@type\":\"Organization\",\"@id\":\"http:\/\/stuggitv.com\/#organization\",\"name\":\"STUGGI.TV\",\"url\":\"http:\/\/stuggitv.com\/\",\"logo\":{\"@type\":\"ImageObject\",\"inLanguage\":\"de\",\"@id\":\"http:\/\/stuggitv.com\/#\/schema\/logo\/image\/\",\"url\":\"http:\/\/stuggitv.com\/wp-content\/uploads\/stuggitv_logo_rgb.jpg\",\"contentUrl\":\"http:\/\/stuggitv.com\/wp-content\/uploads\/stuggitv_logo_rgb.jpg\",\"width\":320,\"height\":78,\"caption\":\"STUGGI.TV\"},\"image\":{\"@id\":\"http:\/\/stuggitv.com\/#\/schema\/logo\/image\/\"},\"sameAs\":[\"https:\/\/www.facebook.com\/stuggitv\",\"https:\/\/x.com\/stuggitv\"]},{\"@type\":\"Person\",\"@id\":\"http:\/\/stuggitv.com\/#\/schema\/person\/9e357cd2a20c892f8b0afaccb185f556\",\"name\":\"Liliane Braun\",\"image\":{\"@type\":\"ImageObject\",\"inLanguage\":\"de\",\"@id\":\"http:\/\/stuggitv.com\/#\/schema\/person\/image\/\",\"url\":\"https:\/\/secure.gravatar.com\/avatar\/ac82b148c604a959d9a1be1691c2076c1106817a5623c48af1d5705f52c3f819?s=96&d=mm&r=g\",\"contentUrl\":\"https:\/\/secure.gravatar.com\/avatar\/ac82b148c604a959d9a1be1691c2076c1106817a5623c48af1d5705f52c3f819?s=96&d=mm&r=g\",\"caption\":\"Liliane Braun\"},\"description\":\"...weil es in Stuttgart immer wieder etwas Neues zu entdecken gibt.\",\"url\":\"http:\/\/stuggitv.com\/?author=33425\"}]}<\/script>\n<!-- \/ Yoast SEO plugin. -->","yoast_head_json":{"title":"L\u00e4rmaktionsplan f\u00fcr Stuttgart \u2013 B\u00fcrgerinnen und B\u00fcrger k\u00f6nnen sich beteiligen - STUGGI.TV","robots":{"index":"index","follow":"follow","max-snippet":"max-snippet:-1","max-image-preview":"max-image-preview:large","max-video-preview":"max-video-preview:-1"},"canonical":"http:\/\/stuggitv.com\/?p=98382","og_locale":"de_DE","og_type":"article","og_title":"L\u00e4rmaktionsplan f\u00fcr Stuttgart \u2013 B\u00fcrgerinnen und B\u00fcrger k\u00f6nnen sich beteiligen - STUGGI.TV","og_description":"Die Melodie der Stadt In der Stadt zu leben hat schon einige Vorteile &#8211; besonders die Infrastruktur und die \u00f6ffentlichen Verkehrsmittel sind f\u00fcr viele ein Pluspunkt. Doch genau diese sind auch f\u00fcr den hohen Ger\u00e4uschpegel von Stuttgart verantwortlich. Mehr als [&hellip;]","og_url":"http:\/\/stuggitv.com\/?p=98382","og_site_name":"STUGGI.TV","article_publisher":"https:\/\/www.facebook.com\/stuggitv","article_published_time":"2024-04-29T12:19:42+00:00","article_modified_time":"2024-04-29T12:34:43+00:00","og_image":[{"width":1500,"height":1000,"url":"http:\/\/stuggitv.com\/wp-content\/uploads\/Laerm_Foto_BB_ex.jpg","type":"image\/jpeg"}],"author":"Liliane Braun","twitter_card":"summary_large_image","twitter_creator":"@stuggitv","twitter_site":"@stuggitv","twitter_misc":{"Verfasst von":"Liliane Braun","Gesch\u00e4tzte Lesezeit":"2\u00a0Minuten"},"schema":{"@context":"https:\/\/schema.org","@graph":[{"@type":"Article","@id":"http:\/\/stuggitv.com\/?p=98382#article","isPartOf":{"@id":"http:\/\/stuggitv.com\/?p=98382"},"author":{"name":"Liliane Braun","@id":"http:\/\/stuggitv.com\/#\/schema\/person\/9e357cd2a20c892f8b0afaccb185f556"},"headline":"L\u00e4rmaktionsplan f\u00fcr Stuttgart \u2013 B\u00fcrgerinnen und B\u00fcrger k\u00f6nnen sich beteiligen","datePublished":"2024-04-29T12:19:42+00:00","dateModified":"2024-04-29T12:34:43+00:00","mainEntityOfPage":{"@id":"http:\/\/stuggitv.com\/?p=98382"},"wordCount":324,"publisher":{"@id":"http:\/\/stuggitv.com\/#organization"},"image":{"@id":"http:\/\/stuggitv.com\/?p=98382#primaryimage"},"thumbnailUrl":"http:\/\/stuggitv.com\/wp-content\/uploads\/Laerm_Foto_BB_ex.jpg","keywords":["Aktionsplan","Beteiligung","Burger","B\u00fcrgschaft","EU-Umgebungsl\u00e4rmrichtlinie","Ger\u00e4usch","Ger\u00e4uschepegel","Gesundheit","Informationsveranstaltungen","Krach","L\u00e4rm","L\u00e4rm Stuttgart","L\u00e4rmaktionsplan","L\u00e4rmkarte","L\u00e4rmpegel","Laut","Lautheit","Lautst\u00e4rke","Melodie","\u00d6PNV","Pegel","Politik","Ruhe","Schall","Stadtl\u00e4rm","Stadtleben","Stille","Stra\u00dfe","Stra\u00dfenbahn","Stra\u00dfenl\u00e4rm","Umfrage","Umgebung","Umgebungsl\u00e4rm","Unruhe","Verkehr","Verkehrsl\u00e4rm"],"articleSection":["Stuttgart heute"],"inLanguage":"de"},{"@type":"WebPage","@id":"http:\/\/stuggitv.com\/?p=98382","url":"http:\/\/stuggitv.com\/?p=98382","name":"L\u00e4rmaktionsplan f\u00fcr Stuttgart \u2013 B\u00fcrgerinnen und B\u00fcrger k\u00f6nnen sich beteiligen - STUGGI.TV","isPartOf":{"@id":"http:\/\/stuggitv.com\/#website"},"primaryImageOfPage":{"@id":"http:\/\/stuggitv.com\/?p=98382#primaryimage"},"image":{"@id":"http:\/\/stuggitv.com\/?p=98382#primaryimage"},"thumbnailUrl":"http:\/\/stuggitv.com\/wp-content\/uploads\/Laerm_Foto_BB_ex.jpg","datePublished":"2024-04-29T12:19:42+00:00","dateModified":"2024-04-29T12:34:43+00:00","breadcrumb":{"@id":"http:\/\/stuggitv.com\/?p=98382#breadcrumb"},"inLanguage":"de","potentialAction":[{"@type":"ReadAction","target":["http:\/\/stuggitv.com\/?p=98382"]}]},{"@type":"ImageObject","inLanguage":"de","@id":"http:\/\/stuggitv.com\/?p=98382#primaryimage","url":"http:\/\/stuggitv.com\/wp-content\/uploads\/Laerm_Foto_BB_ex.jpg","contentUrl":"http:\/\/stuggitv.com\/wp-content\/uploads\/Laerm_Foto_BB_ex.jpg","width":1500,"height":1000,"caption":"L\u00e4rmaktionsplan wird fortgeschrieben \u2013 B\u00fcrgerinnen und B\u00fcrger k\u00f6nnen sich beteiligen"},{"@type":"BreadcrumbList","@id":"http:\/\/stuggitv.com\/?p=98382#breadcrumb","itemListElement":[{"@type":"ListItem","position":1,"name":"STUGGI.TV","item":"http:\/\/stuggitv.com\/"},{"@type":"ListItem","position":2,"name":"L\u00e4rmaktionsplan f\u00fcr Stuttgart \u2013 B\u00fcrgerinnen und B\u00fcrger k\u00f6nnen sich beteiligen"}]},{"@type":"WebSite","@id":"http:\/\/stuggitv.com\/#website","url":"http:\/\/stuggitv.com\/","name":"STUGGI.TV","description":"Der Onlinesender f\u00fcr Stuttgart","publisher":{"@id":"http:\/\/stuggitv.com\/#organization"},"potentialAction":[{"@type":"SearchAction","target":{"@type":"EntryPoint","urlTemplate":"http:\/\/stuggitv.com\/?s={search_term_string}"},"query-input":{"@type":"PropertyValueSpecification","valueRequired":true,"valueName":"search_term_string"}}],"inLanguage":"de"},{"@type":"Organization","@id":"http:\/\/stuggitv.com\/#organization","name":"STUGGI.TV","url":"http:\/\/stuggitv.com\/","logo":{"@type":"ImageObject","inLanguage":"de","@id":"http:\/\/stuggitv.com\/#\/schema\/logo\/image\/","url":"http:\/\/stuggitv.com\/wp-content\/uploads\/stuggitv_logo_rgb.jpg","contentUrl":"http:\/\/stuggitv.com\/wp-content\/uploads\/stuggitv_logo_rgb.jpg","width":320,"height":78,"caption":"STUGGI.TV"},"image":{"@id":"http:\/\/stuggitv.com\/#\/schema\/logo\/image\/"},"sameAs":["https:\/\/www.facebook.com\/stuggitv","https:\/\/x.com\/stuggitv"]},{"@type":"Person","@id":"http:\/\/stuggitv.com\/#\/schema\/person\/9e357cd2a20c892f8b0afaccb185f556","name":"Liliane Braun","image":{"@type":"ImageObject","inLanguage":"de","@id":"http:\/\/stuggitv.com\/#\/schema\/person\/image\/","url":"https:\/\/secure.gravatar.com\/avatar\/ac82b148c604a959d9a1be1691c2076c1106817a5623c48af1d5705f52c3f819?s=96&d=mm&r=g","contentUrl":"https:\/\/secure.gravatar.com\/avatar\/ac82b148c604a959d9a1be1691c2076c1106817a5623c48af1d5705f52c3f819?s=96&d=mm&r=g","caption":"Liliane Braun"},"description":"...weil es in Stuttgart immer wieder etwas Neues zu entdecken gibt.","url":"http:\/\/stuggitv.com\/?author=33425"}]}},"_links":{"self":[{"href":"http:\/\/stuggitv.com\/index.php?rest_route=\/wp\/v2\/posts\/98382","targetHints":{"allow":["GET"]}}],"collection":[{"href":"http:\/\/stuggitv.com\/index.php?rest_route=\/wp\/v2\/posts"}],"about":[{"href":"http:\/\/stuggitv.com\/index.php?rest_route=\/wp\/v2\/types\/post"}],"author":[{"embeddable":true,"href":"http:\/\/stuggitv.com\/index.php?rest_route=\/wp\/v2\/users\/33425"}],"replies":[{"embeddable":true,"href":"http:\/\/stuggitv.com\/index.php?rest_route=%2Fwp%2Fv2%2Fcomments&post=98382"}],"version-history":[{"count":8,"href":"http:\/\/stuggitv.com\/index.php?rest_route=\/wp\/v2\/posts\/98382\/revisions"}],"predecessor-version":[{"id":98492,"href":"http:\/\/stuggitv.com\/index.php?rest_route=\/wp\/v2\/posts\/98382\/revisions\/98492"}],"wp:featuredmedia":[{"embeddable":true,"href":"http:\/\/stuggitv.com\/index.php?rest_route=\/wp\/v2\/media\/98394"}],"wp:attachment":[{"href":"http:\/\/stuggitv.com\/index.php?rest_route=%2Fwp%2Fv2%2Fmedia&parent=98382"}],"wp:term":[{"taxonomy":"category","embeddable":true,"href":"http:\/\/stuggitv.com\/index.php?rest_route=%2Fwp%2Fv2%2Fcategories&post=98382"},{"taxonomy":"post_tag","embeddable":true,"href":"http:\/\/stuggitv.com\/index.php?rest_route=%2Fwp%2Fv2%2Ftags&post=98382"}],"curies":[{"name":"wp","href":"https:\/\/api.w.org\/{rel}","templated":true}]}}