{"id":98895,"date":"2024-05-21T13:03:02","date_gmt":"2024-05-21T11:03:02","guid":{"rendered":"https:\/\/www.stuggi.tv\/?p=98895"},"modified":"2024-05-22T18:25:07","modified_gmt":"2024-05-22T16:25:07","slug":"hannes-rockenbauch-s-oe-s-in-der-stuggi-tv-waehlbar","status":"publish","type":"post","link":"http:\/\/stuggitv.com\/?p=98895","title":{"rendered":"Hannes Rockenbauch (S.\u00d6.S) in der STUGGI.TV-W\u00e4hlbar"},"content":{"rendered":"<h4>Kommunalwahl am 9. Juni<\/h4>\n<p>Am 9. Juni haben alle Stuttgarterinnen und Stuttgarter ab 16 Jahren die M\u00f6glichkeit, die Politik in ihrer Stadt mitzugestalten. Der Gemeinderat ist das Parlament, in dem die Entscheidungen f\u00fcr die Stadt Stuttgart getroffen werden. Welche Parteien im neuen Gemeinderat vertreten sein werden und wie die Kr\u00e4fteverh\u00e4ltnisse zwischen den Parteien verteilt sein werden, kannst du mitbestimmen.<\/p>\n<h4><strong>Heute zu Gast: Hannes Rockenbauch\u00a0<\/strong><\/h4>\n<p>Der Name Hannes Rockenbauch ist in der Kommunalpolitik der Landeshauptstadt schon seit der Schlichtung rund um das Bahnprojekt Stuttgart 21 ein Begriff. Der Architekt ist schon lange Teil des Gemeinderates und ist auch als Kandidat bei der OB-Wahl angetreten. Wir haben mit ihm \u00fcber seine Ideen f\u00fcr Stuttgart gesprochen.<\/p>\n<h4>Weitere Folgen:<\/h4>\n<p><strong>Folge 1:<\/strong> <a href=\"https:\/\/youtu.be\/422bZsVSG-g\" target=\"_blank\" rel=\"noopener\">STUGGI.TV-W\u00e4hlbar mit Luigi Pantisano <em>(Die Linke)\u00a0<\/em><\/a><\/p>\n<p><strong>Folge 2:<\/strong> <a href=\"https:\/\/youtu.be\/tq5J_8nYUz8\" target=\"_blank\" rel=\"noopener\">STUGGI.TV-W\u00e4hlbar mit Matthias Oechsner <em>(FDP)<\/em><\/a><\/p>\n<p><strong>Folge 3: <\/strong><a href=\"https:\/\/youtu.be\/1NjnA0YYvXw\" target=\"_blank\" rel=\"noopener\">STUGGI.TV-W\u00e4hlbar mit Christoph Ozasek (Klimaliste0711)\u00a0<\/a><\/p>\n<p><strong>Folge 4:<\/strong> <a href=\"https:\/\/youtu.be\/9HLS4pL0VoM\" target=\"_blank\" rel=\"noopener\">STUGGI.TV-W\u00e4hlbar mit Steffen Degler (AfD)\u00a0<\/a><\/p>\n<p><strong>Folge 5: <\/strong><a href=\"http:\/\/stuggitv.com\/2024\/05\/leonard-ryzmann-cdu-in-der-stuggi-tv-waehlbar\/\" target=\"_blank\" rel=\"noopener\">STUGGI.TV-W\u00e4hlbar mit Leonard Rzymann (CDU)\u00a0<\/a><\/p>\n<p><strong>Folge 6:<\/strong> <a href=\"http:\/\/stuggitv.com\/2024\/05\/volt-kandidat-tillmann-bollow-in-der-stuggi-tv-waehlbar\/\" target=\"_blank\" rel=\"noopener\">STUGGI.TV-W\u00e4hlbar mit Tillmann Bollow (Volt)<\/a><\/p>\n<p><strong>Folge 7:<\/strong> <a href=\"http:\/\/stuggitv.com\/2024\/05\/jasmin-meergans-spd-in-der-stuggi-tv-waehlbar\/\" target=\"_blank\" rel=\"noopener\">STUGGI.TV-W\u00e4hlbar mit Jamsin Meergans (SPD)<\/a><\/p>\n<p><strong>Folge 8:<\/strong> <a href=\"http:\/\/stuggitv.com\/2024\/05\/joachim-wolf-freie-waehler-in-der-stuggi-tv-waehlbar\/\" target=\"_blank\" rel=\"noopener\">STUGGI.TV-W\u00e4hlbar mit Joachim Wolf (Freie W\u00e4hler)<\/a><\/p>\n<p><strong>Folge 9:<\/strong> <a href=\"http:\/\/stuggitv.com\/2024\/05\/gruenen-kandidat-mehmet-ildes-in-der-stuggi-tv-waehlbar\/\" target=\"_blank\" rel=\"noopener\">STUGGI.TV-W\u00e4hlbar mit Mehmet Ildes (Gr\u00fcne)\u00a0<\/a><\/p>\n","protected":false},"excerpt":{"rendered":"<p>Kommunalwahl am 9. Juni Am 9. Juni haben alle Stuttgarterinnen und Stuttgarter ab 16 Jahren die M\u00f6glichkeit, die Politik in ihrer Stadt mitzugestalten. Der Gemeinderat ist das Parlament, in dem die Entscheidungen f\u00fcr die Stadt Stuttgart getroffen werden. Welche Parteien [&hellip;]<\/p>\n","protected":false},"author":12,"featured_media":98903,"comment_status":"closed","ping_status":"closed","sticky":false,"template":"","format":"standard","meta":{"footnotes":""},"categories":[9205],"tags":[4394,320,579,9241,4274,4273,8846,5496,407,1721,9240,54,9239],"class_list":["post-98895","post","type-post","status-publish","format-standard","has-post-thumbnail","hentry","category-stuggi-tv-waehlbar","tag-buendnis-soes","tag-hannes-rockenbauch","tag-kommunalwahl","tag-kommunalwahl-2024","tag-kommunalwahl-stuttgart","tag-kommunalwahl-stuttgart-2024","tag-kommunalwahlen-stuttgart","tag-ob-wahl-in-stuttgart","tag-rockenbauch","tag-soes","tag-stuggi-tv-waehlbar","tag-stuttgart","tag-waehlbar"],"read":true,"yoast_head":"<!-- This site is optimized with the Yoast SEO plugin v27.1.1 - https:\/\/yoast.com\/product\/yoast-seo-wordpress\/ -->\n<title>Hannes Rockenbauch (S.\u00d6.S) in der STUGGI.TV-W\u00e4hlbar - STUGGI.TV<\/title>\n<meta name=\"robots\" content=\"index, follow, max-snippet:-1, max-image-preview:large, max-video-preview:-1\" \/>\n<link rel=\"canonical\" href=\"http:\/\/stuggitv.com\/?p=98895\" \/>\n<meta property=\"og:locale\" content=\"de_DE\" \/>\n<meta property=\"og:type\" content=\"article\" \/>\n<meta property=\"og:title\" content=\"Hannes Rockenbauch (S.\u00d6.S) in der STUGGI.TV-W\u00e4hlbar - STUGGI.TV\" \/>\n<meta property=\"og:description\" content=\"Kommunalwahl am 9. Juni Am 9. Juni haben alle Stuttgarterinnen und Stuttgarter ab 16 Jahren die M\u00f6glichkeit, die Politik in ihrer Stadt mitzugestalten. Der Gemeinderat ist das Parlament, in dem die Entscheidungen f\u00fcr die Stadt Stuttgart getroffen werden. Welche Parteien [&hellip;]\" \/>\n<meta property=\"og:url\" content=\"http:\/\/stuggitv.com\/?p=98895\" \/>\n<meta property=\"og:site_name\" content=\"STUGGI.TV\" \/>\n<meta property=\"article:publisher\" content=\"https:\/\/www.facebook.com\/stuggitv\" \/>\n<meta property=\"article:published_time\" content=\"2024-05-21T11:03:02+00:00\" \/>\n<meta property=\"article:modified_time\" content=\"2024-05-22T16:25:07+00:00\" \/>\n<meta property=\"og:image\" content=\"http:\/\/stuggitv.com\/wp-content\/uploads\/Wa\u0308hlbar_BB_HannesRockenbauch_Foto_STUGGITV.jpg\" \/>\n\t<meta property=\"og:image:width\" content=\"1500\" \/>\n\t<meta property=\"og:image:height\" content=\"1000\" \/>\n\t<meta property=\"og:image:type\" content=\"image\/jpeg\" \/>\n<meta name=\"author\" content=\"Sebastian Braun\" \/>\n<meta name=\"twitter:card\" content=\"summary_large_image\" \/>\n<meta name=\"twitter:creator\" content=\"@stuggitv\" \/>\n<meta name=\"twitter:site\" content=\"@stuggitv\" \/>\n<meta name=\"twitter:label1\" content=\"Verfasst von\" \/>\n\t<meta name=\"twitter:data1\" content=\"Sebastian Braun\" \/>\n\t<meta name=\"twitter:label2\" content=\"Gesch\u00e4tzte Lesezeit\" \/>\n\t<meta name=\"twitter:data2\" content=\"2\u00a0Minuten\" \/>\n<script type=\"application\/ld+json\" class=\"yoast-schema-graph\">{\"@context\":\"https:\/\/schema.org\",\"@graph\":[{\"@type\":\"Article\",\"@id\":\"http:\/\/stuggitv.com\/?p=98895#article\",\"isPartOf\":{\"@id\":\"http:\/\/stuggitv.com\/?p=98895\"},\"author\":{\"name\":\"Sebastian Braun\",\"@id\":\"http:\/\/stuggitv.com\/#\/schema\/person\/7bb970b1f0de857cfedb50527ba7ab61\"},\"headline\":\"Hannes Rockenbauch (S.\u00d6.S) in der STUGGI.TV-W\u00e4hlbar\",\"datePublished\":\"2024-05-21T11:03:02+00:00\",\"dateModified\":\"2024-05-22T16:25:07+00:00\",\"mainEntityOfPage\":{\"@id\":\"http:\/\/stuggitv.com\/?p=98895\"},\"wordCount\":201,\"publisher\":{\"@id\":\"http:\/\/stuggitv.com\/#organization\"},\"image\":{\"@id\":\"http:\/\/stuggitv.com\/?p=98895#primaryimage\"},\"thumbnailUrl\":\"http:\/\/stuggitv.com\/wp-content\/uploads\/Wa\u0308hlbar_BB_HannesRockenbauch_Foto_STUGGITV.jpg\",\"keywords\":[\"B\u00fcndnis S\u00d6S\",\"Hannes Rockenbauch\",\"Kommunalwahl\",\"Kommunalwahl 2024\",\"Kommunalwahl Stuttgart\",\"Kommunalwahl Stuttgart 2024\",\"Kommunalwahlen Stuttgart\",\"OB-Wahl in Stuttgart\",\"Rockenbauch\",\"S\u00d6S\",\"STUGGI.TV-W\u00e4hlbar\",\"Stuttgart\",\"W\u00e4hlbar\"],\"articleSection\":[\"STUGGI.TV-W\u00e4hlbar\"],\"inLanguage\":\"de\"},{\"@type\":\"WebPage\",\"@id\":\"http:\/\/stuggitv.com\/?p=98895\",\"url\":\"http:\/\/stuggitv.com\/?p=98895\",\"name\":\"Hannes Rockenbauch (S.\u00d6.S) in der STUGGI.TV-W\u00e4hlbar - STUGGI.TV\",\"isPartOf\":{\"@id\":\"http:\/\/stuggitv.com\/#website\"},\"primaryImageOfPage\":{\"@id\":\"http:\/\/stuggitv.com\/?p=98895#primaryimage\"},\"image\":{\"@id\":\"http:\/\/stuggitv.com\/?p=98895#primaryimage\"},\"thumbnailUrl\":\"http:\/\/stuggitv.com\/wp-content\/uploads\/Wa\u0308hlbar_BB_HannesRockenbauch_Foto_STUGGITV.jpg\",\"datePublished\":\"2024-05-21T11:03:02+00:00\",\"dateModified\":\"2024-05-22T16:25:07+00:00\",\"breadcrumb\":{\"@id\":\"http:\/\/stuggitv.com\/?p=98895#breadcrumb\"},\"inLanguage\":\"de\",\"potentialAction\":[{\"@type\":\"ReadAction\",\"target\":[\"http:\/\/stuggitv.com\/?p=98895\"]}]},{\"@type\":\"ImageObject\",\"inLanguage\":\"de\",\"@id\":\"http:\/\/stuggitv.com\/?p=98895#primaryimage\",\"url\":\"http:\/\/stuggitv.com\/wp-content\/uploads\/Wa\u0308hlbar_BB_HannesRockenbauch_Foto_STUGGITV.jpg\",\"contentUrl\":\"http:\/\/stuggitv.com\/wp-content\/uploads\/Wa\u0308hlbar_BB_HannesRockenbauch_Foto_STUGGITV.jpg\",\"width\":1500,\"height\":1000,\"caption\":\"Hannes Rockenbauch (S.\u00d6.S) in der STUGGI.TV-W\u00e4hlbar (Foto:STUGGI.TV)\"},{\"@type\":\"BreadcrumbList\",\"@id\":\"http:\/\/stuggitv.com\/?p=98895#breadcrumb\",\"itemListElement\":[{\"@type\":\"ListItem\",\"position\":1,\"name\":\"STUGGI.TV\",\"item\":\"http:\/\/stuggitv.com\/\"},{\"@type\":\"ListItem\",\"position\":2,\"name\":\"Hannes Rockenbauch (S.\u00d6.S) in der STUGGI.TV-W\u00e4hlbar\"}]},{\"@type\":\"WebSite\",\"@id\":\"http:\/\/stuggitv.com\/#website\",\"url\":\"http:\/\/stuggitv.com\/\",\"name\":\"STUGGI.TV\",\"description\":\"Der Onlinesender f\u00fcr Stuttgart\",\"publisher\":{\"@id\":\"http:\/\/stuggitv.com\/#organization\"},\"potentialAction\":[{\"@type\":\"SearchAction\",\"target\":{\"@type\":\"EntryPoint\",\"urlTemplate\":\"http:\/\/stuggitv.com\/?s={search_term_string}\"},\"query-input\":{\"@type\":\"PropertyValueSpecification\",\"valueRequired\":true,\"valueName\":\"search_term_string\"}}],\"inLanguage\":\"de\"},{\"@type\":\"Organization\",\"@id\":\"http:\/\/stuggitv.com\/#organization\",\"name\":\"STUGGI.TV\",\"url\":\"http:\/\/stuggitv.com\/\",\"logo\":{\"@type\":\"ImageObject\",\"inLanguage\":\"de\",\"@id\":\"http:\/\/stuggitv.com\/#\/schema\/logo\/image\/\",\"url\":\"http:\/\/stuggitv.com\/wp-content\/uploads\/stuggitv_logo_rgb.jpg\",\"contentUrl\":\"http:\/\/stuggitv.com\/wp-content\/uploads\/stuggitv_logo_rgb.jpg\",\"width\":320,\"height\":78,\"caption\":\"STUGGI.TV\"},\"image\":{\"@id\":\"http:\/\/stuggitv.com\/#\/schema\/logo\/image\/\"},\"sameAs\":[\"https:\/\/www.facebook.com\/stuggitv\",\"https:\/\/x.com\/stuggitv\"]},{\"@type\":\"Person\",\"@id\":\"http:\/\/stuggitv.com\/#\/schema\/person\/7bb970b1f0de857cfedb50527ba7ab61\",\"name\":\"Sebastian Braun\",\"image\":{\"@type\":\"ImageObject\",\"inLanguage\":\"de\",\"@id\":\"http:\/\/stuggitv.com\/#\/schema\/person\/image\/\",\"url\":\"https:\/\/secure.gravatar.com\/avatar\/2138f419173223c2ad53db72c6a50cf064c037a61fd6d72cfdc84642b2d97746?s=96&d=mm&r=g\",\"contentUrl\":\"https:\/\/secure.gravatar.com\/avatar\/2138f419173223c2ad53db72c6a50cf064c037a61fd6d72cfdc84642b2d97746?s=96&d=mm&r=g\",\"caption\":\"Sebastian Braun\"},\"description\":\"...weil Stuttgart vieles zu bieten hat und mehr ist als eine Autostadt.\",\"url\":\"http:\/\/stuggitv.com\/?author=12\"}]}<\/script>\n<!-- \/ Yoast SEO plugin. -->","yoast_head_json":{"title":"Hannes Rockenbauch (S.\u00d6.S) in der STUGGI.TV-W\u00e4hlbar - STUGGI.TV","robots":{"index":"index","follow":"follow","max-snippet":"max-snippet:-1","max-image-preview":"max-image-preview:large","max-video-preview":"max-video-preview:-1"},"canonical":"http:\/\/stuggitv.com\/?p=98895","og_locale":"de_DE","og_type":"article","og_title":"Hannes Rockenbauch (S.\u00d6.S) in der STUGGI.TV-W\u00e4hlbar - STUGGI.TV","og_description":"Kommunalwahl am 9. Juni Am 9. Juni haben alle Stuttgarterinnen und Stuttgarter ab 16 Jahren die M\u00f6glichkeit, die Politik in ihrer Stadt mitzugestalten. Der Gemeinderat ist das Parlament, in dem die Entscheidungen f\u00fcr die Stadt Stuttgart getroffen werden. Welche Parteien [&hellip;]","og_url":"http:\/\/stuggitv.com\/?p=98895","og_site_name":"STUGGI.TV","article_publisher":"https:\/\/www.facebook.com\/stuggitv","article_published_time":"2024-05-21T11:03:02+00:00","article_modified_time":"2024-05-22T16:25:07+00:00","og_image":[{"width":1500,"height":1000,"url":"http:\/\/stuggitv.com\/wp-content\/uploads\/Wa\u0308hlbar_BB_HannesRockenbauch_Foto_STUGGITV.jpg","type":"image\/jpeg"}],"author":"Sebastian Braun","twitter_card":"summary_large_image","twitter_creator":"@stuggitv","twitter_site":"@stuggitv","twitter_misc":{"Verfasst von":"Sebastian Braun","Gesch\u00e4tzte Lesezeit":"2\u00a0Minuten"},"schema":{"@context":"https:\/\/schema.org","@graph":[{"@type":"Article","@id":"http:\/\/stuggitv.com\/?p=98895#article","isPartOf":{"@id":"http:\/\/stuggitv.com\/?p=98895"},"author":{"name":"Sebastian Braun","@id":"http:\/\/stuggitv.com\/#\/schema\/person\/7bb970b1f0de857cfedb50527ba7ab61"},"headline":"Hannes Rockenbauch (S.\u00d6.S) in der STUGGI.TV-W\u00e4hlbar","datePublished":"2024-05-21T11:03:02+00:00","dateModified":"2024-05-22T16:25:07+00:00","mainEntityOfPage":{"@id":"http:\/\/stuggitv.com\/?p=98895"},"wordCount":201,"publisher":{"@id":"http:\/\/stuggitv.com\/#organization"},"image":{"@id":"http:\/\/stuggitv.com\/?p=98895#primaryimage"},"thumbnailUrl":"http:\/\/stuggitv.com\/wp-content\/uploads\/Wa\u0308hlbar_BB_HannesRockenbauch_Foto_STUGGITV.jpg","keywords":["B\u00fcndnis S\u00d6S","Hannes Rockenbauch","Kommunalwahl","Kommunalwahl 2024","Kommunalwahl Stuttgart","Kommunalwahl Stuttgart 2024","Kommunalwahlen Stuttgart","OB-Wahl in Stuttgart","Rockenbauch","S\u00d6S","STUGGI.TV-W\u00e4hlbar","Stuttgart","W\u00e4hlbar"],"articleSection":["STUGGI.TV-W\u00e4hlbar"],"inLanguage":"de"},{"@type":"WebPage","@id":"http:\/\/stuggitv.com\/?p=98895","url":"http:\/\/stuggitv.com\/?p=98895","name":"Hannes Rockenbauch (S.\u00d6.S) in der STUGGI.TV-W\u00e4hlbar - STUGGI.TV","isPartOf":{"@id":"http:\/\/stuggitv.com\/#website"},"primaryImageOfPage":{"@id":"http:\/\/stuggitv.com\/?p=98895#primaryimage"},"image":{"@id":"http:\/\/stuggitv.com\/?p=98895#primaryimage"},"thumbnailUrl":"http:\/\/stuggitv.com\/wp-content\/uploads\/Wa\u0308hlbar_BB_HannesRockenbauch_Foto_STUGGITV.jpg","datePublished":"2024-05-21T11:03:02+00:00","dateModified":"2024-05-22T16:25:07+00:00","breadcrumb":{"@id":"http:\/\/stuggitv.com\/?p=98895#breadcrumb"},"inLanguage":"de","potentialAction":[{"@type":"ReadAction","target":["http:\/\/stuggitv.com\/?p=98895"]}]},{"@type":"ImageObject","inLanguage":"de","@id":"http:\/\/stuggitv.com\/?p=98895#primaryimage","url":"http:\/\/stuggitv.com\/wp-content\/uploads\/Wa\u0308hlbar_BB_HannesRockenbauch_Foto_STUGGITV.jpg","contentUrl":"http:\/\/stuggitv.com\/wp-content\/uploads\/Wa\u0308hlbar_BB_HannesRockenbauch_Foto_STUGGITV.jpg","width":1500,"height":1000,"caption":"Hannes Rockenbauch (S.\u00d6.S) in der STUGGI.TV-W\u00e4hlbar (Foto:STUGGI.TV)"},{"@type":"BreadcrumbList","@id":"http:\/\/stuggitv.com\/?p=98895#breadcrumb","itemListElement":[{"@type":"ListItem","position":1,"name":"STUGGI.TV","item":"http:\/\/stuggitv.com\/"},{"@type":"ListItem","position":2,"name":"Hannes Rockenbauch (S.\u00d6.S) in der STUGGI.TV-W\u00e4hlbar"}]},{"@type":"WebSite","@id":"http:\/\/stuggitv.com\/#website","url":"http:\/\/stuggitv.com\/","name":"STUGGI.TV","description":"Der Onlinesender f\u00fcr Stuttgart","publisher":{"@id":"http:\/\/stuggitv.com\/#organization"},"potentialAction":[{"@type":"SearchAction","target":{"@type":"EntryPoint","urlTemplate":"http:\/\/stuggitv.com\/?s={search_term_string}"},"query-input":{"@type":"PropertyValueSpecification","valueRequired":true,"valueName":"search_term_string"}}],"inLanguage":"de"},{"@type":"Organization","@id":"http:\/\/stuggitv.com\/#organization","name":"STUGGI.TV","url":"http:\/\/stuggitv.com\/","logo":{"@type":"ImageObject","inLanguage":"de","@id":"http:\/\/stuggitv.com\/#\/schema\/logo\/image\/","url":"http:\/\/stuggitv.com\/wp-content\/uploads\/stuggitv_logo_rgb.jpg","contentUrl":"http:\/\/stuggitv.com\/wp-content\/uploads\/stuggitv_logo_rgb.jpg","width":320,"height":78,"caption":"STUGGI.TV"},"image":{"@id":"http:\/\/stuggitv.com\/#\/schema\/logo\/image\/"},"sameAs":["https:\/\/www.facebook.com\/stuggitv","https:\/\/x.com\/stuggitv"]},{"@type":"Person","@id":"http:\/\/stuggitv.com\/#\/schema\/person\/7bb970b1f0de857cfedb50527ba7ab61","name":"Sebastian Braun","image":{"@type":"ImageObject","inLanguage":"de","@id":"http:\/\/stuggitv.com\/#\/schema\/person\/image\/","url":"https:\/\/secure.gravatar.com\/avatar\/2138f419173223c2ad53db72c6a50cf064c037a61fd6d72cfdc84642b2d97746?s=96&d=mm&r=g","contentUrl":"https:\/\/secure.gravatar.com\/avatar\/2138f419173223c2ad53db72c6a50cf064c037a61fd6d72cfdc84642b2d97746?s=96&d=mm&r=g","caption":"Sebastian Braun"},"description":"...weil Stuttgart vieles zu bieten hat und mehr ist als eine Autostadt.","url":"http:\/\/stuggitv.com\/?author=12"}]}},"_links":{"self":[{"href":"http:\/\/stuggitv.com\/index.php?rest_route=\/wp\/v2\/posts\/98895","targetHints":{"allow":["GET"]}}],"collection":[{"href":"http:\/\/stuggitv.com\/index.php?rest_route=\/wp\/v2\/posts"}],"about":[{"href":"http:\/\/stuggitv.com\/index.php?rest_route=\/wp\/v2\/types\/post"}],"author":[{"embeddable":true,"href":"http:\/\/stuggitv.com\/index.php?rest_route=\/wp\/v2\/users\/12"}],"replies":[{"embeddable":true,"href":"http:\/\/stuggitv.com\/index.php?rest_route=%2Fwp%2Fv2%2Fcomments&post=98895"}],"version-history":[{"count":11,"href":"http:\/\/stuggitv.com\/index.php?rest_route=\/wp\/v2\/posts\/98895\/revisions"}],"predecessor-version":[{"id":98915,"href":"http:\/\/stuggitv.com\/index.php?rest_route=\/wp\/v2\/posts\/98895\/revisions\/98915"}],"wp:featuredmedia":[{"embeddable":true,"href":"http:\/\/stuggitv.com\/index.php?rest_route=\/wp\/v2\/media\/98903"}],"wp:attachment":[{"href":"http:\/\/stuggitv.com\/index.php?rest_route=%2Fwp%2Fv2%2Fmedia&parent=98895"}],"wp:term":[{"taxonomy":"category","embeddable":true,"href":"http:\/\/stuggitv.com\/index.php?rest_route=%2Fwp%2Fv2%2Fcategories&post=98895"},{"taxonomy":"post_tag","embeddable":true,"href":"http:\/\/stuggitv.com\/index.php?rest_route=%2Fwp%2Fv2%2Ftags&post=98895"}],"curies":[{"name":"wp","href":"https:\/\/api.w.org\/{rel}","templated":true}]}}