{"id":99025,"date":"2024-05-31T11:05:08","date_gmt":"2024-05-31T09:05:08","guid":{"rendered":"https:\/\/www.stuggi.tv\/?p=99025"},"modified":"2024-05-31T11:20:28","modified_gmt":"2024-05-31T09:20:28","slug":"neuer-klimamobilitaetsplan-fuer-stuttgart-ein-riesenschritt-in-richtung-mobilita%cc%88t-der-zukunft","status":"publish","type":"post","link":"http:\/\/stuggitv.com\/?p=99025","title":{"rendered":"Neuer Klimamobilit\u00e4tsplan f\u00fcr Stuttgart: Ein &#8222;Riesenschritt in Richtung Mobilita\u0308t der Zukunft&#8220;?"},"content":{"rendered":"<header class=\"SP-ArticleHeader SP-hasMedia\">\n<div class=\"SP-Intro\">\n<div class=\"SP-Intro__header\"><\/div>\n<\/div>\n<\/header>\n<h4>\u00dcber 70 Ma\u00dfnahmen gegen CO2-Emissionen<\/h4>\n<div class=\"SP-ArticleContent\">\n<div class=\"SP-Section\">\n<div class=\"SP-Section__content\">\n<div class=\"SP-Text\">\n<div class=\"SP-Paragraph\" data-sp-table=\"\" data-sp-table-bootstrapped=\"sp-30\">\n<div class=\"page\" title=\"Page 1\">\n<div class=\"layoutArea\">\n<div class=\"column\">\n<p>Der Klimamobilit\u00e4tsplan umfasst mehr als 70 konkrete Ma\u00dfnahmen, durch welche die CO2-Emissionen im Verkehr bis 2030 um mindestens 40 Prozent im Vergleich zum Jahr 2010 reduziert werden sollen. Diese Ma\u00dfnahmen wurden von verschiedenen \u00c4mtern im Bereich Mobilit\u00e4t und Verkehr erarbeitet. Sie umfassen zum Beispiel die Umstellung der SSB-Busse auf alternative Antriebe oder zahlreiche Ausbauma\u00dfnahmen im \u00d6PNV. Auch Ma\u00dfnahmen im Auto- Rad- und Fu\u00dfverkehr sollen die CO2-Emissionen reduzieren. Wenn die Ma\u00dfnahmen des Klimamobilit\u00e4tsplans erfolgreich sind, kann die Stadt bei einer sp\u00e4teren Finanzierung von Projekten im Bereich Verkehr einen sogenannten \u201eKlimabonus\u201c in Form einer erh\u00f6hten F\u00f6rderquote in Anspruch nehmen.<\/p>\n<h4>Versch\u00e4rfungen f\u00fcr den Autoverkehr<\/h4>\n<p>Stuttgart hat sich das Ziel gesetzt, bis 2035 klimaneutral zu werden. Das Grundsatzreferat ist sich sicher, dass die Landeshauptstadt mit dem neuen Klimamobilita\u0308tsplan einen gro\u00dfen Schritt in diese Richtung macht. &#8222;Stuttgart zeigt, wie der Klimaschutz im Verkehr funktionieren kann, ohne zu viele Menschen vor den Kopf zu sto\u00dfen&#8220;, so der Leiter des Grundsatzreferats, Martin K\u00f6rner. Die CDU Stuttgart um den Fraktionsvorsitzenden Alexander Kotz ist sich jedoch sicher, dass die B\u00fcrgerInnen die Ma\u00dfnahmen auf Dauer nicht mittragen werden, weil das Auto auf Dauer in der Stadt eine untergeordnete Rolle gegenu\u0308ber dem Rad- und Fu\u00dfverkehr spielen soll. &#8222;Der Autoverkehr macht aber in Stuttgart gerade einmal knapp u\u0308ber 15 Prozent der gesamten Emissionen aus, den u\u0308berwa\u0308ltigenden Anteil am Aussto\u00df ha\u0308lt der Geba\u0308udesektor&#8220;, so Kotz. Letztendlich hat die CDU sich bei der Abstimmung \u00fcber den Klimamobilita\u0308tsplan enthalten, da sie andererseits den Ausbau von O\u0308PNV sowie Fu\u00df- und Radverkehr unterst\u00fctzenswert finden.<\/p>\n<h4>Klimaneutralit\u00e4tsziel 2035<\/h4>\n<p>Aus Sicht der Gr\u00fcnen um Bj\u00f6rn Peterhoff ist der Klimamobilit\u00e4tsplan &#8222;eine gute Erg\u00e4nzung zu den bereits beschlossenen Grundsatzpapieren zur Verkehrswende in Stuttgart&#8220;. Eine wichtige Erg\u00e4nzung ist laut Peterhoff, dass die CO2-Reduktionszahlen im Verkehrsbereich mit Stuttgarts Klimazielen abgeglichen werden. Die FrAktion und allen voran ihr klimapolitischer Sprecher, Hannes Rockenbauch, ist sich jedoch sicher, dass das Klimaneutralit\u00e4tsziel 2035 durch den Plan nicht erf\u00fcllt werden kann. Daf\u00fcr braucht Stuttgart laut Rockenbauch eine Reduzierung der CO2-Emissionen im Verkehrssektor um 80 Prozent und nicht nur um 40 Prozent, wie im Klimamobilit\u00e4tsplan vorgesehen. Insgesamt ist die FrAktion entt\u00e4uscht von dem Ergebnis des langen Prozesses. Auch laut den Gr\u00fcnen gibt es noch einige Kritikpunkte am Klimamobilit\u00e4tsplan. Peterhoff kritisiert unter anderem, dass die Umsetzung vieler betroffener Projekte bis 2035 unrealistisch ist. Er pl\u00e4diert f\u00fcr Ma\u00dfnahmen, die schnell zeitnah realisiert werden k\u00f6nnen.<\/p>\n<h4>Konkrete Ma\u00dfnahmen f\u00fcr Klimaneutralit\u00e4t im Verkehrsbereich<\/h4>\n<p>Auch die SPD und deren Sprecherin f\u00fcr Klima, Umwelt und Mobilit\u00e4t, Lucia Schanbacher, ist der Meinung, dass \u00fcber Einzelma\u00dfnahmen des Plans noch diskutiert werden muss. &#8222;Das Ganze ist ein Planwerk, nicht mehr und nicht weniger&#8220;. Allerdings steht f\u00fcr sie im Mittelpunkt, dass die Stadt zum ersten Mal einen Plan mit konkreten Ma\u00dfnahmen f\u00fcr Klimaneutralit\u00e4t im Verkehrsbereich hat. \u00c4hnliches w\u00fcnscht sich Schanbacher auch in dieser Tiefe auch f\u00fcr die anderen Sektoren. Au\u00dferdem ist es f\u00fcr sie ein erstrebenswertes Ziel, dass die Stadt bei einer erfolgreichen Reduzierung von CO2-Emissionen mehr finanzielle Mittel f\u00fcr weitere Klimaschutzprojekte bekommt. &#8222;Der Klimamobilit\u00e4tsplan ist ein Finanzierungsinstrument, f\u00fcr mehr Klimaschutz in der Stadt. Das sollten wir nicht zerreden und ins Klein-Klein gehen&#8220;, so Schanbacher.<\/p>\n<h4>Was bisher geschah<\/h4>\n<p>Bereits im April 2021 hat sich die Landeshauptstadt Stuttgart nach einem Beschluss des Gemeinderats f\u00fcr das Pilotprojekt beworben. Um eine Grundlage f\u00fcr den Klimamobilit\u00e4tsplan zu schaffen, wurden zun\u00e4chst die bereits vorhandenen Pl\u00e4ne der Stadt Stuttgart im Bereich Mobilit\u00e4t und Verkehr analysiert und bewertet. Darauf aufbauend konnte ein Zielszenario entwickelt und Ma\u00dfnahmen zur Umsetzung erarbeitet werden. Auch die Stuttgarter konnten sich dahingehend \u00fcber das \u201eForum Klimamobilit\u00e4tsplan\u201c aktiv einbringen. Der Entwurf wurde dem Gemeinderat anschlie\u00dfend zum Beschluss vorgelegt.<\/p>\n<\/div>\n<\/div>\n<\/div>\n<\/div>\n<\/div>\n<\/div>\n<\/div>\n<section class=\"SP-Section\" aria-labelledby=\"zeitachse-der-buergerbeteiligung\">\n<div class=\"SP-Section__content\">\n<div class=\"SP-Text\">\n<div class=\"SP-Paragraph\" data-sp-table=\"\" data-sp-table-bootstrapped=\"sp-32\">\n<h4>VIDEO: Klimaaktivistin Clara Schweizer \u00fcber Klimaschutz in der Landeshauptstadt<\/h4>\n<p><iframe loading=\"lazy\" title=\"Clara Schweizer: &quot;Der Klimaschutz muss auch in Stuttgart besser werden&quot; | STUGGI.TV\" width=\"500\" height=\"281\" src=\"https:\/\/www.youtube.com\/embed\/4WirIotZFMI?feature=oembed\" frameborder=\"0\" allow=\"accelerometer; autoplay; clipboard-write; encrypted-media; gyroscope; picture-in-picture; web-share\" referrerpolicy=\"strict-origin-when-cross-origin\" allowfullscreen><\/iframe><\/p>\n<p><em>Das Video wird nicht angezeigt? Dann <a href=\"https:\/\/youtu.be\/4WirIotZFMI\" target=\"_blank\" rel=\"noopener\">hier<\/a> klicken.\u00a0<\/em><\/p>\n<\/div>\n<\/div>\n<\/div>\n<\/section>\n<\/div>\n","protected":false},"excerpt":{"rendered":"<p>\u00dcber 70 Ma\u00dfnahmen gegen CO2-Emissionen Der Klimamobilit\u00e4tsplan umfasst mehr als 70 konkrete Ma\u00dfnahmen, durch welche die CO2-Emissionen im Verkehr bis 2030 um mindestens 40 Prozent im Vergleich zum Jahr 2010 reduziert werden sollen. Diese Ma\u00dfnahmen wurden von verschiedenen \u00c4mtern im [&hellip;]<\/p>\n","protected":false},"author":35450,"featured_media":99137,"comment_status":"closed","ping_status":"closed","sticky":false,"template":"","format":"standard","meta":{"footnotes":""},"categories":[626],"tags":[9700,9692,9693,9694,9701,9690,9698,9696,636,9699,9697,9689,7701,9705,8152,9704,707,9691,1996,352,9695,9703,9702],"class_list":["post-99025","post","type-post","status-publish","format-standard","has-post-thumbnail","hentry","category-stuttgart-heute","tag-alexander-kotz-cdu","tag-alternative-antriebe","tag-ausbaumassnahmen","tag-autoverkehr","tag-bjoern-peterhoff-die-gruenen","tag-co2-emissionen","tag-co2-reduktionszahlen","tag-fussverkehr","tag-gemeinderat","tag-hannes-rockenbauch-fraktion","tag-klimabonus","tag-klimamobilitaetsplan-stuttgart","tag-klimaneutralitaetsziel-2035","tag-klimaschutzprojekte","tag-klimaziele-stuttgart","tag-lucia-schanbacher-spd","tag-massnahmen","tag-massnahmen-gegen-co2-emissionen","tag-mobilitaet-der-zukunft","tag-oepnv","tag-radverkehr","tag-verkehrssektor","tag-verkehrswende"],"read":true,"yoast_head":"<!-- This site is optimized with the Yoast SEO plugin v27.1.1 - https:\/\/yoast.com\/product\/yoast-seo-wordpress\/ -->\n<title>Neuer Klimamobilit\u00e4tsplan f\u00fcr Stuttgart: Ein &quot;Riesenschritt in Richtung Mobilita\u0308t der Zukunft&quot;? - STUGGI.TV<\/title>\n<meta name=\"robots\" content=\"index, follow, max-snippet:-1, max-image-preview:large, max-video-preview:-1\" \/>\n<link rel=\"canonical\" href=\"http:\/\/stuggitv.com\/?p=99025\" \/>\n<meta property=\"og:locale\" content=\"de_DE\" \/>\n<meta property=\"og:type\" content=\"article\" \/>\n<meta property=\"og:title\" content=\"Neuer Klimamobilit\u00e4tsplan f\u00fcr Stuttgart: Ein &quot;Riesenschritt in Richtung Mobilita\u0308t der Zukunft&quot;? - STUGGI.TV\" \/>\n<meta property=\"og:description\" content=\"\u00dcber 70 Ma\u00dfnahmen gegen CO2-Emissionen Der Klimamobilit\u00e4tsplan umfasst mehr als 70 konkrete Ma\u00dfnahmen, durch welche die CO2-Emissionen im Verkehr bis 2030 um mindestens 40 Prozent im Vergleich zum Jahr 2010 reduziert werden sollen. Diese Ma\u00dfnahmen wurden von verschiedenen \u00c4mtern im [&hellip;]\" \/>\n<meta property=\"og:url\" content=\"http:\/\/stuggitv.com\/?p=99025\" \/>\n<meta property=\"og:site_name\" content=\"STUGGI.TV\" \/>\n<meta property=\"article:publisher\" content=\"https:\/\/www.facebook.com\/stuggitv\" \/>\n<meta property=\"article:published_time\" content=\"2024-05-31T09:05:08+00:00\" \/>\n<meta property=\"article:modified_time\" content=\"2024-05-31T09:20:28+00:00\" \/>\n<meta property=\"og:image\" content=\"http:\/\/stuggitv.com\/wp-content\/uploads\/BB_Klimamobilita\u0308tsplan_Foto_STUGGITV.jpg\" \/>\n\t<meta property=\"og:image:width\" content=\"1500\" \/>\n\t<meta property=\"og:image:height\" content=\"1000\" \/>\n\t<meta property=\"og:image:type\" content=\"image\/jpeg\" \/>\n<meta name=\"author\" content=\"Jule M\u00fcller\" \/>\n<meta name=\"twitter:card\" content=\"summary_large_image\" \/>\n<meta name=\"twitter:creator\" content=\"@stuggitv\" \/>\n<meta name=\"twitter:site\" content=\"@stuggitv\" \/>\n<meta name=\"twitter:label1\" content=\"Verfasst von\" \/>\n\t<meta name=\"twitter:data1\" content=\"Jule M\u00fcller\" \/>\n\t<meta name=\"twitter:label2\" content=\"Gesch\u00e4tzte Lesezeit\" \/>\n\t<meta name=\"twitter:data2\" content=\"4\u00a0Minuten\" \/>\n<script type=\"application\/ld+json\" class=\"yoast-schema-graph\">{\"@context\":\"https:\/\/schema.org\",\"@graph\":[{\"@type\":\"Article\",\"@id\":\"http:\/\/stuggitv.com\/?p=99025#article\",\"isPartOf\":{\"@id\":\"http:\/\/stuggitv.com\/?p=99025\"},\"author\":{\"name\":\"Jule M\u00fcller\",\"@id\":\"http:\/\/stuggitv.com\/#\/schema\/person\/80565bf4931f75b6fa2486e49d8242f2\"},\"headline\":\"Neuer Klimamobilit\u00e4tsplan f\u00fcr Stuttgart: Ein &#8222;Riesenschritt in Richtung Mobilita\u0308t der Zukunft&#8220;?\",\"datePublished\":\"2024-05-31T09:05:08+00:00\",\"dateModified\":\"2024-05-31T09:20:28+00:00\",\"mainEntityOfPage\":{\"@id\":\"http:\/\/stuggitv.com\/?p=99025\"},\"wordCount\":691,\"publisher\":{\"@id\":\"http:\/\/stuggitv.com\/#organization\"},\"image\":{\"@id\":\"http:\/\/stuggitv.com\/?p=99025#primaryimage\"},\"thumbnailUrl\":\"http:\/\/stuggitv.com\/wp-content\/uploads\/BB_Klimamobilita\u0308tsplan_Foto_STUGGITV.jpg\",\"keywords\":[\"Alexander Kotz CDU\",\"alternative Antriebe\",\"Ausbauma\u00dfnahmen\",\"Autoverkehr\",\"Bj\u00f6rn Peterhoff Die Gr\u00fcnen\",\"CO2-Emissionen\",\"CO2-Reduktionszahlen\",\"Fu\u00dfverkehr\",\"Gemeinderat\",\"Hannes Rockenbauch FrAktion\",\"Klimabonus\",\"Klimamobilit\u00e4tsplan Stuttgart\",\"Klimaneutralit\u00e4tsziel 2035\",\"Klimaschutzprojekte\",\"Klimaziele Stuttgart\",\"Lucia Schanbacher SPD\",\"Ma\u00dfnahmen\",\"Ma\u00dfnahmen gegen CO2-Emissionen\",\"Mobilit\u00e4t der Zukunft\",\"\u00d6PNV\",\"Radverkehr\",\"Verkehrssektor\",\"Verkehrswende\"],\"articleSection\":[\"Stuttgart heute\"],\"inLanguage\":\"de\"},{\"@type\":\"WebPage\",\"@id\":\"http:\/\/stuggitv.com\/?p=99025\",\"url\":\"http:\/\/stuggitv.com\/?p=99025\",\"name\":\"Neuer Klimamobilit\u00e4tsplan f\u00fcr Stuttgart: Ein \\\"Riesenschritt in Richtung Mobilita\u0308t der Zukunft\\\"? - STUGGI.TV\",\"isPartOf\":{\"@id\":\"http:\/\/stuggitv.com\/#website\"},\"primaryImageOfPage\":{\"@id\":\"http:\/\/stuggitv.com\/?p=99025#primaryimage\"},\"image\":{\"@id\":\"http:\/\/stuggitv.com\/?p=99025#primaryimage\"},\"thumbnailUrl\":\"http:\/\/stuggitv.com\/wp-content\/uploads\/BB_Klimamobilita\u0308tsplan_Foto_STUGGITV.jpg\",\"datePublished\":\"2024-05-31T09:05:08+00:00\",\"dateModified\":\"2024-05-31T09:20:28+00:00\",\"breadcrumb\":{\"@id\":\"http:\/\/stuggitv.com\/?p=99025#breadcrumb\"},\"inLanguage\":\"de\",\"potentialAction\":[{\"@type\":\"ReadAction\",\"target\":[\"http:\/\/stuggitv.com\/?p=99025\"]}]},{\"@type\":\"ImageObject\",\"inLanguage\":\"de\",\"@id\":\"http:\/\/stuggitv.com\/?p=99025#primaryimage\",\"url\":\"http:\/\/stuggitv.com\/wp-content\/uploads\/BB_Klimamobilita\u0308tsplan_Foto_STUGGITV.jpg\",\"contentUrl\":\"http:\/\/stuggitv.com\/wp-content\/uploads\/BB_Klimamobilita\u0308tsplan_Foto_STUGGITV.jpg\",\"width\":1500,\"height\":1000,\"caption\":\"Neuer Klimamobilit\u00e4tsplan f\u00fcr Stuttgart: Ein \\\"Riesenschritt in Richtung Mobilita\u0308t der Zukunft\\\"? (Foto: STUGGI.TV)\"},{\"@type\":\"BreadcrumbList\",\"@id\":\"http:\/\/stuggitv.com\/?p=99025#breadcrumb\",\"itemListElement\":[{\"@type\":\"ListItem\",\"position\":1,\"name\":\"STUGGI.TV\",\"item\":\"http:\/\/stuggitv.com\/\"},{\"@type\":\"ListItem\",\"position\":2,\"name\":\"Neuer Klimamobilit\u00e4tsplan f\u00fcr Stuttgart: Ein &#8222;Riesenschritt in Richtung Mobilita\u0308t der Zukunft&#8220;?\"}]},{\"@type\":\"WebSite\",\"@id\":\"http:\/\/stuggitv.com\/#website\",\"url\":\"http:\/\/stuggitv.com\/\",\"name\":\"STUGGI.TV\",\"description\":\"Der Onlinesender f\u00fcr Stuttgart\",\"publisher\":{\"@id\":\"http:\/\/stuggitv.com\/#organization\"},\"potentialAction\":[{\"@type\":\"SearchAction\",\"target\":{\"@type\":\"EntryPoint\",\"urlTemplate\":\"http:\/\/stuggitv.com\/?s={search_term_string}\"},\"query-input\":{\"@type\":\"PropertyValueSpecification\",\"valueRequired\":true,\"valueName\":\"search_term_string\"}}],\"inLanguage\":\"de\"},{\"@type\":\"Organization\",\"@id\":\"http:\/\/stuggitv.com\/#organization\",\"name\":\"STUGGI.TV\",\"url\":\"http:\/\/stuggitv.com\/\",\"logo\":{\"@type\":\"ImageObject\",\"inLanguage\":\"de\",\"@id\":\"http:\/\/stuggitv.com\/#\/schema\/logo\/image\/\",\"url\":\"http:\/\/stuggitv.com\/wp-content\/uploads\/stuggitv_logo_rgb.jpg\",\"contentUrl\":\"http:\/\/stuggitv.com\/wp-content\/uploads\/stuggitv_logo_rgb.jpg\",\"width\":320,\"height\":78,\"caption\":\"STUGGI.TV\"},\"image\":{\"@id\":\"http:\/\/stuggitv.com\/#\/schema\/logo\/image\/\"},\"sameAs\":[\"https:\/\/www.facebook.com\/stuggitv\",\"https:\/\/x.com\/stuggitv\"]},{\"@type\":\"Person\",\"@id\":\"http:\/\/stuggitv.com\/#\/schema\/person\/80565bf4931f75b6fa2486e49d8242f2\",\"name\":\"Jule M\u00fcller\",\"image\":{\"@type\":\"ImageObject\",\"inLanguage\":\"de\",\"@id\":\"http:\/\/stuggitv.com\/#\/schema\/person\/image\/\",\"url\":\"https:\/\/secure.gravatar.com\/avatar\/640ed6bde787c6f3213e895f817e2cacae61eb82f64e65b257b44e4962003be0?s=96&d=mm&r=g\",\"contentUrl\":\"https:\/\/secure.gravatar.com\/avatar\/640ed6bde787c6f3213e895f817e2cacae61eb82f64e65b257b44e4962003be0?s=96&d=mm&r=g\",\"caption\":\"Jule M\u00fcller\"},\"url\":\"http:\/\/stuggitv.com\/?author=35450\"}]}<\/script>\n<!-- \/ Yoast SEO plugin. -->","yoast_head_json":{"title":"Neuer Klimamobilit\u00e4tsplan f\u00fcr Stuttgart: Ein \"Riesenschritt in Richtung Mobilita\u0308t der Zukunft\"? - STUGGI.TV","robots":{"index":"index","follow":"follow","max-snippet":"max-snippet:-1","max-image-preview":"max-image-preview:large","max-video-preview":"max-video-preview:-1"},"canonical":"http:\/\/stuggitv.com\/?p=99025","og_locale":"de_DE","og_type":"article","og_title":"Neuer Klimamobilit\u00e4tsplan f\u00fcr Stuttgart: Ein \"Riesenschritt in Richtung Mobilita\u0308t der Zukunft\"? - STUGGI.TV","og_description":"\u00dcber 70 Ma\u00dfnahmen gegen CO2-Emissionen Der Klimamobilit\u00e4tsplan umfasst mehr als 70 konkrete Ma\u00dfnahmen, durch welche die CO2-Emissionen im Verkehr bis 2030 um mindestens 40 Prozent im Vergleich zum Jahr 2010 reduziert werden sollen. Diese Ma\u00dfnahmen wurden von verschiedenen \u00c4mtern im [&hellip;]","og_url":"http:\/\/stuggitv.com\/?p=99025","og_site_name":"STUGGI.TV","article_publisher":"https:\/\/www.facebook.com\/stuggitv","article_published_time":"2024-05-31T09:05:08+00:00","article_modified_time":"2024-05-31T09:20:28+00:00","og_image":[{"width":1500,"height":1000,"url":"http:\/\/stuggitv.com\/wp-content\/uploads\/BB_Klimamobilita\u0308tsplan_Foto_STUGGITV.jpg","type":"image\/jpeg"}],"author":"Jule M\u00fcller","twitter_card":"summary_large_image","twitter_creator":"@stuggitv","twitter_site":"@stuggitv","twitter_misc":{"Verfasst von":"Jule M\u00fcller","Gesch\u00e4tzte Lesezeit":"4\u00a0Minuten"},"schema":{"@context":"https:\/\/schema.org","@graph":[{"@type":"Article","@id":"http:\/\/stuggitv.com\/?p=99025#article","isPartOf":{"@id":"http:\/\/stuggitv.com\/?p=99025"},"author":{"name":"Jule M\u00fcller","@id":"http:\/\/stuggitv.com\/#\/schema\/person\/80565bf4931f75b6fa2486e49d8242f2"},"headline":"Neuer Klimamobilit\u00e4tsplan f\u00fcr Stuttgart: Ein &#8222;Riesenschritt in Richtung Mobilita\u0308t der Zukunft&#8220;?","datePublished":"2024-05-31T09:05:08+00:00","dateModified":"2024-05-31T09:20:28+00:00","mainEntityOfPage":{"@id":"http:\/\/stuggitv.com\/?p=99025"},"wordCount":691,"publisher":{"@id":"http:\/\/stuggitv.com\/#organization"},"image":{"@id":"http:\/\/stuggitv.com\/?p=99025#primaryimage"},"thumbnailUrl":"http:\/\/stuggitv.com\/wp-content\/uploads\/BB_Klimamobilita\u0308tsplan_Foto_STUGGITV.jpg","keywords":["Alexander Kotz CDU","alternative Antriebe","Ausbauma\u00dfnahmen","Autoverkehr","Bj\u00f6rn Peterhoff Die Gr\u00fcnen","CO2-Emissionen","CO2-Reduktionszahlen","Fu\u00dfverkehr","Gemeinderat","Hannes Rockenbauch FrAktion","Klimabonus","Klimamobilit\u00e4tsplan Stuttgart","Klimaneutralit\u00e4tsziel 2035","Klimaschutzprojekte","Klimaziele Stuttgart","Lucia Schanbacher SPD","Ma\u00dfnahmen","Ma\u00dfnahmen gegen CO2-Emissionen","Mobilit\u00e4t der Zukunft","\u00d6PNV","Radverkehr","Verkehrssektor","Verkehrswende"],"articleSection":["Stuttgart heute"],"inLanguage":"de"},{"@type":"WebPage","@id":"http:\/\/stuggitv.com\/?p=99025","url":"http:\/\/stuggitv.com\/?p=99025","name":"Neuer Klimamobilit\u00e4tsplan f\u00fcr Stuttgart: Ein \"Riesenschritt in Richtung Mobilita\u0308t der Zukunft\"? - STUGGI.TV","isPartOf":{"@id":"http:\/\/stuggitv.com\/#website"},"primaryImageOfPage":{"@id":"http:\/\/stuggitv.com\/?p=99025#primaryimage"},"image":{"@id":"http:\/\/stuggitv.com\/?p=99025#primaryimage"},"thumbnailUrl":"http:\/\/stuggitv.com\/wp-content\/uploads\/BB_Klimamobilita\u0308tsplan_Foto_STUGGITV.jpg","datePublished":"2024-05-31T09:05:08+00:00","dateModified":"2024-05-31T09:20:28+00:00","breadcrumb":{"@id":"http:\/\/stuggitv.com\/?p=99025#breadcrumb"},"inLanguage":"de","potentialAction":[{"@type":"ReadAction","target":["http:\/\/stuggitv.com\/?p=99025"]}]},{"@type":"ImageObject","inLanguage":"de","@id":"http:\/\/stuggitv.com\/?p=99025#primaryimage","url":"http:\/\/stuggitv.com\/wp-content\/uploads\/BB_Klimamobilita\u0308tsplan_Foto_STUGGITV.jpg","contentUrl":"http:\/\/stuggitv.com\/wp-content\/uploads\/BB_Klimamobilita\u0308tsplan_Foto_STUGGITV.jpg","width":1500,"height":1000,"caption":"Neuer Klimamobilit\u00e4tsplan f\u00fcr Stuttgart: Ein \"Riesenschritt in Richtung Mobilita\u0308t der Zukunft\"? (Foto: STUGGI.TV)"},{"@type":"BreadcrumbList","@id":"http:\/\/stuggitv.com\/?p=99025#breadcrumb","itemListElement":[{"@type":"ListItem","position":1,"name":"STUGGI.TV","item":"http:\/\/stuggitv.com\/"},{"@type":"ListItem","position":2,"name":"Neuer Klimamobilit\u00e4tsplan f\u00fcr Stuttgart: Ein &#8222;Riesenschritt in Richtung Mobilita\u0308t der Zukunft&#8220;?"}]},{"@type":"WebSite","@id":"http:\/\/stuggitv.com\/#website","url":"http:\/\/stuggitv.com\/","name":"STUGGI.TV","description":"Der Onlinesender f\u00fcr Stuttgart","publisher":{"@id":"http:\/\/stuggitv.com\/#organization"},"potentialAction":[{"@type":"SearchAction","target":{"@type":"EntryPoint","urlTemplate":"http:\/\/stuggitv.com\/?s={search_term_string}"},"query-input":{"@type":"PropertyValueSpecification","valueRequired":true,"valueName":"search_term_string"}}],"inLanguage":"de"},{"@type":"Organization","@id":"http:\/\/stuggitv.com\/#organization","name":"STUGGI.TV","url":"http:\/\/stuggitv.com\/","logo":{"@type":"ImageObject","inLanguage":"de","@id":"http:\/\/stuggitv.com\/#\/schema\/logo\/image\/","url":"http:\/\/stuggitv.com\/wp-content\/uploads\/stuggitv_logo_rgb.jpg","contentUrl":"http:\/\/stuggitv.com\/wp-content\/uploads\/stuggitv_logo_rgb.jpg","width":320,"height":78,"caption":"STUGGI.TV"},"image":{"@id":"http:\/\/stuggitv.com\/#\/schema\/logo\/image\/"},"sameAs":["https:\/\/www.facebook.com\/stuggitv","https:\/\/x.com\/stuggitv"]},{"@type":"Person","@id":"http:\/\/stuggitv.com\/#\/schema\/person\/80565bf4931f75b6fa2486e49d8242f2","name":"Jule M\u00fcller","image":{"@type":"ImageObject","inLanguage":"de","@id":"http:\/\/stuggitv.com\/#\/schema\/person\/image\/","url":"https:\/\/secure.gravatar.com\/avatar\/640ed6bde787c6f3213e895f817e2cacae61eb82f64e65b257b44e4962003be0?s=96&d=mm&r=g","contentUrl":"https:\/\/secure.gravatar.com\/avatar\/640ed6bde787c6f3213e895f817e2cacae61eb82f64e65b257b44e4962003be0?s=96&d=mm&r=g","caption":"Jule M\u00fcller"},"url":"http:\/\/stuggitv.com\/?author=35450"}]}},"_links":{"self":[{"href":"http:\/\/stuggitv.com\/index.php?rest_route=\/wp\/v2\/posts\/99025","targetHints":{"allow":["GET"]}}],"collection":[{"href":"http:\/\/stuggitv.com\/index.php?rest_route=\/wp\/v2\/posts"}],"about":[{"href":"http:\/\/stuggitv.com\/index.php?rest_route=\/wp\/v2\/types\/post"}],"author":[{"embeddable":true,"href":"http:\/\/stuggitv.com\/index.php?rest_route=\/wp\/v2\/users\/35450"}],"replies":[{"embeddable":true,"href":"http:\/\/stuggitv.com\/index.php?rest_route=%2Fwp%2Fv2%2Fcomments&post=99025"}],"version-history":[{"count":22,"href":"http:\/\/stuggitv.com\/index.php?rest_route=\/wp\/v2\/posts\/99025\/revisions"}],"predecessor-version":[{"id":99143,"href":"http:\/\/stuggitv.com\/index.php?rest_route=\/wp\/v2\/posts\/99025\/revisions\/99143"}],"wp:featuredmedia":[{"embeddable":true,"href":"http:\/\/stuggitv.com\/index.php?rest_route=\/wp\/v2\/media\/99137"}],"wp:attachment":[{"href":"http:\/\/stuggitv.com\/index.php?rest_route=%2Fwp%2Fv2%2Fmedia&parent=99025"}],"wp:term":[{"taxonomy":"category","embeddable":true,"href":"http:\/\/stuggitv.com\/index.php?rest_route=%2Fwp%2Fv2%2Fcategories&post=99025"},{"taxonomy":"post_tag","embeddable":true,"href":"http:\/\/stuggitv.com\/index.php?rest_route=%2Fwp%2Fv2%2Ftags&post=99025"}],"curies":[{"name":"wp","href":"https:\/\/api.w.org\/{rel}","templated":true}]}}