{"id":99407,"date":"2024-06-11T18:07:13","date_gmt":"2024-06-11T16:07:13","guid":{"rendered":"https:\/\/www.stuggi.tv\/?p=99407"},"modified":"2024-06-14T11:28:50","modified_gmt":"2024-06-14T09:28:50","slug":"endergebnis-der-kommunalwahl-in-stuttgart-cdu-knapp-vor-den-gruenen","status":"publish","type":"post","link":"http:\/\/stuggitv.com\/?p=99407","title":{"rendered":"Endergebnis der Kommunalwahl in Stuttgart: CDU knapp vor den Gr\u00fcnen"},"content":{"rendered":"<h4>Kopf-an-Kopf-Rennen<\/h4>\n<p>Das vorl\u00e4ufige amtliche Endergebnis der Kommunalwahlen ist bekanntgegeben: Sieger der Wahl ist die CDU, welche mit 23,4 Prozent die Gr\u00fcnen um 0,5 Prozent knapp schl\u00e4gt. Diese konnten 22,9 Prozent der Stimmen f\u00fcr sich gewinnen, was im Vergleich zur letzten Wahl 2019 3,4 Prozent weniger sind. Die CDU hingegen konnte um 4 Prozentpunkte aufstocken. Bei der Sitzverteilung im Gemeinderat nehmen jedoch beide Parteien 14 Sitze ein. Sowohl CDU-Fraktionsvorsitzender Alexander Kotz als auch Gr\u00fcnen-Fraktionsvorsitzender Bj\u00f6rn Peterhoff stehen der Zusammenarbeit in der kommenden Legislaturperiode optimistisch gegen\u00fcber. Die Ergebnisse der Wahl seien erfreulich, da nicht die beiden Extreme sondern die demokratische Mitte klarer Wahlsieger sei.<\/p>\n<h4>Wer zieht in den Gemeinderat ein?<\/h4>\n<p>Auf Platz drei folgt die SPD mit 11,1 Prozent der Stimmen und bleibt somit bei 7 Sitzen im Gemeinderat. Die AfD erringt zwar 8,3 Prozent der Stimmen, schneidet aber im Vergleich zur Europawahl bei den Kommunalwahlen in Stuttgart deutlich schlechter ab. Die Freien W\u00e4hler sowie die FDP\/DVP konnten 4 Sitze ergattern. Verluste musste DIE LINKE einstecken, welche mit 4,5 Prozent im Vergleich zu 2019 0,8 Prozentpunkte verlor. Auch S\u00d6S, die Stadisten, die PARTEI und die Tierschutzpartei bleiben im Gemeinderat vertreten. Neu sind die Partei Volt mit 2 Sitzen sowie die Klimaliste und Stuttgarter Liste mit jeweils einem Sitz.<\/p>\n<h4>Weitere Fakten zur Wahl<\/h4>\n<p>Gr\u00fcnen-Stadtr\u00e4tin Petra R\u00fchle erreichte mit 119.328 Stimmen die meisten Stimmen bei der Wahl, gefolgt von Alexander Kotz (CDU) und Gabriele Munk (GR\u00dcNEN). Die Wahlbeteiligung lag bei 57,0 Prozent. Das Besondere in diesem Jahr: Mit 43,3 Prozent aller W\u00e4hlenden fiel die Briefwahlquote so hoch wie noch nie aus. Am 24. Juli wird der neue Gemeinderat dann zu seiner ersten Sitzung zusammenkommen.<\/p>\n<h4>VIDEO: Ergebnisse der Europawahl sorgt f\u00fcr Unmut<\/h4>\n<p><iframe loading=\"lazy\" title=\"AfD zweitst\u00e4rkste Kraft \u2013 das sagt Stuttgart zu den Ergebnissen der Europawahl |\u00a0STUGGI.TV\" width=\"500\" height=\"281\" src=\"https:\/\/www.youtube.com\/embed\/sam8N9XjoDI?feature=oembed\" frameborder=\"0\" allow=\"accelerometer; autoplay; clipboard-write; encrypted-media; gyroscope; picture-in-picture; web-share\" referrerpolicy=\"strict-origin-when-cross-origin\" allowfullscreen><\/iframe><\/p>\n<p><em>Video wird nicht angezeigt? Hier <a href=\"https:\/\/youtu.be\/sam8N9XjoDI?feature=shared\" target=\"_blank\" rel=\"noopener\">klicken<\/a>.\u00a0<\/em><\/p>\n","protected":false},"excerpt":{"rendered":"<p>Kopf-an-Kopf-Rennen Das vorl\u00e4ufige amtliche Endergebnis der Kommunalwahlen ist bekanntgegeben: Sieger der Wahl ist die CDU, welche mit 23,4 Prozent die Gr\u00fcnen um 0,5 Prozent knapp schl\u00e4gt. Diese konnten 22,9 Prozent der Stimmen f\u00fcr sich gewinnen, was im Vergleich zur letzten [&hellip;]<\/p>\n","protected":false},"author":28617,"featured_media":99409,"comment_status":"closed","ping_status":"closed","sticky":false,"template":"","format":"standard","meta":{"footnotes":""},"categories":[626],"tags":[8285,399,5153,2266,400,562,9845,565,9849,712,579,4274,1766,9847,9850,1721,67,54,2364,9846,9020,9848],"class_list":["post-99407","post","type-post","status-publish","format-standard","has-post-thumbnail","hentry","category-stuttgart-heute","tag-afd-stuttgart","tag-alexander-kotz","tag-bjoern-peterhoff","tag-buendnis-90-die-gruenen","tag-cdu-stuttgart","tag-die-linke","tag-ergebnis-kommunalwahl","tag-fdp","tag-gemeinderat-sitze","tag-gruene-stuttgart","tag-kommunalwahl","tag-kommunalwahl-stuttgart","tag-petra-ruehle","tag-sieger-kommunalwahl","tag-sitzverteilung","tag-soes","tag-spd","tag-stuttgart","tag-stuttgarter-rathaus","tag-volt-gemeinderat","tag-waehlen","tag-wahlen-ergebnis"],"read":true,"yoast_head":"<!-- This site is optimized with the Yoast SEO plugin v27.1.1 - https:\/\/yoast.com\/product\/yoast-seo-wordpress\/ -->\n<title>Endergebnis der Kommunalwahl in Stuttgart: CDU knapp vor den Gr\u00fcnen - STUGGI.TV<\/title>\n<meta name=\"robots\" content=\"index, follow, max-snippet:-1, max-image-preview:large, max-video-preview:-1\" \/>\n<link rel=\"canonical\" href=\"http:\/\/stuggitv.com\/?p=99407\" \/>\n<meta property=\"og:locale\" content=\"de_DE\" \/>\n<meta property=\"og:type\" content=\"article\" \/>\n<meta property=\"og:title\" content=\"Endergebnis der Kommunalwahl Stuttgart: CDU schl\u00e4gt Gr\u00fcne\" \/>\n<meta property=\"og:description\" content=\"Am Dienstagmittag gab das Statistische Amt das Ergebnis der Gemeinderatswahl im Stuttgarter Rathaus bekannt. Die vorl\u00e4ufigen Prognosen haben sich mit dem Endergebnis best\u00e4tigt: Die CDU l\u00f6st die Gr\u00fcnen als st\u00e4rkste Partei mit 23,5 Prozent ab.\u00a0\" \/>\n<meta property=\"og:url\" content=\"http:\/\/stuggitv.com\/?p=99407\" \/>\n<meta property=\"og:site_name\" content=\"STUGGI.TV\" \/>\n<meta property=\"article:publisher\" content=\"https:\/\/www.facebook.com\/stuggitv\" \/>\n<meta property=\"article:published_time\" content=\"2024-06-11T16:07:13+00:00\" \/>\n<meta property=\"article:modified_time\" content=\"2024-06-14T09:28:50+00:00\" \/>\n<meta property=\"og:image\" content=\"http:\/\/stuggitv.com\/wp-content\/uploads\/240511_News_Kommunalwahl-Endergebnis-bb.jpg\" \/>\n\t<meta property=\"og:image:width\" content=\"1500\" \/>\n\t<meta property=\"og:image:height\" content=\"1000\" \/>\n\t<meta property=\"og:image:type\" content=\"image\/jpeg\" \/>\n<meta name=\"author\" content=\"Kim Hellmann\" \/>\n<meta name=\"twitter:card\" content=\"summary_large_image\" \/>\n<meta name=\"twitter:title\" content=\"Endergebnis der Kommunalwahl Stuttgart: CDU schl\u00e4gt Gr\u00fcne\" \/>\n<meta name=\"twitter:description\" content=\"Am Dienstagmittag gab das Statistische Amt das Ergebnis der Gemeinderatswahl im Stuttgarter Rathaus bekannt. Die vorl\u00e4ufigen Prognosen haben sich mit dem Endergebnis best\u00e4tigt: Die CDU l\u00f6st die Gr\u00fcnen als st\u00e4rkste Partei mit 23,5 Prozent ab.\u00a0\" \/>\n<meta name=\"twitter:image\" content=\"http:\/\/stuggitv.com\/wp-content\/uploads\/240511_News_Kommunalwahl-Endergebnis-bb.jpg\" \/>\n<meta name=\"twitter:creator\" content=\"@stuggitv\" \/>\n<meta name=\"twitter:site\" content=\"@stuggitv\" \/>\n<meta name=\"twitter:label1\" content=\"Verfasst von\" \/>\n\t<meta name=\"twitter:data1\" content=\"Kim Hellmann\" \/>\n\t<meta name=\"twitter:label2\" content=\"Gesch\u00e4tzte Lesezeit\" \/>\n\t<meta name=\"twitter:data2\" content=\"1\u00a0Minute\" \/>\n<script type=\"application\/ld+json\" class=\"yoast-schema-graph\">{\"@context\":\"https:\/\/schema.org\",\"@graph\":[{\"@type\":\"Article\",\"@id\":\"http:\/\/stuggitv.com\/?p=99407#article\",\"isPartOf\":{\"@id\":\"http:\/\/stuggitv.com\/?p=99407\"},\"author\":{\"name\":\"Kim Hellmann\",\"@id\":\"http:\/\/stuggitv.com\/#\/schema\/person\/af684f017494a498b036f36345556a30\"},\"headline\":\"Endergebnis der Kommunalwahl in Stuttgart: CDU knapp vor den Gr\u00fcnen\",\"datePublished\":\"2024-06-11T16:07:13+00:00\",\"dateModified\":\"2024-06-14T09:28:50+00:00\",\"mainEntityOfPage\":{\"@id\":\"http:\/\/stuggitv.com\/?p=99407\"},\"wordCount\":299,\"publisher\":{\"@id\":\"http:\/\/stuggitv.com\/#organization\"},\"image\":{\"@id\":\"http:\/\/stuggitv.com\/?p=99407#primaryimage\"},\"thumbnailUrl\":\"http:\/\/stuggitv.com\/wp-content\/uploads\/240511_News_Kommunalwahl-Endergebnis-bb.jpg\",\"keywords\":[\"AfD Stuttgart\",\"Alexander Kotz\",\"Bj\u00f6rn Peterhoff\",\"B\u00fcndnis 90\/Die Gr\u00fcnen\",\"CDU Stuttgart\",\"Die Linke\",\"Ergebnis Kommunalwahl\",\"FDP\",\"Gemeinderat Sitze\",\"Gr\u00fcne Stuttgart\",\"Kommunalwahl\",\"Kommunalwahl Stuttgart\",\"Petra R\u00fchle\",\"Sieger Kommunalwahl\",\"Sitzverteilung\",\"S\u00d6S\",\"SPD\",\"Stuttgart\",\"Stuttgarter Rathaus\",\"Volt Gemeinderat\",\"W\u00e4hlen\",\"Wahlen Ergebnis\"],\"articleSection\":[\"Stuttgart heute\"],\"inLanguage\":\"de\"},{\"@type\":\"WebPage\",\"@id\":\"http:\/\/stuggitv.com\/?p=99407\",\"url\":\"http:\/\/stuggitv.com\/?p=99407\",\"name\":\"Endergebnis der Kommunalwahl in Stuttgart: CDU knapp vor den Gr\u00fcnen - STUGGI.TV\",\"isPartOf\":{\"@id\":\"http:\/\/stuggitv.com\/#website\"},\"primaryImageOfPage\":{\"@id\":\"http:\/\/stuggitv.com\/?p=99407#primaryimage\"},\"image\":{\"@id\":\"http:\/\/stuggitv.com\/?p=99407#primaryimage\"},\"thumbnailUrl\":\"http:\/\/stuggitv.com\/wp-content\/uploads\/240511_News_Kommunalwahl-Endergebnis-bb.jpg\",\"datePublished\":\"2024-06-11T16:07:13+00:00\",\"dateModified\":\"2024-06-14T09:28:50+00:00\",\"breadcrumb\":{\"@id\":\"http:\/\/stuggitv.com\/?p=99407#breadcrumb\"},\"inLanguage\":\"de\",\"potentialAction\":[{\"@type\":\"ReadAction\",\"target\":[\"http:\/\/stuggitv.com\/?p=99407\"]}]},{\"@type\":\"ImageObject\",\"inLanguage\":\"de\",\"@id\":\"http:\/\/stuggitv.com\/?p=99407#primaryimage\",\"url\":\"http:\/\/stuggitv.com\/wp-content\/uploads\/240511_News_Kommunalwahl-Endergebnis-bb.jpg\",\"contentUrl\":\"http:\/\/stuggitv.com\/wp-content\/uploads\/240511_News_Kommunalwahl-Endergebnis-bb.jpg\",\"width\":1500,\"height\":1000,\"caption\":\"Endergebnis der Kommunalwahl Stuttgart: CDU schl\u00e4gt Gr\u00fcne (Foto: STUGGI.TV)\"},{\"@type\":\"BreadcrumbList\",\"@id\":\"http:\/\/stuggitv.com\/?p=99407#breadcrumb\",\"itemListElement\":[{\"@type\":\"ListItem\",\"position\":1,\"name\":\"STUGGI.TV\",\"item\":\"http:\/\/stuggitv.com\/\"},{\"@type\":\"ListItem\",\"position\":2,\"name\":\"Endergebnis der Kommunalwahl in Stuttgart: CDU knapp vor den Gr\u00fcnen\"}]},{\"@type\":\"WebSite\",\"@id\":\"http:\/\/stuggitv.com\/#website\",\"url\":\"http:\/\/stuggitv.com\/\",\"name\":\"STUGGI.TV\",\"description\":\"Der Onlinesender f\u00fcr Stuttgart\",\"publisher\":{\"@id\":\"http:\/\/stuggitv.com\/#organization\"},\"potentialAction\":[{\"@type\":\"SearchAction\",\"target\":{\"@type\":\"EntryPoint\",\"urlTemplate\":\"http:\/\/stuggitv.com\/?s={search_term_string}\"},\"query-input\":{\"@type\":\"PropertyValueSpecification\",\"valueRequired\":true,\"valueName\":\"search_term_string\"}}],\"inLanguage\":\"de\"},{\"@type\":\"Organization\",\"@id\":\"http:\/\/stuggitv.com\/#organization\",\"name\":\"STUGGI.TV\",\"url\":\"http:\/\/stuggitv.com\/\",\"logo\":{\"@type\":\"ImageObject\",\"inLanguage\":\"de\",\"@id\":\"http:\/\/stuggitv.com\/#\/schema\/logo\/image\/\",\"url\":\"http:\/\/stuggitv.com\/wp-content\/uploads\/stuggitv_logo_rgb.jpg\",\"contentUrl\":\"http:\/\/stuggitv.com\/wp-content\/uploads\/stuggitv_logo_rgb.jpg\",\"width\":320,\"height\":78,\"caption\":\"STUGGI.TV\"},\"image\":{\"@id\":\"http:\/\/stuggitv.com\/#\/schema\/logo\/image\/\"},\"sameAs\":[\"https:\/\/www.facebook.com\/stuggitv\",\"https:\/\/x.com\/stuggitv\"]},{\"@type\":\"Person\",\"@id\":\"http:\/\/stuggitv.com\/#\/schema\/person\/af684f017494a498b036f36345556a30\",\"name\":\"Kim Hellmann\",\"image\":{\"@type\":\"ImageObject\",\"inLanguage\":\"de\",\"@id\":\"http:\/\/stuggitv.com\/#\/schema\/person\/image\/\",\"url\":\"https:\/\/secure.gravatar.com\/avatar\/cd74e1f7be4aca2a0858573189b22929801548018f8af840488730f5cda5ebd9?s=96&d=mm&r=g\",\"contentUrl\":\"https:\/\/secure.gravatar.com\/avatar\/cd74e1f7be4aca2a0858573189b22929801548018f8af840488730f5cda5ebd9?s=96&d=mm&r=g\",\"caption\":\"Kim Hellmann\"},\"description\":\"...weil Stuttgart den perfekten Mix aus Gro\u00dfstadt und die N\u00e4he zur Natur darstellt.\",\"url\":\"http:\/\/stuggitv.com\/?author=28617\"}]}<\/script>\n<!-- \/ Yoast SEO plugin. -->","yoast_head_json":{"title":"Endergebnis der Kommunalwahl in Stuttgart: CDU knapp vor den Gr\u00fcnen - STUGGI.TV","robots":{"index":"index","follow":"follow","max-snippet":"max-snippet:-1","max-image-preview":"max-image-preview:large","max-video-preview":"max-video-preview:-1"},"canonical":"http:\/\/stuggitv.com\/?p=99407","og_locale":"de_DE","og_type":"article","og_title":"Endergebnis der Kommunalwahl Stuttgart: CDU schl\u00e4gt Gr\u00fcne","og_description":"Am Dienstagmittag gab das Statistische Amt das Ergebnis der Gemeinderatswahl im Stuttgarter Rathaus bekannt. Die vorl\u00e4ufigen Prognosen haben sich mit dem Endergebnis best\u00e4tigt: Die CDU l\u00f6st die Gr\u00fcnen als st\u00e4rkste Partei mit 23,5 Prozent ab.\u00a0","og_url":"http:\/\/stuggitv.com\/?p=99407","og_site_name":"STUGGI.TV","article_publisher":"https:\/\/www.facebook.com\/stuggitv","article_published_time":"2024-06-11T16:07:13+00:00","article_modified_time":"2024-06-14T09:28:50+00:00","og_image":[{"width":1500,"height":1000,"url":"http:\/\/stuggitv.com\/wp-content\/uploads\/240511_News_Kommunalwahl-Endergebnis-bb.jpg","type":"image\/jpeg"}],"author":"Kim Hellmann","twitter_card":"summary_large_image","twitter_title":"Endergebnis der Kommunalwahl Stuttgart: CDU schl\u00e4gt Gr\u00fcne","twitter_description":"Am Dienstagmittag gab das Statistische Amt das Ergebnis der Gemeinderatswahl im Stuttgarter Rathaus bekannt. Die vorl\u00e4ufigen Prognosen haben sich mit dem Endergebnis best\u00e4tigt: Die CDU l\u00f6st die Gr\u00fcnen als st\u00e4rkste Partei mit 23,5 Prozent ab.\u00a0","twitter_image":"http:\/\/stuggitv.com\/wp-content\/uploads\/240511_News_Kommunalwahl-Endergebnis-bb.jpg","twitter_creator":"@stuggitv","twitter_site":"@stuggitv","twitter_misc":{"Verfasst von":"Kim Hellmann","Gesch\u00e4tzte Lesezeit":"1\u00a0Minute"},"schema":{"@context":"https:\/\/schema.org","@graph":[{"@type":"Article","@id":"http:\/\/stuggitv.com\/?p=99407#article","isPartOf":{"@id":"http:\/\/stuggitv.com\/?p=99407"},"author":{"name":"Kim Hellmann","@id":"http:\/\/stuggitv.com\/#\/schema\/person\/af684f017494a498b036f36345556a30"},"headline":"Endergebnis der Kommunalwahl in Stuttgart: CDU knapp vor den Gr\u00fcnen","datePublished":"2024-06-11T16:07:13+00:00","dateModified":"2024-06-14T09:28:50+00:00","mainEntityOfPage":{"@id":"http:\/\/stuggitv.com\/?p=99407"},"wordCount":299,"publisher":{"@id":"http:\/\/stuggitv.com\/#organization"},"image":{"@id":"http:\/\/stuggitv.com\/?p=99407#primaryimage"},"thumbnailUrl":"http:\/\/stuggitv.com\/wp-content\/uploads\/240511_News_Kommunalwahl-Endergebnis-bb.jpg","keywords":["AfD Stuttgart","Alexander Kotz","Bj\u00f6rn Peterhoff","B\u00fcndnis 90\/Die Gr\u00fcnen","CDU Stuttgart","Die Linke","Ergebnis Kommunalwahl","FDP","Gemeinderat Sitze","Gr\u00fcne Stuttgart","Kommunalwahl","Kommunalwahl Stuttgart","Petra R\u00fchle","Sieger Kommunalwahl","Sitzverteilung","S\u00d6S","SPD","Stuttgart","Stuttgarter Rathaus","Volt Gemeinderat","W\u00e4hlen","Wahlen Ergebnis"],"articleSection":["Stuttgart heute"],"inLanguage":"de"},{"@type":"WebPage","@id":"http:\/\/stuggitv.com\/?p=99407","url":"http:\/\/stuggitv.com\/?p=99407","name":"Endergebnis der Kommunalwahl in Stuttgart: CDU knapp vor den Gr\u00fcnen - STUGGI.TV","isPartOf":{"@id":"http:\/\/stuggitv.com\/#website"},"primaryImageOfPage":{"@id":"http:\/\/stuggitv.com\/?p=99407#primaryimage"},"image":{"@id":"http:\/\/stuggitv.com\/?p=99407#primaryimage"},"thumbnailUrl":"http:\/\/stuggitv.com\/wp-content\/uploads\/240511_News_Kommunalwahl-Endergebnis-bb.jpg","datePublished":"2024-06-11T16:07:13+00:00","dateModified":"2024-06-14T09:28:50+00:00","breadcrumb":{"@id":"http:\/\/stuggitv.com\/?p=99407#breadcrumb"},"inLanguage":"de","potentialAction":[{"@type":"ReadAction","target":["http:\/\/stuggitv.com\/?p=99407"]}]},{"@type":"ImageObject","inLanguage":"de","@id":"http:\/\/stuggitv.com\/?p=99407#primaryimage","url":"http:\/\/stuggitv.com\/wp-content\/uploads\/240511_News_Kommunalwahl-Endergebnis-bb.jpg","contentUrl":"http:\/\/stuggitv.com\/wp-content\/uploads\/240511_News_Kommunalwahl-Endergebnis-bb.jpg","width":1500,"height":1000,"caption":"Endergebnis der Kommunalwahl Stuttgart: CDU schl\u00e4gt Gr\u00fcne (Foto: STUGGI.TV)"},{"@type":"BreadcrumbList","@id":"http:\/\/stuggitv.com\/?p=99407#breadcrumb","itemListElement":[{"@type":"ListItem","position":1,"name":"STUGGI.TV","item":"http:\/\/stuggitv.com\/"},{"@type":"ListItem","position":2,"name":"Endergebnis der Kommunalwahl in Stuttgart: CDU knapp vor den Gr\u00fcnen"}]},{"@type":"WebSite","@id":"http:\/\/stuggitv.com\/#website","url":"http:\/\/stuggitv.com\/","name":"STUGGI.TV","description":"Der Onlinesender f\u00fcr Stuttgart","publisher":{"@id":"http:\/\/stuggitv.com\/#organization"},"potentialAction":[{"@type":"SearchAction","target":{"@type":"EntryPoint","urlTemplate":"http:\/\/stuggitv.com\/?s={search_term_string}"},"query-input":{"@type":"PropertyValueSpecification","valueRequired":true,"valueName":"search_term_string"}}],"inLanguage":"de"},{"@type":"Organization","@id":"http:\/\/stuggitv.com\/#organization","name":"STUGGI.TV","url":"http:\/\/stuggitv.com\/","logo":{"@type":"ImageObject","inLanguage":"de","@id":"http:\/\/stuggitv.com\/#\/schema\/logo\/image\/","url":"http:\/\/stuggitv.com\/wp-content\/uploads\/stuggitv_logo_rgb.jpg","contentUrl":"http:\/\/stuggitv.com\/wp-content\/uploads\/stuggitv_logo_rgb.jpg","width":320,"height":78,"caption":"STUGGI.TV"},"image":{"@id":"http:\/\/stuggitv.com\/#\/schema\/logo\/image\/"},"sameAs":["https:\/\/www.facebook.com\/stuggitv","https:\/\/x.com\/stuggitv"]},{"@type":"Person","@id":"http:\/\/stuggitv.com\/#\/schema\/person\/af684f017494a498b036f36345556a30","name":"Kim Hellmann","image":{"@type":"ImageObject","inLanguage":"de","@id":"http:\/\/stuggitv.com\/#\/schema\/person\/image\/","url":"https:\/\/secure.gravatar.com\/avatar\/cd74e1f7be4aca2a0858573189b22929801548018f8af840488730f5cda5ebd9?s=96&d=mm&r=g","contentUrl":"https:\/\/secure.gravatar.com\/avatar\/cd74e1f7be4aca2a0858573189b22929801548018f8af840488730f5cda5ebd9?s=96&d=mm&r=g","caption":"Kim Hellmann"},"description":"...weil Stuttgart den perfekten Mix aus Gro\u00dfstadt und die N\u00e4he zur Natur darstellt.","url":"http:\/\/stuggitv.com\/?author=28617"}]}},"_links":{"self":[{"href":"http:\/\/stuggitv.com\/index.php?rest_route=\/wp\/v2\/posts\/99407","targetHints":{"allow":["GET"]}}],"collection":[{"href":"http:\/\/stuggitv.com\/index.php?rest_route=\/wp\/v2\/posts"}],"about":[{"href":"http:\/\/stuggitv.com\/index.php?rest_route=\/wp\/v2\/types\/post"}],"author":[{"embeddable":true,"href":"http:\/\/stuggitv.com\/index.php?rest_route=\/wp\/v2\/users\/28617"}],"replies":[{"embeddable":true,"href":"http:\/\/stuggitv.com\/index.php?rest_route=%2Fwp%2Fv2%2Fcomments&post=99407"}],"version-history":[{"count":20,"href":"http:\/\/stuggitv.com\/index.php?rest_route=\/wp\/v2\/posts\/99407\/revisions"}],"predecessor-version":[{"id":99505,"href":"http:\/\/stuggitv.com\/index.php?rest_route=\/wp\/v2\/posts\/99407\/revisions\/99505"}],"wp:featuredmedia":[{"embeddable":true,"href":"http:\/\/stuggitv.com\/index.php?rest_route=\/wp\/v2\/media\/99409"}],"wp:attachment":[{"href":"http:\/\/stuggitv.com\/index.php?rest_route=%2Fwp%2Fv2%2Fmedia&parent=99407"}],"wp:term":[{"taxonomy":"category","embeddable":true,"href":"http:\/\/stuggitv.com\/index.php?rest_route=%2Fwp%2Fv2%2Fcategories&post=99407"},{"taxonomy":"post_tag","embeddable":true,"href":"http:\/\/stuggitv.com\/index.php?rest_route=%2Fwp%2Fv2%2Ftags&post=99407"}],"curies":[{"name":"wp","href":"https:\/\/api.w.org\/{rel}","templated":true}]}}